{"id":82367,"date":"2000-01-01T00:00:00","date_gmt":"2000-01-01T00:00:00","guid":{"rendered":"https:\/\/www.deberes.net\/tesis\/sin-categoria\/la-informacion-en-las-emisoras-de-radio-locales\/"},"modified":"2000-01-01T00:00:00","modified_gmt":"2000-01-01T00:00:00","slug":"la-informacion-en-las-emisoras-de-radio-locales","status":"publish","type":"post","link":"https:\/\/www.deberes.net\/tesis\/sociologia\/la-informacion-en-las-emisoras-de-radio-locales\/","title":{"rendered":"La informacion en las emisoras de radio locales."},"content":{"rendered":"<h2>Tesis doctoral de <strong> M. Luisa Otero Lopez <\/strong><\/h2>\n<p>\u00abla informaci\u00f3n en las emisoras de radio locales\u00bb engloba el estudio de los contenidos program\u00e1ticos seg\u00fan el \u00e1mbito territorial; por lo tanto, la programaci\u00f3n corresponde a la producci\u00f3n propia dirigida al entorno local y gallego, abarcando todo el sistema radiof\u00f3nico de la comunidad aut\u00f3noma de galicia, a excepci\u00f3n de las emisoras independientes y la \u00fanica especializada educativa. de esta forma, la atenci\u00f3n se fij\u00f3 en la programaci\u00f3n de las distintas estaciones radiof\u00f3nicas, tanto de las grandes cadenas privadas y p\u00fablicas de \u00e1mbito espa\u00f1ol, como la radio auton\u00f3mica y las radios municipales y la \u00fanica privada local. El objetivo era definir el perfil progrm\u00e1tico de la radiodifusi\u00f3n gallega, comprobando similitudes y diferencias en el mensaje sonoro que se difund\u00eda a trav\u00e9s de las frecuencias existentes en galicia.  al mismo tiempo que se establecen las l\u00edneas program\u00e1ticas y los formatos utilizados por las distintas emisoras, la investigaci\u00f3n recoge un an\u00e1lisis de los contenidos informativos de algunas de las radios con la finalidad de conocer sobre que g\u00e9neros, asuntos, protagonistas e instituciones giran las noticias del \u00e1mbito local y en que idioma se emiten.<\/p>\n<p>&nbsp;<\/p>\n<h3>Datos acad\u00e9micos de la tesis doctoral \u00ab<strong>La informacion en las emisoras de radio locales.<\/strong>\u00ab<\/h3>\n<ul>\n<li><strong>T\u00edtulo de la tesis:<\/strong>\u00a0 La informacion en las emisoras de radio locales. <\/li>\n<li><strong>Autor:<\/strong>\u00a0 M. Luisa Otero Lopez <\/li>\n<li><strong>Universidad:<\/strong>\u00a0 Complutense de Madrid<\/li>\n<li><strong>Fecha de lectura de la tesis:<\/strong>\u00a0 01\/01\/2000<\/li>\n<\/ul>\n<p>&nbsp;<\/p>\n<h3>Direcci\u00f3n y tribunal<\/h3>\n<ul>\n<li><strong>Director de la tesis<\/strong>\n<ul>\n<li>Mar\u00eda no Cebrian Herreros<\/li>\n<\/ul>\n<\/li>\n<li><strong>Tribunal<\/strong>\n<ul>\n<li>Presidente del tribunal:  Fernandez del moral alfonso javier <\/li>\n<li>Manuel Chaparro escuredo (vocal)<\/li>\n<li>Jos\u00e9 Soengas p\u00e9rez (vocal)<\/li>\n<li>Jos\u00e9 Manuel Gomez y mendez (vocal)<\/li>\n<\/ul>\n<\/li>\n<\/ul>\n<p>&nbsp;<\/p>\n","protected":false},"excerpt":{"rendered":"<p>Tesis doctoral de M. Luisa Otero Lopez \u00abla informaci\u00f3n en las emisoras de radio locales\u00bb engloba el estudio de los [&hellip;]<\/p>\n","protected":false},"author":1,"featured_media":0,"comment_status":"open","ping_status":"open","sticky":false,"template":"","format":"standard","meta":{"site-sidebar-layout":"default","site-content-layout":"","ast-site-content-layout":"","site-content-style":"default","site-sidebar-style":"default","ast-global-header-display":"","ast-banner-title-visibility":"","ast-main-header-display":"","ast-hfb-above-header-display":"","ast-hfb-below-header-display":"","ast-hfb-mobile-header-display":"","site-post-title":"","ast-breadcrumbs-content":"","ast-featured-img":"","footer-sml-layout":"","theme-transparent-header-meta":"","adv-header-id-meta":"","stick-header-meta":"","header-above-stick-meta":"","header-main-stick-meta":"","header-below-stick-meta":"","astra-migrate-meta-layouts":"default","ast-page-background-enabled":"default","ast-page-background-meta":{"desktop":{"background-color":"var(--ast-global-color-4)","background-image":"","background-repeat":"repeat","background-position":"center center","background-size":"auto","background-attachment":"scroll","background-type":"","background-media":"","overlay-type":"","overlay-color":"","overlay-gradient":""},"tablet":{"background-color":"","background-image":"","background-repeat":"repeat","background-position":"center center","background-size":"auto","background-attachment":"scroll","background-type":"","background-media":"","overlay-type":"","overlay-color":"","overlay-gradient":""},"mobile":{"background-color":"","background-image":"","background-repeat":"repeat","background-position":"center center","background-size":"auto","background-attachment":"scroll","background-type":"","background-media":"","overlay-type":"","overlay-color":"","overlay-gradient":""}},"ast-content-background-meta":{"desktop":{"background-color":"var(--ast-global-color-5)","background-image":"","background-repeat":"repeat","background-position":"center center","background-size":"auto","background-attachment":"scroll","background-type":"","background-media":"","overlay-type":"","overlay-color":"","overlay-gradient":""},"tablet":{"background-color":"var(--ast-global-color-5)","background-image":"","background-repeat":"repeat","background-position":"center center","background-size":"auto","background-attachment":"scroll","background-type":"","background-media":"","overlay-type":"","overlay-color":"","overlay-gradient":""},"mobile":{"background-color":"var(--ast-global-color-5)","background-image":"","background-repeat":"repeat","background-position":"center center","background-size":"auto","background-attachment":"scroll","background-type":"","background-media":"","overlay-type":"","overlay-color":"","overlay-gradient":""}},"footnotes":""},"categories":[838,24102,5051,4840,269,13715,1496],"tags":[5054,5232,29381,175227,79521,4909],"class_list":["post-82367","post","type-post","status-publish","format-standard","hentry","category-ciencia-politica","category-informacion","category-medios-de-comunicacion-de-masas","category-opinion-publica","category-sociologia","category-sociologia-de-los-medios-de-comunicacion-de-masas","category-sociologia-del-trabajo","tag-fernandez-del-moral-alfonso-javier","tag-jose-manuel-gomez-y-mendez","tag-jose-soengas-perez","tag-m-luisa-otero-lopez","tag-manuel-chaparro-escuredo","tag-maria-no-cebrian-herreros"],"_links":{"self":[{"href":"https:\/\/www.deberes.net\/tesis\/wp-json\/wp\/v2\/posts\/82367","targetHints":{"allow":["GET"]}}],"collection":[{"href":"https:\/\/www.deberes.net\/tesis\/wp-json\/wp\/v2\/posts"}],"about":[{"href":"https:\/\/www.deberes.net\/tesis\/wp-json\/wp\/v2\/types\/post"}],"author":[{"embeddable":true,"href":"https:\/\/www.deberes.net\/tesis\/wp-json\/wp\/v2\/users\/1"}],"replies":[{"embeddable":true,"href":"https:\/\/www.deberes.net\/tesis\/wp-json\/wp\/v2\/comments?post=82367"}],"version-history":[{"count":0,"href":"https:\/\/www.deberes.net\/tesis\/wp-json\/wp\/v2\/posts\/82367\/revisions"}],"wp:attachment":[{"href":"https:\/\/www.deberes.net\/tesis\/wp-json\/wp\/v2\/media?parent=82367"}],"wp:term":[{"taxonomy":"category","embeddable":true,"href":"https:\/\/www.deberes.net\/tesis\/wp-json\/wp\/v2\/categories?post=82367"},{"taxonomy":"post_tag","embeddable":true,"href":"https:\/\/www.deberes.net\/tesis\/wp-json\/wp\/v2\/tags?post=82367"}],"curies":[{"name":"wp","href":"https:\/\/api.w.org\/{rel}","templated":true}]}}