{"id":82372,"date":"2000-01-01T00:00:00","date_gmt":"2000-01-01T00:00:00","guid":{"rendered":"https:\/\/www.deberes.net\/tesis\/sin-categoria\/el-discurso-politico-de-manuel-fraga\/"},"modified":"2000-01-01T00:00:00","modified_gmt":"2000-01-01T00:00:00","slug":"el-discurso-politico-de-manuel-fraga","status":"publish","type":"post","link":"https:\/\/www.deberes.net\/tesis\/historia\/el-discurso-politico-de-manuel-fraga\/","title":{"rendered":"El discurso politico de manuel fraga."},"content":{"rendered":"<h2>Tesis doctoral de <strong> Jose Ruas Araujo <\/strong><\/h2>\n<p>Esta tesis anl\u00edtico-descriptiva investiga el discurso pol\u00edtico de manuel frafa iribarne y parte de los diarios de sesiones del congreso y el parlamento gallego, utilizando la variable tiempo a trav\u00e9s de referencias cronol\u00f3gicas y descriptores o items como unidades anl\u00edticas b\u00e1sicas. El universo de estudio abarca desde las primeras intervenciones de fraga hasta el a\u00f1o 1994. La tesis indaga en el pensamiento pol\u00edtico de fraga a trav\u00e9s de las relaciones extralinguisticas derivadas de la interconexi\u00f3n entre la ideolog\u00eda del discurso pol\u00edtico y la realidad, superando el an\u00e1lisis meramente sint\u00e1ctico y considerando el discurso como un todo que facilita el proceso hermen\u00e9utico-deductivo de la reinterpretaci\u00f3n.  sin embargo, cabe destacar que no se trata de una tesis puramente interpretatica o explicativa, sino que es descriptiva de una serie de secuencias ordenadas del discurso pol\u00edtico de fraga y, como tal, queda abierta tanto metodol\u00f3gica como anal\u00edticamente a investigaciones y deducciones varias.  cada uno de los ocho cap\u00edtulos de la tesis distingue entre dos etapas.  la primera comprende desde el franquismo, pasando por la transici\u00f3n hasta llegar a la democracia, y la segunda comienza una vez que fraga asume la presidencia de la xunta de galicia, para terminar con una selecci\u00f3n de descriptores escogidos seg\u00fan el criterio de incidencia cualitativa y cuantitativa.<\/p>\n<p>&nbsp;<\/p>\n<h3>Datos acad\u00e9micos de la tesis doctoral \u00ab<strong>El discurso politico de manuel fraga.<\/strong>\u00ab<\/h3>\n<ul>\n<li><strong>T\u00edtulo de la tesis:<\/strong>\u00a0 El discurso politico de manuel fraga. <\/li>\n<li><strong>Autor:<\/strong>\u00a0 Jose Ruas Araujo <\/li>\n<li><strong>Universidad:<\/strong>\u00a0 Complutense de Madrid<\/li>\n<li><strong>Fecha de lectura de la tesis:<\/strong>\u00a0 01\/01\/2000<\/li>\n<\/ul>\n<p>&nbsp;<\/p>\n<h3>Direcci\u00f3n y tribunal<\/h3>\n<ul>\n<li><strong>Director de la tesis<\/strong>\n<ul>\n<li>Fermin Bouza Alvarez<\/li>\n<\/ul>\n<\/li>\n<li><strong>Tribunal<\/strong>\n<ul>\n<li>Presidente del tribunal:  Castillo castillo Jos\u00e9 Luis <\/li>\n<li>Jos\u00e9 Lopez garcia (vocal)<\/li>\n<li>octavio U\u00f1a juarez (vocal)<\/li>\n<li>Luis Alvarez pousa (vocal)<\/li>\n<\/ul>\n<\/li>\n<\/ul>\n<p>&nbsp;<\/p>\n","protected":false},"excerpt":{"rendered":"<p>Tesis doctoral de Jose Ruas Araujo Esta tesis anl\u00edtico-descriptiva investiga el discurso pol\u00edtico de manuel frafa iribarne y parte de [&hellip;]<\/p>\n","protected":false},"author":1,"featured_media":0,"comment_status":"open","ping_status":"open","sticky":false,"template":"","format":"standard","meta":{"site-sidebar-layout":"default","site-content-layout":"","ast-site-content-layout":"","site-content-style":"default","site-sidebar-style":"default","ast-global-header-display":"","ast-banner-title-visibility":"","ast-main-header-display":"","ast-hfb-above-header-display":"","ast-hfb-below-header-display":"","ast-hfb-mobile-header-display":"","site-post-title":"","ast-breadcrumbs-content":"","ast-featured-img":"","footer-sml-layout":"","theme-transparent-header-meta":"","adv-header-id-meta":"","stick-header-meta":"","header-above-stick-meta":"","header-main-stick-meta":"","header-below-stick-meta":"","astra-migrate-meta-layouts":"default","ast-page-background-enabled":"default","ast-page-background-meta":{"desktop":{"background-color":"var(--ast-global-color-4)","background-image":"","background-repeat":"repeat","background-position":"center center","background-size":"auto","background-attachment":"scroll","background-type":"","background-media":"","overlay-type":"","overlay-color":"","overlay-gradient":""},"tablet":{"background-color":"","background-image":"","background-repeat":"repeat","background-position":"center center","background-size":"auto","background-attachment":"scroll","background-type":"","background-media":"","overlay-type":"","overlay-color":"","overlay-gradient":""},"mobile":{"background-color":"","background-image":"","background-repeat":"repeat","background-position":"center center","background-size":"auto","background-attachment":"scroll","background-type":"","background-media":"","overlay-type":"","overlay-color":"","overlay-gradient":""}},"ast-content-background-meta":{"desktop":{"background-color":"var(--ast-global-color-5)","background-image":"","background-repeat":"repeat","background-position":"center center","background-size":"auto","background-attachment":"scroll","background-type":"","background-media":"","overlay-type":"","overlay-color":"","overlay-gradient":""},"tablet":{"background-color":"var(--ast-global-color-5)","background-image":"","background-repeat":"repeat","background-position":"center center","background-size":"auto","background-attachment":"scroll","background-type":"","background-media":"","overlay-type":"","overlay-color":"","overlay-gradient":""},"mobile":{"background-color":"var(--ast-global-color-5)","background-image":"","background-repeat":"repeat","background-position":"center center","background-size":"auto","background-attachment":"scroll","background-type":"","background-media":"","overlay-type":"","overlay-color":"","overlay-gradient":""}},"footnotes":""},"categories":[838,104,3538,222,18503],"tags":[92852,6058,54037,175230,65331,6558],"class_list":["post-82372","post","type-post","status-publish","format-standard","hentry","category-ciencia-politica","category-historia","category-historia-de-las-ideas-politicas","category-historias-especializadas","category-ideologias-politicas","tag-castillo-castillo-jose-luis","tag-fermin-bouza-alvarez","tag-jose-lopez-garcia","tag-jose-ruas-araujo","tag-luis-alvarez-pousa","tag-octavio-una-juarez"],"_links":{"self":[{"href":"https:\/\/www.deberes.net\/tesis\/wp-json\/wp\/v2\/posts\/82372","targetHints":{"allow":["GET"]}}],"collection":[{"href":"https:\/\/www.deberes.net\/tesis\/wp-json\/wp\/v2\/posts"}],"about":[{"href":"https:\/\/www.deberes.net\/tesis\/wp-json\/wp\/v2\/types\/post"}],"author":[{"embeddable":true,"href":"https:\/\/www.deberes.net\/tesis\/wp-json\/wp\/v2\/users\/1"}],"replies":[{"embeddable":true,"href":"https:\/\/www.deberes.net\/tesis\/wp-json\/wp\/v2\/comments?post=82372"}],"version-history":[{"count":0,"href":"https:\/\/www.deberes.net\/tesis\/wp-json\/wp\/v2\/posts\/82372\/revisions"}],"wp:attachment":[{"href":"https:\/\/www.deberes.net\/tesis\/wp-json\/wp\/v2\/media?parent=82372"}],"wp:term":[{"taxonomy":"category","embeddable":true,"href":"https:\/\/www.deberes.net\/tesis\/wp-json\/wp\/v2\/categories?post=82372"},{"taxonomy":"post_tag","embeddable":true,"href":"https:\/\/www.deberes.net\/tesis\/wp-json\/wp\/v2\/tags?post=82372"}],"curies":[{"name":"wp","href":"https:\/\/api.w.org\/{rel}","templated":true}]}}