{"id":82376,"date":"2000-01-01T00:00:00","date_gmt":"2000-01-01T00:00:00","guid":{"rendered":"https:\/\/www.deberes.net\/tesis\/sin-categoria\/el-sector-audiovisual-en-extremadura-por-un-modelo-de-television-regional\/"},"modified":"2000-01-01T00:00:00","modified_gmt":"2000-01-01T00:00:00","slug":"el-sector-audiovisual-en-extremadura-por-un-modelo-de-television-regional","status":"publish","type":"post","link":"https:\/\/www.deberes.net\/tesis\/sociologia\/el-sector-audiovisual-en-extremadura-por-un-modelo-de-television-regional\/","title":{"rendered":"El sector audiovisual en extremadura: por un modelo de television regional."},"content":{"rendered":"<h2>Tesis doctoral de <strong> Francisco Vacas Aguilar <\/strong><\/h2>\n<p>Analisis de las industrias de la comunicaci\u00f3n en extremadura con objeto de obtener bases metodol\u00f3gicas y formular un modelo de televisi\u00f3n regional para regiones en desarrollo como la extreme\u00f1a. Este modelo te\u00f3rico escapa al cl\u00e1sico establecido por las televisiones auton\u00f3micas espa\u00f1olas en la d\u00e9cada de los 80 y trata de integrar las nuevas potencialidades de la televisi\u00f3n digital, la red internet y la transmisi\u00f3n por sat\u00e9lite y cable.  en esta nueva etapa las regiones en desarrollo pueden hacer uso del binomio cultura\/industria a trav\u00e9s de las industrias culturales, convertidas en sector clave del desarrollo, una vez demostrada la eficacia limitada de las industrias cl\u00e1sicas en este tipo de regiones.<\/p>\n<p>&nbsp;<\/p>\n<h3>Datos acad\u00e9micos de la tesis doctoral \u00ab<strong>El sector audiovisual en extremadura: por un modelo de television regional.<\/strong>\u00ab<\/h3>\n<ul>\n<li><strong>T\u00edtulo de la tesis:<\/strong>\u00a0 El sector audiovisual en extremadura: por un modelo de television regional. <\/li>\n<li><strong>Autor:<\/strong>\u00a0 Francisco Vacas Aguilar <\/li>\n<li><strong>Universidad:<\/strong>\u00a0 Complutense de Madrid<\/li>\n<li><strong>Fecha de lectura de la tesis:<\/strong>\u00a0 01\/01\/2000<\/li>\n<\/ul>\n<p>&nbsp;<\/p>\n<h3>Direcci\u00f3n y tribunal<\/h3>\n<ul>\n<li><strong>Director de la tesis<\/strong>\n<ul>\n<li>Enrique Bustamante Ramirez<\/li>\n<\/ul>\n<\/li>\n<li><strong>Tribunal<\/strong>\n<ul>\n<li>Presidente del tribunal: Juan Benavides delgado <\/li>\n<li>Carlos Castro (vocal)<\/li>\n<li>Miguel De aguilera moyano (vocal)<\/li>\n<li>pablo del Rio pereda (vocal)<\/li>\n<\/ul>\n<\/li>\n<\/ul>\n<p>&nbsp;<\/p>\n","protected":false},"excerpt":{"rendered":"<p>Tesis doctoral de Francisco Vacas Aguilar Analisis de las industrias de la comunicaci\u00f3n en extremadura con objeto de obtener bases [&hellip;]<\/p>\n","protected":false},"author":1,"featured_media":0,"comment_status":"open","ping_status":"open","sticky":false,"template":"","format":"standard","meta":{"site-sidebar-layout":"default","site-content-layout":"","ast-site-content-layout":"","site-content-style":"default","site-sidebar-style":"default","ast-global-header-display":"","ast-banner-title-visibility":"","ast-main-header-display":"","ast-hfb-above-header-display":"","ast-hfb-below-header-display":"","ast-hfb-mobile-header-display":"","site-post-title":"","ast-breadcrumbs-content":"","ast-featured-img":"","footer-sml-layout":"","theme-transparent-header-meta":"","adv-header-id-meta":"","stick-header-meta":"","header-above-stick-meta":"","header-main-stick-meta":"","header-below-stick-meta":"","astra-migrate-meta-layouts":"default","ast-page-background-enabled":"default","ast-page-background-meta":{"desktop":{"background-color":"var(--ast-global-color-4)","background-image":"","background-repeat":"repeat","background-position":"center center","background-size":"auto","background-attachment":"scroll","background-type":"","background-media":"","overlay-type":"","overlay-color":"","overlay-gradient":""},"tablet":{"background-color":"","background-image":"","background-repeat":"repeat","background-position":"center center","background-size":"auto","background-attachment":"scroll","background-type":"","background-media":"","overlay-type":"","overlay-color":"","overlay-gradient":""},"mobile":{"background-color":"","background-image":"","background-repeat":"repeat","background-position":"center center","background-size":"auto","background-attachment":"scroll","background-type":"","background-media":"","overlay-type":"","overlay-color":"","overlay-gradient":""}},"ast-content-background-meta":{"desktop":{"background-color":"var(--ast-global-color-5)","background-image":"","background-repeat":"repeat","background-position":"center center","background-size":"auto","background-attachment":"scroll","background-type":"","background-media":"","overlay-type":"","overlay-color":"","overlay-gradient":""},"tablet":{"background-color":"var(--ast-global-color-5)","background-image":"","background-repeat":"repeat","background-position":"center center","background-size":"auto","background-attachment":"scroll","background-type":"","background-media":"","overlay-type":"","overlay-color":"","overlay-gradient":""},"mobile":{"background-color":"var(--ast-global-color-5)","background-image":"","background-repeat":"repeat","background-position":"center center","background-size":"auto","background-attachment":"scroll","background-type":"","background-media":"","overlay-type":"","overlay-color":"","overlay-gradient":""}},"footnotes":""},"categories":[838,4735,5051,4840,269],"tags":[42950,5801,175233,5803,5319,4924],"class_list":["post-82376","post","type-post","status-publish","format-standard","hentry","category-ciencia-politica","category-comunicaciones-sociales","category-medios-de-comunicacion-de-masas","category-opinion-publica","category-sociologia","tag-carlos-castro","tag-enrique-bustamante-ramirez","tag-francisco-vacas-aguilar","tag-juan-benavides-delgado","tag-miguel-de-aguilera-moyano","tag-pablo-del-rio-pereda"],"_links":{"self":[{"href":"https:\/\/www.deberes.net\/tesis\/wp-json\/wp\/v2\/posts\/82376","targetHints":{"allow":["GET"]}}],"collection":[{"href":"https:\/\/www.deberes.net\/tesis\/wp-json\/wp\/v2\/posts"}],"about":[{"href":"https:\/\/www.deberes.net\/tesis\/wp-json\/wp\/v2\/types\/post"}],"author":[{"embeddable":true,"href":"https:\/\/www.deberes.net\/tesis\/wp-json\/wp\/v2\/users\/1"}],"replies":[{"embeddable":true,"href":"https:\/\/www.deberes.net\/tesis\/wp-json\/wp\/v2\/comments?post=82376"}],"version-history":[{"count":0,"href":"https:\/\/www.deberes.net\/tesis\/wp-json\/wp\/v2\/posts\/82376\/revisions"}],"wp:attachment":[{"href":"https:\/\/www.deberes.net\/tesis\/wp-json\/wp\/v2\/media?parent=82376"}],"wp:term":[{"taxonomy":"category","embeddable":true,"href":"https:\/\/www.deberes.net\/tesis\/wp-json\/wp\/v2\/categories?post=82376"},{"taxonomy":"post_tag","embeddable":true,"href":"https:\/\/www.deberes.net\/tesis\/wp-json\/wp\/v2\/tags?post=82376"}],"curies":[{"name":"wp","href":"https:\/\/api.w.org\/{rel}","templated":true}]}}