{"id":82390,"date":"2000-01-01T00:00:00","date_gmt":"2000-01-01T00:00:00","guid":{"rendered":"https:\/\/www.deberes.net\/tesis\/sin-categoria\/intervencion-metacognitiva-sobre-comprension-lectora-de-personas-con-retraso-mental\/"},"modified":"2000-01-01T00:00:00","modified_gmt":"2000-01-01T00:00:00","slug":"intervencion-metacognitiva-sobre-comprension-lectora-de-personas-con-retraso-mental","status":"publish","type":"post","link":"https:\/\/www.deberes.net\/tesis\/psicologia\/intervencion-metacognitiva-sobre-comprension-lectora-de-personas-con-retraso-mental\/","title":{"rendered":"Intervencion metacognitiva sobre comprension lectora de personas con retraso mental."},"content":{"rendered":"<h2>Tesis doctoral de <strong> Carmen Carpio De Los Pinos <\/strong><\/h2>\n<p>Si las personas con retraso mental pudieran regular, de alg\u00fan modo, sus procesos mentales, se podr\u00edan beneficiar de una intervenci\u00f3n metacognitiva sobre uno de ellos, por ejemplo el implicado en la comprensi\u00f3n de una lectura.  esta intervenci\u00f3n se basa en el modelo de, la metacognici\u00f3n de mayor y otros (1993) as\u00ed como en experiencias exitosas como las de feurstein (1980), paris (1984), repetto (1988), gonz\u00e1lez fern\u00e1ndez (1991) y gonz\u00e1lez lvarez (1992), entre otros.  consta de 10 lecciones aplicadas en intervenci\u00f3n espec\u00edfica y con programas de generalizaci\u00f3n en clase y en el hogar. Se compara con el m\u00e9todo tradicional de ense\u00f1anza de comprensi\u00f3n lectora, se trabaja con 48 sujetos con retraso mental y se comprueba que la intervenci\u00f3n metacognitiva resulta m\u00e1s beneficiosa que la tradicional en seis meses de trabajo de intervenci\u00f3n. el material ic\u00f3nico-verbal empleado se estima como facilitador y motivador y los programas de generalizaci\u00f3n muy adecuados.  es ventajoso un sistema integrado de evaluaci\u00f3n e intervenci\u00f3n de car\u00e1cter metacognitivo para personas con retraso metal, y es aplicable en grupos de aula y en el mismo tiempo que le ocupa al sistema tradicional de ense\u00f1anza de comprensi\u00f3n lectora.<\/p>\n<p>&nbsp;<\/p>\n<h3>Datos acad\u00e9micos de la tesis doctoral \u00ab<strong>Intervencion metacognitiva sobre comprension lectora de personas con retraso mental.<\/strong>\u00ab<\/h3>\n<ul>\n<li><strong>T\u00edtulo de la tesis:<\/strong>\u00a0 Intervencion metacognitiva sobre comprension lectora de personas con retraso mental. <\/li>\n<li><strong>Autor:<\/strong>\u00a0 Carmen Carpio De Los Pinos <\/li>\n<li><strong>Universidad:<\/strong>\u00a0 Complutense de Madrid<\/li>\n<li><strong>Fecha de lectura de la tesis:<\/strong>\u00a0 01\/01\/2000<\/li>\n<\/ul>\n<p>&nbsp;<\/p>\n<h3>Direcci\u00f3n y tribunal<\/h3>\n<ul>\n<li><strong>Director de la tesis<\/strong>\n<ul>\n<li>Juan Mayor Sanchez<\/li>\n<\/ul>\n<\/li>\n<li><strong>Tribunal<\/strong>\n<ul>\n<li>Presidente del tribunal: javier Gonzalez marquez <\/li>\n<li>Santiago Torres monreal (vocal)<\/li>\n<li>Antonio Gonzalez fernandez (vocal)<\/li>\n<li>gonzalo Sampascual maicas (vocal)<\/li>\n<\/ul>\n<\/li>\n<\/ul>\n<p>&nbsp;<\/p>\n","protected":false},"excerpt":{"rendered":"<p>Tesis doctoral de Carmen Carpio De Los Pinos Si las personas con retraso mental pudieran regular, de alg\u00fan modo, sus [&hellip;]<\/p>\n","protected":false},"author":1,"featured_media":0,"comment_status":"open","ping_status":"open","sticky":false,"template":"","format":"standard","meta":{"site-sidebar-layout":"default","site-content-layout":"","ast-site-content-layout":"","site-content-style":"default","site-sidebar-style":"default","ast-global-header-display":"","ast-banner-title-visibility":"","ast-main-header-display":"","ast-hfb-above-header-display":"","ast-hfb-below-header-display":"","ast-hfb-mobile-header-display":"","site-post-title":"","ast-breadcrumbs-content":"","ast-featured-img":"","footer-sml-layout":"","theme-transparent-header-meta":"","adv-header-id-meta":"","stick-header-meta":"","header-above-stick-meta":"","header-main-stick-meta":"","header-below-stick-meta":"","astra-migrate-meta-layouts":"default","ast-page-background-enabled":"default","ast-page-background-meta":{"desktop":{"background-color":"var(--ast-global-color-4)","background-image":"","background-repeat":"repeat","background-position":"center center","background-size":"auto","background-attachment":"scroll","background-type":"","background-media":"","overlay-type":"","overlay-color":"","overlay-gradient":""},"tablet":{"background-color":"","background-image":"","background-repeat":"repeat","background-position":"center center","background-size":"auto","background-attachment":"scroll","background-type":"","background-media":"","overlay-type":"","overlay-color":"","overlay-gradient":""},"mobile":{"background-color":"","background-image":"","background-repeat":"repeat","background-position":"center center","background-size":"auto","background-attachment":"scroll","background-type":"","background-media":"","overlay-type":"","overlay-color":"","overlay-gradient":""}},"ast-content-background-meta":{"desktop":{"background-color":"var(--ast-global-color-5)","background-image":"","background-repeat":"repeat","background-position":"center center","background-size":"auto","background-attachment":"scroll","background-type":"","background-media":"","overlay-type":"","overlay-color":"","overlay-gradient":""},"tablet":{"background-color":"var(--ast-global-color-5)","background-image":"","background-repeat":"repeat","background-position":"center center","background-size":"auto","background-attachment":"scroll","background-type":"","background-media":"","overlay-type":"","overlay-color":"","overlay-gradient":""},"mobile":{"background-color":"var(--ast-global-color-5)","background-image":"","background-repeat":"repeat","background-position":"center center","background-size":"auto","background-attachment":"scroll","background-type":"","background-media":"","overlay-type":"","overlay-color":"","overlay-gradient":""}},"footnotes":""},"categories":[15568,324,961],"tags":[32420,175248,5138,78094,5266,70488],"class_list":["post-82390","post","type-post","status-publish","format-standard","hentry","category-deficiencia-mental","category-psicologia","category-psicologia-de-la-anormalidad","tag-antonio-gonzalez-fernandez","tag-carmen-carpio-de-los-pinos","tag-gonzalo-sampascual-maicas","tag-javier-gonzalez-marquez","tag-juan-mayor-sanchez","tag-santiago-torres-monreal"],"_links":{"self":[{"href":"https:\/\/www.deberes.net\/tesis\/wp-json\/wp\/v2\/posts\/82390","targetHints":{"allow":["GET"]}}],"collection":[{"href":"https:\/\/www.deberes.net\/tesis\/wp-json\/wp\/v2\/posts"}],"about":[{"href":"https:\/\/www.deberes.net\/tesis\/wp-json\/wp\/v2\/types\/post"}],"author":[{"embeddable":true,"href":"https:\/\/www.deberes.net\/tesis\/wp-json\/wp\/v2\/users\/1"}],"replies":[{"embeddable":true,"href":"https:\/\/www.deberes.net\/tesis\/wp-json\/wp\/v2\/comments?post=82390"}],"version-history":[{"count":0,"href":"https:\/\/www.deberes.net\/tesis\/wp-json\/wp\/v2\/posts\/82390\/revisions"}],"wp:attachment":[{"href":"https:\/\/www.deberes.net\/tesis\/wp-json\/wp\/v2\/media?parent=82390"}],"wp:term":[{"taxonomy":"category","embeddable":true,"href":"https:\/\/www.deberes.net\/tesis\/wp-json\/wp\/v2\/categories?post=82390"},{"taxonomy":"post_tag","embeddable":true,"href":"https:\/\/www.deberes.net\/tesis\/wp-json\/wp\/v2\/tags?post=82390"}],"curies":[{"name":"wp","href":"https:\/\/api.w.org\/{rel}","templated":true}]}}