{"id":82410,"date":"2000-01-01T00:00:00","date_gmt":"2000-01-01T00:00:00","guid":{"rendered":"https:\/\/www.deberes.net\/tesis\/sin-categoria\/inteligencia-auditiva-el-ritmo-del-lenguaje\/"},"modified":"2000-01-01T00:00:00","modified_gmt":"2000-01-01T00:00:00","slug":"inteligencia-auditiva-el-ritmo-del-lenguaje","status":"publish","type":"post","link":"https:\/\/www.deberes.net\/tesis\/sin-categoria\/inteligencia-auditiva-el-ritmo-del-lenguaje\/","title":{"rendered":"Inteligencia auditiva. el ritmo del lenguaje."},"content":{"rendered":"<h2>Tesis doctoral de <strong>  Garcia Sanchez M. Angeles <\/strong><\/h2>\n<p>El ritmo pertenece de forma natual al lenguaje, independientemente del idioma o la modalidad discursiva empleada, prosa o l\u00edrica. el ritmo nace de la capacidad innata del hombre, que he llamado \u00ab\u00bbinteligencia auditiva\u00bb\u00bb, que permite expresarse a trav\u00e9s de los patrones naturales que conforman el impulso r\u00edtmico, como una sombra auditiva que a\u00f1ade informaci\u00f3n al sentido referancial, los autores estudiados tienen una base r\u00edtmica com\u00fan: la cantidad no es relevante. La intensidad s\u00ed, el pie acentual percibido (yambo, troqueo&#8230;) Es una inercia dominante en la pronunciaci\u00f3n. El poder tonal contagia un aire distinto seg\u00fan la textura voc\u00e1lica o conson\u00e1ntica de sus sonidos. las rimas internas conectan t\u00e9rminos con sonoridad similar y los enlazan entre s\u00ed que a su vez guardan relaci\u00f3n sem\u00e1ntica contextual.  contribuyen a la coherencia textual, a la comprensi\u00f3n global del texto. Las arquitecturas r\u00edtmicas se han visto en espa\u00f1ol a trav\u00e9s de graci\u00e1n, azor\u00edn y borges; en ingl\u00e9s, con capote y chandler; en italiano, con buzzati, magris, levi, calvino y pirandello; en franc\u00e9s, con flaubert. Sus textos son fuentes inagotables de recursos sonoros porque \u00ab\u00bbescriben para el o\u00eddo, utilizan la inteligencia auditiva.  la disposici\u00f3n de las ideas requerir\u00e1 un ritmo (compacto, fluido, acelerado&#8230;) Acorde.<\/p>\n<p>&nbsp;<\/p>\n<h3>Datos acad\u00e9micos de la tesis doctoral \u00ab<strong>Inteligencia auditiva. el ritmo del lenguaje.<\/strong>\u00ab<\/h3>\n<ul>\n<li><strong>T\u00edtulo de la tesis:<\/strong>\u00a0 Inteligencia auditiva. el ritmo del lenguaje. <\/li>\n<li><strong>Autor:<\/strong>\u00a0  Garcia Sanchez M. Angeles <\/li>\n<li><strong>Universidad:<\/strong>\u00a0 Complutense de Madrid<\/li>\n<li><strong>Fecha de lectura de la tesis:<\/strong>\u00a0 01\/01\/2000<\/li>\n<\/ul>\n<p>&nbsp;<\/p>\n<h3>Direcci\u00f3n y tribunal<\/h3>\n<ul>\n<li><strong>Director de la tesis<\/strong>\n<ul>\n<li>Felic\u00edsimo Valbuena De La Fuente<\/li>\n<\/ul>\n<\/li>\n<li><strong>Tribunal<\/strong>\n<ul>\n<li>Presidente del tribunal: concepci\u00f3n Fagoaga bartolom\u00e9 <\/li>\n<li>leopoldo Seijas candelas (vocal)<\/li>\n<li>octavio U\u00f1a juarez (vocal)<\/li>\n<li>teofilo Rodriguez neira (vocal)<\/li>\n<\/ul>\n<\/li>\n<\/ul>\n<p>&nbsp;<\/p>\n","protected":false},"excerpt":{"rendered":"<p>Tesis doctoral de Garcia Sanchez M. Angeles El ritmo pertenece de forma natual al lenguaje, independientemente del idioma o la [&hellip;]<\/p>\n","protected":false},"author":1,"featured_media":0,"comment_status":"open","ping_status":"open","sticky":false,"template":"","format":"standard","meta":{"site-sidebar-layout":"default","site-content-layout":"","ast-site-content-layout":"","site-content-style":"default","site-sidebar-style":"default","ast-global-header-display":"","ast-banner-title-visibility":"","ast-main-header-display":"","ast-hfb-above-header-display":"","ast-hfb-below-header-display":"","ast-hfb-mobile-header-display":"","site-post-title":"","ast-breadcrumbs-content":"","ast-featured-img":"","footer-sml-layout":"","theme-transparent-header-meta":"","adv-header-id-meta":"","stick-header-meta":"","header-above-stick-meta":"","header-main-stick-meta":"","header-below-stick-meta":"","astra-migrate-meta-layouts":"default","ast-page-background-enabled":"default","ast-page-background-meta":{"desktop":{"background-color":"var(--ast-global-color-4)","background-image":"","background-repeat":"repeat","background-position":"center center","background-size":"auto","background-attachment":"scroll","background-type":"","background-media":"","overlay-type":"","overlay-color":"","overlay-gradient":""},"tablet":{"background-color":"","background-image":"","background-repeat":"repeat","background-position":"center center","background-size":"auto","background-attachment":"scroll","background-type":"","background-media":"","overlay-type":"","overlay-color":"","overlay-gradient":""},"mobile":{"background-color":"","background-image":"","background-repeat":"repeat","background-position":"center center","background-size":"auto","background-attachment":"scroll","background-type":"","background-media":"","overlay-type":"","overlay-color":"","overlay-gradient":""}},"ast-content-background-meta":{"desktop":{"background-color":"var(--ast-global-color-5)","background-image":"","background-repeat":"repeat","background-position":"center center","background-size":"auto","background-attachment":"scroll","background-type":"","background-media":"","overlay-type":"","overlay-color":"","overlay-gradient":""},"tablet":{"background-color":"var(--ast-global-color-5)","background-image":"","background-repeat":"repeat","background-position":"center center","background-size":"auto","background-attachment":"scroll","background-type":"","background-media":"","overlay-type":"","overlay-color":"","overlay-gradient":""},"mobile":{"background-color":"var(--ast-global-color-5)","background-image":"","background-repeat":"repeat","background-position":"center center","background-size":"auto","background-attachment":"scroll","background-type":"","background-media":"","overlay-type":"","overlay-color":"","overlay-gradient":""}},"footnotes":""},"categories":[1],"tags":[23113,7172,175277,38467,6558,31584],"class_list":["post-82410","post","type-post","status-publish","format-standard","hentry","category-sin-categoria","tag-concepcion-fagoaga-bartolome","tag-felicisimo-valbuena-de-la-fuente","tag-garcia-sanchez-m-angeles","tag-leopoldo-seijas-candelas","tag-octavio-una-juarez","tag-teofilo-rodriguez-neira"],"_links":{"self":[{"href":"https:\/\/www.deberes.net\/tesis\/wp-json\/wp\/v2\/posts\/82410","targetHints":{"allow":["GET"]}}],"collection":[{"href":"https:\/\/www.deberes.net\/tesis\/wp-json\/wp\/v2\/posts"}],"about":[{"href":"https:\/\/www.deberes.net\/tesis\/wp-json\/wp\/v2\/types\/post"}],"author":[{"embeddable":true,"href":"https:\/\/www.deberes.net\/tesis\/wp-json\/wp\/v2\/users\/1"}],"replies":[{"embeddable":true,"href":"https:\/\/www.deberes.net\/tesis\/wp-json\/wp\/v2\/comments?post=82410"}],"version-history":[{"count":0,"href":"https:\/\/www.deberes.net\/tesis\/wp-json\/wp\/v2\/posts\/82410\/revisions"}],"wp:attachment":[{"href":"https:\/\/www.deberes.net\/tesis\/wp-json\/wp\/v2\/media?parent=82410"}],"wp:term":[{"taxonomy":"category","embeddable":true,"href":"https:\/\/www.deberes.net\/tesis\/wp-json\/wp\/v2\/categories?post=82410"},{"taxonomy":"post_tag","embeddable":true,"href":"https:\/\/www.deberes.net\/tesis\/wp-json\/wp\/v2\/tags?post=82410"}],"curies":[{"name":"wp","href":"https:\/\/api.w.org\/{rel}","templated":true}]}}