{"id":82425,"date":"2000-01-01T00:00:00","date_gmt":"2000-01-01T00:00:00","guid":{"rendered":"https:\/\/www.deberes.net\/tesis\/sin-categoria\/el-cine-frances-y-la-guerra-civil-espanola\/"},"modified":"2000-01-01T00:00:00","modified_gmt":"2000-01-01T00:00:00","slug":"el-cine-frances-y-la-guerra-civil-espanola","status":"publish","type":"post","link":"https:\/\/www.deberes.net\/tesis\/historia\/el-cine-frances-y-la-guerra-civil-espanola\/","title":{"rendered":"El cine frances y la guerra civil espa\u00f1ola."},"content":{"rendered":"<h2>Tesis doctoral de <strong> M. Inmaculada Sanchez Alarcon <\/strong><\/h2>\n<p>El cine franc\u00e9s y la guerra civil espa\u00f1ola es una tesis doctoral concebida con la intenci\u00f3n de contribuir a la investigaci\u00f3n hist\u00f3rica a trav\u00e9s del cine. La guerra de espa\u00f1a es uno de los acontecimientos que m\u00e1s impacto tienen en la sociedad francesa, a\u00fan trat\u00e1ndose de una circunstancia internacional. El cine, que, en principio, no es el medio en el que las circunstancias espa\u00f1olas tienen mayor reflejo, se constituye, sin embargo, en un reflejo fiel de todas las contradicciones con las que la francia de la \u00e9poca encara la situaci\u00f3n del pa\u00eds vecino. El cine de ficci\u00f3n y los noticiarios, producidos desde los sectores de la industria, ofrecen una imagen del conflicto que, por parte de los largometrajes es escasa y evasiva, y, en lo que respecta a la informaci\u00f3n cinematogr\u00e1fica, tiene mucho que ver con los principios que mantiene el gobierno franc\u00e9s en relaci\u00f3n a lo que est\u00e1 sucediendo al otro lado de los pirineos. El cine de propaganda pro-republicano, sin embargo, es una elaboraci\u00f3n del conflicto comprometida con las circunstancias en las que la no-intervenci\u00f3n puesta en marcha por inglaterra y francia ha sumido al gobierno legal espa\u00f1ol. Adem\u00e1s, la propaganda cinematogr\u00e1fica que ambos contendientes espa\u00f1oles ejercen en francia, aunque no alcance m\u00e1s all\u00e1 de los c\u00edrculos pr\u00f3ximos, tambi\u00e9n influye en la sociedad francesa.<\/p>\n<p>&nbsp;<\/p>\n<h3>Datos acad\u00e9micos de la tesis doctoral \u00ab<strong>El cine frances y la guerra civil espa\u00f1ola.<\/strong>\u00ab<\/h3>\n<ul>\n<li><strong>T\u00edtulo de la tesis:<\/strong>\u00a0 El cine frances y la guerra civil espa\u00f1ola. <\/li>\n<li><strong>Autor:<\/strong>\u00a0 M. Inmaculada Sanchez Alarcon <\/li>\n<li><strong>Universidad:<\/strong>\u00a0 Complutense de Madrid<\/li>\n<li><strong>Fecha de lectura de la tesis:<\/strong>\u00a0 01\/01\/2000<\/li>\n<\/ul>\n<p>&nbsp;<\/p>\n<h3>Direcci\u00f3n y tribunal<\/h3>\n<ul>\n<li><strong>Director de la tesis<\/strong>\n<ul>\n<li>Alejandro Pizarroso Quintero<\/li>\n<\/ul>\n<\/li>\n<li><strong>Tribunal<\/strong>\n<ul>\n<li>Presidente del tribunal: angel Bahamonde magro <\/li>\n<li>pierre Sorlin (vocal)<\/li>\n<li>carmelo Garitaonaindia garnacho (vocal)<\/li>\n<li>bernardo Diaz nosty (vocal)<\/li>\n<\/ul>\n<\/li>\n<\/ul>\n<p>&nbsp;<\/p>\n","protected":false},"excerpt":{"rendered":"<p>Tesis doctoral de M. Inmaculada Sanchez Alarcon El cine franc\u00e9s y la guerra civil espa\u00f1ola es una tesis doctoral concebida [&hellip;]<\/p>\n","protected":false},"author":1,"featured_media":0,"comment_status":"open","ping_status":"open","sticky":false,"template":"","format":"standard","meta":{"site-sidebar-layout":"default","site-content-layout":"","ast-site-content-layout":"","site-content-style":"default","site-sidebar-style":"default","ast-global-header-display":"","ast-banner-title-visibility":"","ast-main-header-display":"","ast-hfb-above-header-display":"","ast-hfb-below-header-display":"","ast-hfb-mobile-header-display":"","site-post-title":"","ast-breadcrumbs-content":"","ast-featured-img":"","footer-sml-layout":"","theme-transparent-header-meta":"","adv-header-id-meta":"","stick-header-meta":"","header-above-stick-meta":"","header-main-stick-meta":"","header-below-stick-meta":"","astra-migrate-meta-layouts":"default","ast-page-background-enabled":"default","ast-page-background-meta":{"desktop":{"background-color":"var(--ast-global-color-4)","background-image":"","background-repeat":"repeat","background-position":"center center","background-size":"auto","background-attachment":"scroll","background-type":"","background-media":"","overlay-type":"","overlay-color":"","overlay-gradient":""},"tablet":{"background-color":"","background-image":"","background-repeat":"repeat","background-position":"center center","background-size":"auto","background-attachment":"scroll","background-type":"","background-media":"","overlay-type":"","overlay-color":"","overlay-gradient":""},"mobile":{"background-color":"","background-image":"","background-repeat":"repeat","background-position":"center center","background-size":"auto","background-attachment":"scroll","background-type":"","background-media":"","overlay-type":"","overlay-color":"","overlay-gradient":""}},"ast-content-background-meta":{"desktop":{"background-color":"var(--ast-global-color-5)","background-image":"","background-repeat":"repeat","background-position":"center center","background-size":"auto","background-attachment":"scroll","background-type":"","background-media":"","overlay-type":"","overlay-color":"","overlay-gradient":""},"tablet":{"background-color":"var(--ast-global-color-5)","background-image":"","background-repeat":"repeat","background-position":"center center","background-size":"auto","background-attachment":"scroll","background-type":"","background-media":"","overlay-type":"","overlay-color":"","overlay-gradient":""},"mobile":{"background-color":"var(--ast-global-color-5)","background-image":"","background-repeat":"repeat","background-position":"center center","background-size":"auto","background-attachment":"scroll","background-type":"","background-media":"","overlay-type":"","overlay-color":"","overlay-gradient":""}},"footnotes":""},"categories":[104,222],"tags":[5978,5977,23795,7584,175292,120358],"class_list":["post-82425","post","type-post","status-publish","format-standard","hentry","category-historia","category-historias-especializadas","tag-alejandro-pizarroso-quintero","tag-angel-bahamonde-magro","tag-bernardo-diaz-nosty","tag-carmelo-garitaonaindia-garnacho","tag-m-inmaculada-sanchez-alarcon","tag-pierre-sorlin"],"_links":{"self":[{"href":"https:\/\/www.deberes.net\/tesis\/wp-json\/wp\/v2\/posts\/82425","targetHints":{"allow":["GET"]}}],"collection":[{"href":"https:\/\/www.deberes.net\/tesis\/wp-json\/wp\/v2\/posts"}],"about":[{"href":"https:\/\/www.deberes.net\/tesis\/wp-json\/wp\/v2\/types\/post"}],"author":[{"embeddable":true,"href":"https:\/\/www.deberes.net\/tesis\/wp-json\/wp\/v2\/users\/1"}],"replies":[{"embeddable":true,"href":"https:\/\/www.deberes.net\/tesis\/wp-json\/wp\/v2\/comments?post=82425"}],"version-history":[{"count":0,"href":"https:\/\/www.deberes.net\/tesis\/wp-json\/wp\/v2\/posts\/82425\/revisions"}],"wp:attachment":[{"href":"https:\/\/www.deberes.net\/tesis\/wp-json\/wp\/v2\/media?parent=82425"}],"wp:term":[{"taxonomy":"category","embeddable":true,"href":"https:\/\/www.deberes.net\/tesis\/wp-json\/wp\/v2\/categories?post=82425"},{"taxonomy":"post_tag","embeddable":true,"href":"https:\/\/www.deberes.net\/tesis\/wp-json\/wp\/v2\/tags?post=82425"}],"curies":[{"name":"wp","href":"https:\/\/api.w.org\/{rel}","templated":true}]}}