{"id":82434,"date":"2000-01-01T00:00:00","date_gmt":"2000-01-01T00:00:00","guid":{"rendered":"https:\/\/www.deberes.net\/tesis\/sin-categoria\/aspectos-farmacologicos-de-la-accion-antimicrobiana-sobre-streptococcus-pneumoniae\/"},"modified":"2000-01-01T00:00:00","modified_gmt":"2000-01-01T00:00:00","slug":"aspectos-farmacologicos-de-la-accion-antimicrobiana-sobre-streptococcus-pneumoniae","status":"publish","type":"post","link":"https:\/\/www.deberes.net\/tesis\/ciencias-medicas\/aspectos-farmacologicos-de-la-accion-antimicrobiana-sobre-streptococcus-pneumoniae\/","title":{"rendered":"Aspectos farmacologicos de la accion antimicrobiana sobre streptococcus pneumoniae."},"content":{"rendered":"<h2>Tesis doctoral de <strong> Rafael Ba\u00f1on Arias <\/strong><\/h2>\n<p>En las \u00faltimas d\u00e9cadas streptococcus pneunoniae ha presentado una disminuci\u00f3n de sensibilidad a los antimicrobianos cl\u00e1sicos, adem\u00e1s, existe un aumento de su implicaci\u00f3n en infecciones, especialmente graves en pacientes inmunodeprimidos. En este trabajo se efect\u00faa una revisi\u00f3n de la actitud terap\u00e9utica de las infecciones neumoc\u00f3cicas, principalmente de aquellas graves como meningitis, o las que afectan a pacientes inmunodeprimidos, que requieren de un tratamiento r\u00e1pidamente bactericida.  el objetivo general consiste en el estudio de los factores farmacol\u00f3gicos que pueden suministrar una base te\u00f3rica para la obtenci\u00f3n de la acci\u00f3n bactericida, tales como la tasa de muerte bacteriana con relaci\u00f3n al tiempo y a la concentraci\u00f3n del antimicrobiano, del efecto post-antibi\u00f3tico a distintos tiempos de exposici\u00f3n y a distintas concentraciones del antimicrobiano, y especialmente un enfoque en los resultados bactericidas de algunas combinaciones de antibi\u00f3ticos frente a s. Pneumoniae resistentes a penicilina.#<\/p>\n<p>&nbsp;<\/p>\n<h3>Datos acad\u00e9micos de la tesis doctoral \u00ab<strong>Aspectos farmacologicos de la accion antimicrobiana sobre streptococcus pneumoniae.<\/strong>\u00ab<\/h3>\n<ul>\n<li><strong>T\u00edtulo de la tesis:<\/strong>\u00a0 Aspectos farmacologicos de la accion antimicrobiana sobre streptococcus pneumoniae. <\/li>\n<li><strong>Autor:<\/strong>\u00a0 Rafael Ba\u00f1on Arias <\/li>\n<li><strong>Universidad:<\/strong>\u00a0 M\u00e1laga<\/li>\n<li><strong>Fecha de lectura de la tesis:<\/strong>\u00a0 01\/01\/2000<\/li>\n<\/ul>\n<p>&nbsp;<\/p>\n<h3>Direcci\u00f3n y tribunal<\/h3>\n<ul>\n<li><strong>Director de la tesis<\/strong>\n<ul>\n<li>Alfonso Pinedo Sanchez<\/li>\n<\/ul>\n<\/li>\n<li><strong>Tribunal<\/strong>\n<ul>\n<li>Presidente del tribunal: joaqu\u00edn Fern\u00e1ndez-crehuet navajas <\/li>\n<li> Rosa Manuel de la (vocal)<\/li>\n<li>Santiago Perez ramos (vocal)<\/li>\n<li>Manuel Antonio Rodr\u00edguez iglesias (vocal)<\/li>\n<\/ul>\n<\/li>\n<\/ul>\n<p>&nbsp;<\/p>\n","protected":false},"excerpt":{"rendered":"<p>Tesis doctoral de Rafael Ba\u00f1on Arias En las \u00faltimas d\u00e9cadas streptococcus pneunoniae ha presentado una disminuci\u00f3n de sensibilidad a los [&hellip;]<\/p>\n","protected":false},"author":1,"featured_media":0,"comment_status":"open","ping_status":"open","sticky":false,"template":"","format":"standard","meta":{"site-sidebar-layout":"default","site-content-layout":"","ast-site-content-layout":"","site-content-style":"default","site-sidebar-style":"default","ast-global-header-display":"","ast-banner-title-visibility":"","ast-main-header-display":"","ast-hfb-above-header-display":"","ast-hfb-below-header-display":"","ast-hfb-mobile-header-display":"","site-post-title":"","ast-breadcrumbs-content":"","ast-featured-img":"","footer-sml-layout":"","theme-transparent-header-meta":"","adv-header-id-meta":"","stick-header-meta":"","header-above-stick-meta":"","header-main-stick-meta":"","header-below-stick-meta":"","astra-migrate-meta-layouts":"default","ast-page-background-enabled":"default","ast-page-background-meta":{"desktop":{"background-color":"var(--ast-global-color-4)","background-image":"","background-repeat":"repeat","background-position":"center center","background-size":"auto","background-attachment":"scroll","background-type":"","background-media":"","overlay-type":"","overlay-color":"","overlay-gradient":""},"tablet":{"background-color":"","background-image":"","background-repeat":"repeat","background-position":"center center","background-size":"auto","background-attachment":"scroll","background-type":"","background-media":"","overlay-type":"","overlay-color":"","overlay-gradient":""},"mobile":{"background-color":"","background-image":"","background-repeat":"repeat","background-position":"center center","background-size":"auto","background-attachment":"scroll","background-type":"","background-media":"","overlay-type":"","overlay-color":"","overlay-gradient":""}},"ast-content-background-meta":{"desktop":{"background-color":"var(--ast-global-color-5)","background-image":"","background-repeat":"repeat","background-position":"center center","background-size":"auto","background-attachment":"scroll","background-type":"","background-media":"","overlay-type":"","overlay-color":"","overlay-gradient":""},"tablet":{"background-color":"var(--ast-global-color-5)","background-image":"","background-repeat":"repeat","background-position":"center center","background-size":"auto","background-attachment":"scroll","background-type":"","background-media":"","overlay-type":"","overlay-color":"","overlay-gradient":""},"mobile":{"background-color":"var(--ast-global-color-5)","background-image":"","background-repeat":"repeat","background-position":"center center","background-size":"auto","background-attachment":"scroll","background-type":"","background-media":"","overlay-type":"","overlay-color":"","overlay-gradient":""}},"footnotes":""},"categories":[9,1085,7834,139,1686],"tags":[7982,2223,1851,175300,175301,1658],"class_list":["post-82434","post","type-post","status-publish","format-standard","hentry","category-ciencias-medicas","category-enfermedades-infecciosas","category-malaga","category-medicina-interna","category-medicina-preventiva","tag-alfonso-pinedo-sanchez","tag-joaquin-fernandez-crehuet-navajas","tag-manuel-antonio-rodriguez-iglesias","tag-rafael-banon-arias","tag-rosa-manuel-de-la","tag-santiago-perez-ramos"],"_links":{"self":[{"href":"https:\/\/www.deberes.net\/tesis\/wp-json\/wp\/v2\/posts\/82434","targetHints":{"allow":["GET"]}}],"collection":[{"href":"https:\/\/www.deberes.net\/tesis\/wp-json\/wp\/v2\/posts"}],"about":[{"href":"https:\/\/www.deberes.net\/tesis\/wp-json\/wp\/v2\/types\/post"}],"author":[{"embeddable":true,"href":"https:\/\/www.deberes.net\/tesis\/wp-json\/wp\/v2\/users\/1"}],"replies":[{"embeddable":true,"href":"https:\/\/www.deberes.net\/tesis\/wp-json\/wp\/v2\/comments?post=82434"}],"version-history":[{"count":0,"href":"https:\/\/www.deberes.net\/tesis\/wp-json\/wp\/v2\/posts\/82434\/revisions"}],"wp:attachment":[{"href":"https:\/\/www.deberes.net\/tesis\/wp-json\/wp\/v2\/media?parent=82434"}],"wp:term":[{"taxonomy":"category","embeddable":true,"href":"https:\/\/www.deberes.net\/tesis\/wp-json\/wp\/v2\/categories?post=82434"},{"taxonomy":"post_tag","embeddable":true,"href":"https:\/\/www.deberes.net\/tesis\/wp-json\/wp\/v2\/tags?post=82434"}],"curies":[{"name":"wp","href":"https:\/\/api.w.org\/{rel}","templated":true}]}}