{"id":82457,"date":"2000-01-01T00:00:00","date_gmt":"2000-01-01T00:00:00","guid":{"rendered":"https:\/\/www.deberes.net\/tesis\/sin-categoria\/estudio-microscopico-del-rinon-cefalico-y-de-las-celulas-de-la-seriola-seriola-dumerilii-risso-1810\/"},"modified":"2000-01-01T00:00:00","modified_gmt":"2000-01-01T00:00:00","slug":"estudio-microscopico-del-rinon-cefalico-y-de-las-celulas-de-la-seriola-seriola-dumerilii-risso-1810","status":"publish","type":"post","link":"https:\/\/www.deberes.net\/tesis\/ciencias-de-la-vida\/estudio-microscopico-del-rinon-cefalico-y-de-las-celulas-de-la-seriola-seriola-dumerilii-risso-1810\/","title":{"rendered":"Estudio microscopico del ri\u00f1on cefalico y de las celulas de la seriola (seriola dumerilii, risso 1810)."},"content":{"rendered":"<h2>Tesis doctoral de <strong> Manuela Bernal Albarracin <\/strong><\/h2>\n<p>El ri\u00f1\u00f3n cef\u00e1lico es el principal \u00f3rgano hemopoy\u00e9tico de peces. Est\u00e1 considerado como uno de los m\u00e1s importantes de sus sistema inmunitario debido a que es el lugar principal de formaci\u00f3n de macr\u00f3fagos as\u00ed como de otros tipos de c\u00e9lulas implicadas en las respuestas inmunitarias. El conocimiento de la estructura y funci\u00f3n de dicho \u00f3rgano supone un primer paso para abordar y resolver los problemas que plantean las infecciones causadas por microorganismos pat\u00f3genos, sobre las especies objeto de cultivo intensivo.  por otra parte, los escaos datos disponibles sobre las c\u00e9lulas hematopoy\u00e9ticas y sobre los leucocitos circulantes de peces, son actualmente dispares, confusos y contradictorios. En los estudios hematol\u00f3gicos (microsc\u00f3pico \u00f3pticos) se ha presupuesto la existencia de un patr\u00f3n com\u00fan para todos los grupos de vertebrados. Como consecuencia, de forma desafortunada, se han aplicado los m\u00e9todos de estudio y la nomenclatura propios de mam\u00edferos, y m\u00e1s concretamente, las utilizadas habitualmente en hematolog\u00eda humana. Actualmente los resultados obtenidos no permiten un estudio comparado, haci\u00e9ndose imposible la superposici\u00f3n de dichos resultados. Esta situaci\u00f3n de confusi\u00f3n y de dificultad para la superposici\u00f3n o comparaci\u00f3n de resultados ha puesto de manifiesto la necesidad de disponer de m\u00e9todos de estudio que permitan correlacionar los resultados obtenidos con microscop\u00eda de luz y con microscop\u00eda electr\u00f3nica, de tal modo que el estudio de un tipo celular, o m\u00e1s exactamente, de una c\u00e9lula concreta, pueda ser llevado a cabo correlativamente con microscop\u00eda de luz y con microscop\u00eda electr\u00f3nica de transmisi\u00f3n, evitando posibles confusiones o contradicciones.  se tiene como referencia, de los muy escasos estudios previos, la posibilidad de utilizar para el estudio de materiales biol\u00f3gicos tanto duros como blandos, el microsc\u00f3pio electr\u00f3nico de barrido con el detector de electrones retrodi<\/p>\n<p>&nbsp;<\/p>\n<h3>Datos acad\u00e9micos de la tesis doctoral \u00ab<strong>Estudio microscopico del ri\u00f1on cefalico y de las celulas de la seriola (seriola dumerilii, risso 1810).<\/strong>\u00ab<\/h3>\n<ul>\n<li><strong>T\u00edtulo de la tesis:<\/strong>\u00a0 Estudio microscopico del ri\u00f1on cefalico y de las celulas de la seriola (seriola dumerilii, risso 1810). <\/li>\n<li><strong>Autor:<\/strong>\u00a0 Manuela Bernal Albarracin <\/li>\n<li><strong>Universidad:<\/strong>\u00a0 Murcia<\/li>\n<li><strong>Fecha de lectura de la tesis:<\/strong>\u00a0 01\/01\/2000<\/li>\n<\/ul>\n<p>&nbsp;<\/p>\n<h3>Direcci\u00f3n y tribunal<\/h3>\n<ul>\n<li><strong>Director de la tesis<\/strong>\n<ul>\n<li>Jose Meseguer Pe\u00f1alver<\/li>\n<\/ul>\n<\/li>\n<li><strong>Tribunal<\/strong>\n<ul>\n<li>Presidente del tribunal: Antonio Bernabe salazar <\/li>\n<li> Pertusa grau Jos\u00e9 f. (vocal)<\/li>\n<li>Antonio Madrid Juan (vocal)<\/li>\n<li>agustin Tato lopez (vocal)<\/li>\n<\/ul>\n<\/li>\n<\/ul>\n<p>&nbsp;<\/p>\n","protected":false},"excerpt":{"rendered":"<p>Tesis doctoral de Manuela Bernal Albarracin El ri\u00f1\u00f3n cef\u00e1lico es el principal \u00f3rgano hemopoy\u00e9tico de peces. Est\u00e1 considerado como uno [&hellip;]<\/p>\n","protected":false},"author":1,"featured_media":0,"comment_status":"open","ping_status":"open","sticky":false,"template":"","format":"standard","meta":{"site-sidebar-layout":"default","site-content-layout":"","ast-site-content-layout":"","site-content-style":"default","site-sidebar-style":"default","ast-global-header-display":"","ast-banner-title-visibility":"","ast-main-header-display":"","ast-hfb-above-header-display":"","ast-hfb-below-header-display":"","ast-hfb-mobile-header-display":"","site-post-title":"","ast-breadcrumbs-content":"","ast-featured-img":"","footer-sml-layout":"","theme-transparent-header-meta":"","adv-header-id-meta":"","stick-header-meta":"","header-above-stick-meta":"","header-main-stick-meta":"","header-below-stick-meta":"","astra-migrate-meta-layouts":"default","ast-page-background-enabled":"default","ast-page-background-meta":{"desktop":{"background-color":"var(--ast-global-color-4)","background-image":"","background-repeat":"repeat","background-position":"center center","background-size":"auto","background-attachment":"scroll","background-type":"","background-media":"","overlay-type":"","overlay-color":"","overlay-gradient":""},"tablet":{"background-color":"","background-image":"","background-repeat":"repeat","background-position":"center center","background-size":"auto","background-attachment":"scroll","background-type":"","background-media":"","overlay-type":"","overlay-color":"","overlay-gradient":""},"mobile":{"background-color":"","background-image":"","background-repeat":"repeat","background-position":"center center","background-size":"auto","background-attachment":"scroll","background-type":"","background-media":"","overlay-type":"","overlay-color":"","overlay-gradient":""}},"ast-content-background-meta":{"desktop":{"background-color":"var(--ast-global-color-5)","background-image":"","background-repeat":"repeat","background-position":"center center","background-size":"auto","background-attachment":"scroll","background-type":"","background-media":"","overlay-type":"","overlay-color":"","overlay-gradient":""},"tablet":{"background-color":"var(--ast-global-color-5)","background-image":"","background-repeat":"repeat","background-position":"center center","background-size":"auto","background-attachment":"scroll","background-type":"","background-media":"","overlay-type":"","overlay-color":"","overlay-gradient":""},"mobile":{"background-color":"var(--ast-global-color-5)","background-image":"","background-repeat":"repeat","background-position":"center center","background-size":"auto","background-attachment":"scroll","background-type":"","background-media":"","overlay-type":"","overlay-color":"","overlay-gradient":""}},"footnotes":""},"categories":[849,35,36945,8235,226],"tags":[104153,1954,175332,8343,175331,58386],"class_list":["post-82457","post","type-post","status-publish","format-standard","hentry","category-biologia-celular","category-ciencias-de-la-vida","category-ictiologia","category-murcia","category-zoologia","tag-agustin-tato-lopez","tag-antonio-bernabe-salazar","tag-antonio-madrid-juan","tag-jose-meseguer-penalver","tag-manuela-bernal-albarracin","tag-pertusa-grau-jose-f"],"_links":{"self":[{"href":"https:\/\/www.deberes.net\/tesis\/wp-json\/wp\/v2\/posts\/82457","targetHints":{"allow":["GET"]}}],"collection":[{"href":"https:\/\/www.deberes.net\/tesis\/wp-json\/wp\/v2\/posts"}],"about":[{"href":"https:\/\/www.deberes.net\/tesis\/wp-json\/wp\/v2\/types\/post"}],"author":[{"embeddable":true,"href":"https:\/\/www.deberes.net\/tesis\/wp-json\/wp\/v2\/users\/1"}],"replies":[{"embeddable":true,"href":"https:\/\/www.deberes.net\/tesis\/wp-json\/wp\/v2\/comments?post=82457"}],"version-history":[{"count":0,"href":"https:\/\/www.deberes.net\/tesis\/wp-json\/wp\/v2\/posts\/82457\/revisions"}],"wp:attachment":[{"href":"https:\/\/www.deberes.net\/tesis\/wp-json\/wp\/v2\/media?parent=82457"}],"wp:term":[{"taxonomy":"category","embeddable":true,"href":"https:\/\/www.deberes.net\/tesis\/wp-json\/wp\/v2\/categories?post=82457"},{"taxonomy":"post_tag","embeddable":true,"href":"https:\/\/www.deberes.net\/tesis\/wp-json\/wp\/v2\/tags?post=82457"}],"curies":[{"name":"wp","href":"https:\/\/api.w.org\/{rel}","templated":true}]}}