{"id":82474,"date":"2000-01-01T00:00:00","date_gmt":"2000-01-01T00:00:00","guid":{"rendered":"https:\/\/www.deberes.net\/tesis\/sin-categoria\/flora-y-vegetacion-de-la-comarca-de-los-velez-almeria\/"},"modified":"2000-01-01T00:00:00","modified_gmt":"2000-01-01T00:00:00","slug":"flora-y-vegetacion-de-la-comarca-de-los-velez-almeria","status":"publish","type":"post","link":"https:\/\/www.deberes.net\/tesis\/ciencias-de-la-vida\/flora-y-vegetacion-de-la-comarca-de-los-velez-almeria\/","title":{"rendered":"Flora y vegetacion de la comarca de los velez (almeria)."},"content":{"rendered":"<h2>Tesis doctoral de <strong> Amalia Garcia Gea <\/strong><\/h2>\n<p>La zona de estudio esta situada en el sudeste peninsular, y m\u00e1s concretamente en el norte de la provincia de almer\u00eda. Ocupa una superficie aproximada de 313 kil\u00f3metros cuadrados, pertenecientes a los t\u00e9rminos municipales de mar\u00eda, v\u00e9lez blanco, chirivel, v\u00e9lez rubio, oria y albox, que constituyen la comarca geogrbafica de los v\u00e9lez. En el estudio flor\u00edstico se presenta un cat\u00e1logo de plantas con todas las citas recopiladas de la bibliograf\u00eda existente, as\u00ed como numerosas citas nuestras, de las cuales existe al menos un pliego testigo en el herbario de la universidad de murcia. Sobre este cat\u00e1logo se ha realizado el an\u00e1lisis flor\u00edstico en base a los principales grupos taxon\u00f3micos y familias bot\u00e1nicas, elementos corol\u00f3gicos y formas vitales. En vegetaci\u00f3n se realiza el esquema sintaxon\u00f3mico y se describen todos los sintaxones presentes en el territorio, acompa\u00f1ando al rango de asociaci\u00f3n de un inventario testigo como m\u00ednimo. El paisaje vegetal se ha dividido en varios apartados, as\u00ed en los aspectos din\u00e1micos se describen las series y se acompa\u00f1an de tablas de sininventarios. En los aspectos catenales se describen las diferentes geoseries presentes en el territorio. En bioclimatolog\u00eda se delimitan los pisos de vegetaci\u00f3n atendiendo a los bioindicadores clim\u00e1ticos, tales como taxones y sintaxones caracter\u00edsticos en el territorio. En biogeograf\u00eda se delimitan los tres subsectores existentes y se proponen dentro de estos cuatro distritos. Los resultados obtenidos en esta memoria han sido los siguientes: con respecto a la flora se han catalogado 1416 taxones en los rangos de especie, subespecie o variedad, de los cuales se han descartado 62 por considerar como muy improbable su existencia en la zona objeto de estudio. De los 1354 taxones restantes, se ha podido confirmar su presencia y recogido material de 970 taxones. Para el an\u00e1lisis flor\u00edstico no se han tenido en cuenta aquellos que son cultivados, que<\/p>\n<p>&nbsp;<\/p>\n<h3>Datos acad\u00e9micos de la tesis doctoral \u00ab<strong>Flora y vegetacion de la comarca de los velez (almeria).<\/strong>\u00ab<\/h3>\n<ul>\n<li><strong>T\u00edtulo de la tesis:<\/strong>\u00a0 Flora y vegetacion de la comarca de los velez (almeria). <\/li>\n<li><strong>Autor:<\/strong>\u00a0 Amalia Garcia Gea <\/li>\n<li><strong>Universidad:<\/strong>\u00a0 Murcia<\/li>\n<li><strong>Fecha de lectura de la tesis:<\/strong>\u00a0 01\/01\/2000<\/li>\n<\/ul>\n<p>&nbsp;<\/p>\n<h3>Direcci\u00f3n y tribunal<\/h3>\n<ul>\n<li><strong>Director de la tesis<\/strong>\n<ul>\n<li>Francisco Alcazar Ariza<\/li>\n<\/ul>\n<\/li>\n<li><strong>Tribunal<\/strong>\n<ul>\n<li>Presidente del tribunal: manuel Costa talens <\/li>\n<li>segundo Rios ruiz (vocal)<\/li>\n<li>eusebio Cano carmona (vocal)<\/li>\n<li>Francisco Valle tendero (vocal)<\/li>\n<\/ul>\n<\/li>\n<\/ul>\n<p>&nbsp;<\/p>\n","protected":false},"excerpt":{"rendered":"<p>Tesis doctoral de Amalia Garcia Gea La zona de estudio esta situada en el sudeste peninsular, y m\u00e1s concretamente en [&hellip;]<\/p>\n","protected":false},"author":1,"featured_media":0,"comment_status":"open","ping_status":"open","sticky":false,"template":"","format":"standard","meta":{"site-sidebar-layout":"default","site-content-layout":"","ast-site-content-layout":"","site-content-style":"default","site-sidebar-style":"default","ast-global-header-display":"","ast-banner-title-visibility":"","ast-main-header-display":"","ast-hfb-above-header-display":"","ast-hfb-below-header-display":"","ast-hfb-mobile-header-display":"","site-post-title":"","ast-breadcrumbs-content":"","ast-featured-img":"","footer-sml-layout":"","theme-transparent-header-meta":"","adv-header-id-meta":"","stick-header-meta":"","header-above-stick-meta":"","header-main-stick-meta":"","header-below-stick-meta":"","astra-migrate-meta-layouts":"default","ast-page-background-enabled":"default","ast-page-background-meta":{"desktop":{"background-color":"var(--ast-global-color-4)","background-image":"","background-repeat":"repeat","background-position":"center center","background-size":"auto","background-attachment":"scroll","background-type":"","background-media":"","overlay-type":"","overlay-color":"","overlay-gradient":""},"tablet":{"background-color":"","background-image":"","background-repeat":"repeat","background-position":"center center","background-size":"auto","background-attachment":"scroll","background-type":"","background-media":"","overlay-type":"","overlay-color":"","overlay-gradient":""},"mobile":{"background-color":"","background-image":"","background-repeat":"repeat","background-position":"center center","background-size":"auto","background-attachment":"scroll","background-type":"","background-media":"","overlay-type":"","overlay-color":"","overlay-gradient":""}},"ast-content-background-meta":{"desktop":{"background-color":"var(--ast-global-color-5)","background-image":"","background-repeat":"repeat","background-position":"center center","background-size":"auto","background-attachment":"scroll","background-type":"","background-media":"","overlay-type":"","overlay-color":"","overlay-gradient":""},"tablet":{"background-color":"var(--ast-global-color-5)","background-image":"","background-repeat":"repeat","background-position":"center center","background-size":"auto","background-attachment":"scroll","background-type":"","background-media":"","overlay-type":"","overlay-color":"","overlay-gradient":""},"mobile":{"background-color":"var(--ast-global-color-5)","background-image":"","background-repeat":"repeat","background-position":"center center","background-size":"auto","background-attachment":"scroll","background-type":"","background-media":"","overlay-type":"","overlay-color":"","overlay-gradient":""}},"footnotes":""},"categories":[972,35,620,2240,8235],"tags":[175352,4311,175353,3955,8749,8748],"class_list":["post-82474","post","type-post","status-publish","format-standard","hentry","category-botanica","category-ciencias-de-la-vida","category-ecologia-vegetal","category-flora-mediterranea","category-murcia","tag-amalia-garcia-gea","tag-eusebio-cano-carmona","tag-francisco-alcazar-ariza","tag-francisco-valle-tendero","tag-manuel-costa-talens","tag-segundo-rios-ruiz"],"_links":{"self":[{"href":"https:\/\/www.deberes.net\/tesis\/wp-json\/wp\/v2\/posts\/82474","targetHints":{"allow":["GET"]}}],"collection":[{"href":"https:\/\/www.deberes.net\/tesis\/wp-json\/wp\/v2\/posts"}],"about":[{"href":"https:\/\/www.deberes.net\/tesis\/wp-json\/wp\/v2\/types\/post"}],"author":[{"embeddable":true,"href":"https:\/\/www.deberes.net\/tesis\/wp-json\/wp\/v2\/users\/1"}],"replies":[{"embeddable":true,"href":"https:\/\/www.deberes.net\/tesis\/wp-json\/wp\/v2\/comments?post=82474"}],"version-history":[{"count":0,"href":"https:\/\/www.deberes.net\/tesis\/wp-json\/wp\/v2\/posts\/82474\/revisions"}],"wp:attachment":[{"href":"https:\/\/www.deberes.net\/tesis\/wp-json\/wp\/v2\/media?parent=82474"}],"wp:term":[{"taxonomy":"category","embeddable":true,"href":"https:\/\/www.deberes.net\/tesis\/wp-json\/wp\/v2\/categories?post=82474"},{"taxonomy":"post_tag","embeddable":true,"href":"https:\/\/www.deberes.net\/tesis\/wp-json\/wp\/v2\/tags?post=82474"}],"curies":[{"name":"wp","href":"https:\/\/api.w.org\/{rel}","templated":true}]}}