{"id":82510,"date":"2000-01-01T00:00:00","date_gmt":"2000-01-01T00:00:00","guid":{"rendered":"https:\/\/www.deberes.net\/tesis\/sin-categoria\/trastornos-cognitivos-en-las-depresiones-tardias-y-la-terapia-electroconvulsiva-versus-antidepresivos\/"},"modified":"2000-01-01T00:00:00","modified_gmt":"2000-01-01T00:00:00","slug":"trastornos-cognitivos-en-las-depresiones-tardias-y-la-terapia-electroconvulsiva-versus-antidepresivos","status":"publish","type":"post","link":"https:\/\/www.deberes.net\/tesis\/ciencias-medicas\/trastornos-cognitivos-en-las-depresiones-tardias-y-la-terapia-electroconvulsiva-versus-antidepresivos\/","title":{"rendered":"Trastornos cognitivos en las depresiones tardias y la terapia electroconvulsiva versus antidepresivos."},"content":{"rendered":"<h2>Tesis doctoral de <strong> Isabel Lopez Arteche <\/strong><\/h2>\n<p>Se estudian 60 pacientes con diagn\u00f3stico de episodio depresivo mayor que necesita ingreso hospitalario por esta patolog\u00eda, mayores de 60 a\u00f1os. Se valoran la gravedad cl\u00ednica y las funciones cognitivas a traves del test de hamilton, la figura humana, la figura compleja de rey y el test de memoria de weschler.  se agrupan seg\u00fan tratamiento recibido, terapia electroconvulsiva (grupo a:30 pacientes) y antidepresivos (grupo b:30 pacientes). A todos los pacientes se les eval\u00faa en tres ocasiones: al ingreso, a los quince d\u00edas y al alta hospitalaria. Nuestro objetivo es comparar la eficacia cl\u00ednica y mejora de las funciones cognitivas en los dos grupos de pacientes.  los resultados son que hay igual eficacia terap\u00e9utica en los dos tipos de tratamiento, pero la terapiaelectroconvulsiva es m\u00e1s r\u00e1pida. Excepto en la memoria visual, m\u00e1s afectada por la terapiaelectroconvulsiva, las funciones cognitivas mejoran sin diferencias significativas. Los tests utilizados, la figura humana, la figura compleja y el test de weschles, son \u00fatiles y demostrativos en estos pacientes.<\/p>\n<p>&nbsp;<\/p>\n<h3>Datos acad\u00e9micos de la tesis doctoral \u00ab<strong>Trastornos cognitivos en las depresiones tardias y la terapia electroconvulsiva versus antidepresivos.<\/strong>\u00ab<\/h3>\n<ul>\n<li><strong>T\u00edtulo de la tesis:<\/strong>\u00a0 Trastornos cognitivos en las depresiones tardias y la terapia electroconvulsiva versus antidepresivos. <\/li>\n<li><strong>Autor:<\/strong>\u00a0 Isabel Lopez Arteche <\/li>\n<li><strong>Universidad:<\/strong>\u00a0 Murcia<\/li>\n<li><strong>Fecha de lectura de la tesis:<\/strong>\u00a0 01\/01\/2000<\/li>\n<\/ul>\n<p>&nbsp;<\/p>\n<h3>Direcci\u00f3n y tribunal<\/h3>\n<ul>\n<li><strong>Director de la tesis<\/strong>\n<ul>\n<li>Demetrio Barcia Salorio<\/li>\n<\/ul>\n<\/li>\n<li><strong>Tribunal<\/strong>\n<ul>\n<li>Presidente del tribunal:  Ruiz fernandez m. eulalia <\/li>\n<li>Luis Rojo moreno (vocal)<\/li>\n<li>Jos\u00e9 Mar\u00eda Garcia basterrechea (vocal)<\/li>\n<li> Olivares valenzuela m. angustias (vocal)<\/li>\n<\/ul>\n<\/li>\n<\/ul>\n<p>&nbsp;<\/p>\n","protected":false},"excerpt":{"rendered":"<p>Tesis doctoral de Isabel Lopez Arteche Se estudian 60 pacientes con diagn\u00f3stico de episodio depresivo mayor que necesita ingreso hospitalario [&hellip;]<\/p>\n","protected":false},"author":1,"featured_media":0,"comment_status":"open","ping_status":"open","sticky":false,"template":"","format":"standard","meta":{"site-sidebar-layout":"default","site-content-layout":"","ast-site-content-layout":"","site-content-style":"default","site-sidebar-style":"default","ast-global-header-display":"","ast-banner-title-visibility":"","ast-main-header-display":"","ast-hfb-above-header-display":"","ast-hfb-below-header-display":"","ast-hfb-mobile-header-display":"","site-post-title":"","ast-breadcrumbs-content":"","ast-featured-img":"","footer-sml-layout":"","theme-transparent-header-meta":"","adv-header-id-meta":"","stick-header-meta":"","header-above-stick-meta":"","header-main-stick-meta":"","header-below-stick-meta":"","astra-migrate-meta-layouts":"default","ast-page-background-enabled":"default","ast-page-background-meta":{"desktop":{"background-color":"var(--ast-global-color-4)","background-image":"","background-repeat":"repeat","background-position":"center center","background-size":"auto","background-attachment":"scroll","background-type":"","background-media":"","overlay-type":"","overlay-color":"","overlay-gradient":""},"tablet":{"background-color":"","background-image":"","background-repeat":"repeat","background-position":"center center","background-size":"auto","background-attachment":"scroll","background-type":"","background-media":"","overlay-type":"","overlay-color":"","overlay-gradient":""},"mobile":{"background-color":"","background-image":"","background-repeat":"repeat","background-position":"center center","background-size":"auto","background-attachment":"scroll","background-type":"","background-media":"","overlay-type":"","overlay-color":"","overlay-gradient":""}},"ast-content-background-meta":{"desktop":{"background-color":"var(--ast-global-color-5)","background-image":"","background-repeat":"repeat","background-position":"center center","background-size":"auto","background-attachment":"scroll","background-type":"","background-media":"","overlay-type":"","overlay-color":"","overlay-gradient":""},"tablet":{"background-color":"var(--ast-global-color-5)","background-image":"","background-repeat":"repeat","background-position":"center center","background-size":"auto","background-attachment":"scroll","background-type":"","background-media":"","overlay-type":"","overlay-color":"","overlay-gradient":""},"mobile":{"background-color":"var(--ast-global-color-5)","background-image":"","background-repeat":"repeat","background-position":"center center","background-size":"auto","background-attachment":"scroll","background-type":"","background-media":"","overlay-type":"","overlay-color":"","overlay-gradient":""}},"footnotes":""},"categories":[9,957,183,8235,1408],"tags":[463,175407,8439,27390,175408,27641],"class_list":["post-82510","post","type-post","status-publish","format-standard","hentry","category-ciencias-medicas","category-farmacologia","category-farmacos-psicotropicos","category-murcia","category-psiquiatria","tag-demetrio-barcia-salorio","tag-isabel-lopez-arteche","tag-jose-maria-garcia-basterrechea","tag-luis-rojo-moreno","tag-olivares-valenzuela-m-angustias","tag-ruiz-fernandez-m-eulalia"],"_links":{"self":[{"href":"https:\/\/www.deberes.net\/tesis\/wp-json\/wp\/v2\/posts\/82510","targetHints":{"allow":["GET"]}}],"collection":[{"href":"https:\/\/www.deberes.net\/tesis\/wp-json\/wp\/v2\/posts"}],"about":[{"href":"https:\/\/www.deberes.net\/tesis\/wp-json\/wp\/v2\/types\/post"}],"author":[{"embeddable":true,"href":"https:\/\/www.deberes.net\/tesis\/wp-json\/wp\/v2\/users\/1"}],"replies":[{"embeddable":true,"href":"https:\/\/www.deberes.net\/tesis\/wp-json\/wp\/v2\/comments?post=82510"}],"version-history":[{"count":0,"href":"https:\/\/www.deberes.net\/tesis\/wp-json\/wp\/v2\/posts\/82510\/revisions"}],"wp:attachment":[{"href":"https:\/\/www.deberes.net\/tesis\/wp-json\/wp\/v2\/media?parent=82510"}],"wp:term":[{"taxonomy":"category","embeddable":true,"href":"https:\/\/www.deberes.net\/tesis\/wp-json\/wp\/v2\/categories?post=82510"},{"taxonomy":"post_tag","embeddable":true,"href":"https:\/\/www.deberes.net\/tesis\/wp-json\/wp\/v2\/tags?post=82510"}],"curies":[{"name":"wp","href":"https:\/\/api.w.org\/{rel}","templated":true}]}}