{"id":82540,"date":"2000-01-01T00:00:00","date_gmt":"2000-01-01T00:00:00","guid":{"rendered":"https:\/\/www.deberes.net\/tesis\/sin-categoria\/factores-de-riesgo-para-las-psicosis-funcionales-alteraciones-en-el-neurodesarrollo\/"},"modified":"2000-01-01T00:00:00","modified_gmt":"2000-01-01T00:00:00","slug":"factores-de-riesgo-para-las-psicosis-funcionales-alteraciones-en-el-neurodesarrollo","status":"publish","type":"post","link":"https:\/\/www.deberes.net\/tesis\/ciencias-medicas\/factores-de-riesgo-para-las-psicosis-funcionales-alteraciones-en-el-neurodesarrollo\/","title":{"rendered":"Factores de riesgo para las psicosis funcionales: alteraciones en el neurodesarrollo."},"content":{"rendered":"<h2>Tesis doctoral de <strong> Fernando Navarro Mateu <\/strong><\/h2>\n<p>Objetivos: analizar si los factores de riesgo (f.R.) asociados a alteraciones en el neurodesarrollo (dermatoglifos, anomal\u00edas f\u00edsicas menores (afms) y complicaciones obst\u00e9tricas (cos) se asocian a: 1.- La esquizofrenia exclusivamente; 2.- Al sexo; 3.- Una edad de inicio m\u00e1s temprana; y 4.- Entre s\u00ed.  material y m\u00e9todos: estudio caso-control (81 controles sanos y 90 pacientes psic\u00f3ticos-psicosis esquizofre\u00e9nicas (n=43) y no esquizofr\u00e9nicas (n=47).- estudio de dermatoglifos (n\u00famero total de crestas entre tirradios a y b &#8211; tabrc-, y presencia de anormalidades), de afms y de cos. An\u00e1lisis mediante ji-cuadrado y la t de student para variables categ\u00f3ricas y continuas, respectivamente. C\u00e1lculo de odds ratio (or) e intervalo de confianza del 95% (95%ci) como medida de asociaci\u00f3n. La integraci\u00f3n entre f.E. Y sexo por regresi\u00f3n log\u00edstica. La relaci\u00f3n entre f.E. Y edad de inicio por an\u00e1lisis de regresi\u00f3n lineal.  resultados): la psicosis, en relaci\u00f3n al control, presentan una simplificaci\u00f3n del tabrc (or=0.96; 95%ci=0.93-0.99), junto a un exceso de anormalidades dermatogl\u00edficas (2.69; 1.37-5.27), de afms (2.58; 1.89-3.51) y de cos anteparto (5.6; 1.28-24.43). No se han detectado diferencias entre las psicosis. La \u00fanica interacci\u00f3n significativa se restringe a las disociaciones en varones (4.12; 1.76-9.63). Los f.R. No parecen condicionar una edad de inicio m\u00e1s temprana y no parece existir una asociaci\u00f3n entre ellos.  conclusiones: los f.R. Estudiados no deber\u00edan ser considerados como espec\u00edficos de la esquizofrenia, sino comunes al resto de psicosis. Se destaca la importancia del neurodesarrollo en la etiolog\u00eda de las psicosis, resultado de complejos interacciones gen\u00e9tico-ambientales.#<\/p>\n<p>&nbsp;<\/p>\n<h3>Datos acad\u00e9micos de la tesis doctoral \u00ab<strong>Factores de riesgo para las psicosis funcionales: alteraciones en el neurodesarrollo.<\/strong>\u00ab<\/h3>\n<ul>\n<li><strong>T\u00edtulo de la tesis:<\/strong>\u00a0 Factores de riesgo para las psicosis funcionales: alteraciones en el neurodesarrollo. <\/li>\n<li><strong>Autor:<\/strong>\u00a0 Fernando Navarro Mateu <\/li>\n<li><strong>Universidad:<\/strong>\u00a0 Murcia<\/li>\n<li><strong>Fecha de lectura de la tesis:<\/strong>\u00a0 01\/01\/2000<\/li>\n<\/ul>\n<p>&nbsp;<\/p>\n<h3>Direcci\u00f3n y tribunal<\/h3>\n<ul>\n<li><strong>Director de la tesis<\/strong>\n<ul>\n<li>Demetrio Barcia Salorio<\/li>\n<\/ul>\n<\/li>\n<li><strong>Tribunal<\/strong>\n<ul>\n<li>Presidente del tribunal: carmen Leal cerc\u00f3s <\/li>\n<li>Rafael Tabares seisdedos (vocal)<\/li>\n<li>salvador Mart\u00ednez p\u00e9rez (vocal)<\/li>\n<li>joaquin Nieto munuera (vocal)<\/li>\n<\/ul>\n<\/li>\n<\/ul>\n<p>&nbsp;<\/p>\n","protected":false},"excerpt":{"rendered":"<p>Tesis doctoral de Fernando Navarro Mateu Objetivos: analizar si los factores de riesgo (f.R.) asociados a alteraciones en el neurodesarrollo [&hellip;]<\/p>\n","protected":false},"author":1,"featured_media":0,"comment_status":"open","ping_status":"open","sticky":false,"template":"","format":"standard","meta":{"site-sidebar-layout":"default","site-content-layout":"","ast-site-content-layout":"","site-content-style":"default","site-sidebar-style":"default","ast-global-header-display":"","ast-banner-title-visibility":"","ast-main-header-display":"","ast-hfb-above-header-display":"","ast-hfb-below-header-display":"","ast-hfb-mobile-header-display":"","site-post-title":"","ast-breadcrumbs-content":"","ast-featured-img":"","footer-sml-layout":"","theme-transparent-header-meta":"","adv-header-id-meta":"","stick-header-meta":"","header-above-stick-meta":"","header-main-stick-meta":"","header-below-stick-meta":"","astra-migrate-meta-layouts":"default","ast-page-background-enabled":"default","ast-page-background-meta":{"desktop":{"background-color":"var(--ast-global-color-4)","background-image":"","background-repeat":"repeat","background-position":"center center","background-size":"auto","background-attachment":"scroll","background-type":"","background-media":"","overlay-type":"","overlay-color":"","overlay-gradient":""},"tablet":{"background-color":"","background-image":"","background-repeat":"repeat","background-position":"center center","background-size":"auto","background-attachment":"scroll","background-type":"","background-media":"","overlay-type":"","overlay-color":"","overlay-gradient":""},"mobile":{"background-color":"","background-image":"","background-repeat":"repeat","background-position":"center center","background-size":"auto","background-attachment":"scroll","background-type":"","background-media":"","overlay-type":"","overlay-color":"","overlay-gradient":""}},"ast-content-background-meta":{"desktop":{"background-color":"var(--ast-global-color-5)","background-image":"","background-repeat":"repeat","background-position":"center center","background-size":"auto","background-attachment":"scroll","background-type":"","background-media":"","overlay-type":"","overlay-color":"","overlay-gradient":""},"tablet":{"background-color":"var(--ast-global-color-5)","background-image":"","background-repeat":"repeat","background-position":"center center","background-size":"auto","background-attachment":"scroll","background-type":"","background-media":"","overlay-type":"","overlay-color":"","overlay-gradient":""},"mobile":{"background-color":"var(--ast-global-color-5)","background-image":"","background-repeat":"repeat","background-position":"center center","background-size":"auto","background-attachment":"scroll","background-type":"","background-media":"","overlay-type":"","overlay-color":"","overlay-gradient":""}},"footnotes":""},"categories":[9,1086,8235,1408],"tags":[6501,463,175443,21844,54099,33125],"class_list":["post-82540","post","type-post","status-publish","format-standard","hentry","category-ciencias-medicas","category-epidemiologia","category-murcia","category-psiquiatria","tag-carmen-leal-cercos","tag-demetrio-barcia-salorio","tag-fernando-navarro-mateu","tag-joaquin-nieto-munuera","tag-rafael-tabares-seisdedos","tag-salvador-Martinez-perez"],"_links":{"self":[{"href":"https:\/\/www.deberes.net\/tesis\/wp-json\/wp\/v2\/posts\/82540","targetHints":{"allow":["GET"]}}],"collection":[{"href":"https:\/\/www.deberes.net\/tesis\/wp-json\/wp\/v2\/posts"}],"about":[{"href":"https:\/\/www.deberes.net\/tesis\/wp-json\/wp\/v2\/types\/post"}],"author":[{"embeddable":true,"href":"https:\/\/www.deberes.net\/tesis\/wp-json\/wp\/v2\/users\/1"}],"replies":[{"embeddable":true,"href":"https:\/\/www.deberes.net\/tesis\/wp-json\/wp\/v2\/comments?post=82540"}],"version-history":[{"count":0,"href":"https:\/\/www.deberes.net\/tesis\/wp-json\/wp\/v2\/posts\/82540\/revisions"}],"wp:attachment":[{"href":"https:\/\/www.deberes.net\/tesis\/wp-json\/wp\/v2\/media?parent=82540"}],"wp:term":[{"taxonomy":"category","embeddable":true,"href":"https:\/\/www.deberes.net\/tesis\/wp-json\/wp\/v2\/categories?post=82540"},{"taxonomy":"post_tag","embeddable":true,"href":"https:\/\/www.deberes.net\/tesis\/wp-json\/wp\/v2\/tags?post=82540"}],"curies":[{"name":"wp","href":"https:\/\/api.w.org\/{rel}","templated":true}]}}