{"id":82579,"date":"2000-01-01T00:00:00","date_gmt":"2000-01-01T00:00:00","guid":{"rendered":"https:\/\/www.deberes.net\/tesis\/sin-categoria\/la-orientacion-profesional-como-medida-correctora-del-desempleo-de-larga-duracion\/"},"modified":"2000-01-01T00:00:00","modified_gmt":"2000-01-01T00:00:00","slug":"la-orientacion-profesional-como-medida-correctora-del-desempleo-de-larga-duracion","status":"publish","type":"post","link":"https:\/\/www.deberes.net\/tesis\/psicologia\/la-orientacion-profesional-como-medida-correctora-del-desempleo-de-larga-duracion\/","title":{"rendered":"La orientacion profesional como medida correctora del desempleo de larga duracion."},"content":{"rendered":"<h2>Tesis doctoral de <strong>  Ruiz Del Cerro Juan a <\/strong><\/h2>\n<p>La situaci\u00f3n socioecon\u00f3mica en la que nos encontramos actualmente, presenta una gama de problemas que ofrecen m\u00faltiples posibilidades para investigadores, agentes sociales e instituciones que deben buscar alternativas para el cambio. Uno de estos problemas es el desempleo, que como se\u00f1ala montan\u00e9 (1993:34): \u00ab&#8230; Por sus componentes de marginaci\u00f3n, deteriora el proceso de socializaci\u00f3n y reduce el nivel de autoestima (de quienes lo padecen)\u00bb.  adem\u00e1s, una de las tendencias, no s\u00f3lo en espa\u00f1a, sino en europa, es el crecimiento del desempleo de larga duraci\u00f3n.  en la investigaci\u00f3n se aprovecha la alternativa surgida dentro del inem (en los programas de informaci\u00f3n, orientaci\u00f3n y b\u00fasqueda activa de empleo) que cuenta con la presencia de una novedosa acci\u00f3n dapo, desarrollo de aspectos personales para la ocupaci\u00f3n, cuyo objetivo es \u00abconseguir que el desempleado recupere la fuerza y la confianza en s\u00ed mismo para mantenerse en una tarea tan frustrante como la de buscar empleo\u00bb (piqueras g\u00f3mez y rodr\u00edguez morej\u00f3n, 1997 : 321).  el programa de esta acci\u00f3n no hab\u00eda sido evaluado como apareci\u00f3 en una cita reciente de sus autores (piqueras g\u00f3mez y rodr\u00edguez morej\u00f3n, 1997 : 335): \u00abnos estamos esforzando en conseguir herramientas de evaluaci\u00f3n y sistemas de seguimiento que nos sirvan para comprobar la eficacia de nuestro trabajo\u00bb.  y este ha sido el objetivo de la investigaci\u00f3n: describir &#8211; partiendo del an\u00e1lisis del fen\u00f3meno del desempleo y los riesgos que conlleva-, la valoraci\u00f3n de los orientadores responsables de ejecutar la 2a edici\u00f3n de la acci\u00f3n dapo en la regi\u00f3n de murcia.  en la valoraci\u00f3n se presentan propuestas para la mejora del programa que desarrolla la acci\u00f3n.<\/p>\n<p>&nbsp;<\/p>\n<h3>Datos acad\u00e9micos de la tesis doctoral \u00ab<strong>La orientacion profesional como medida correctora del desempleo de larga duracion.<\/strong>\u00ab<\/h3>\n<ul>\n<li><strong>T\u00edtulo de la tesis:<\/strong>\u00a0 La orientacion profesional como medida correctora del desempleo de larga duracion. <\/li>\n<li><strong>Autor:<\/strong>\u00a0  Ruiz Del Cerro Juan a <\/li>\n<li><strong>Universidad:<\/strong>\u00a0 Murcia<\/li>\n<li><strong>Fecha de lectura de la tesis:<\/strong>\u00a0 01\/01\/2000<\/li>\n<\/ul>\n<p>&nbsp;<\/p>\n<h3>Direcci\u00f3n y tribunal<\/h3>\n<ul>\n<li><strong>Director de la tesis<\/strong>\n<ul>\n<li>Josefina Hernandez Fernandez<\/li>\n<\/ul>\n<\/li>\n<li><strong>Tribunal<\/strong>\n<ul>\n<li>Presidente del tribunal: fuensanta Hern\u00e1ndez pina <\/li>\n<li>josep Montan\u00e9 capdevila (vocal)<\/li>\n<li>\u00e1ngel Rodr\u00edguez gonz\u00e1lez (vocal)<\/li>\n<li>victor Alvarez rojo (vocal)<\/li>\n<\/ul>\n<\/li>\n<\/ul>\n<p>&nbsp;<\/p>\n","protected":false},"excerpt":{"rendered":"<p>Tesis doctoral de Ruiz Del Cerro Juan a La situaci\u00f3n socioecon\u00f3mica en la que nos encontramos actualmente, presenta una gama [&hellip;]<\/p>\n","protected":false},"author":1,"featured_media":0,"comment_status":"open","ping_status":"open","sticky":false,"template":"","format":"standard","meta":{"site-sidebar-layout":"default","site-content-layout":"","ast-site-content-layout":"","site-content-style":"default","site-sidebar-style":"default","ast-global-header-display":"","ast-banner-title-visibility":"","ast-main-header-display":"","ast-hfb-above-header-display":"","ast-hfb-below-header-display":"","ast-hfb-mobile-header-display":"","site-post-title":"","ast-breadcrumbs-content":"","ast-featured-img":"","footer-sml-layout":"","theme-transparent-header-meta":"","adv-header-id-meta":"","stick-header-meta":"","header-above-stick-meta":"","header-main-stick-meta":"","header-below-stick-meta":"","astra-migrate-meta-layouts":"default","ast-page-background-enabled":"default","ast-page-background-meta":{"desktop":{"background-color":"var(--ast-global-color-4)","background-image":"","background-repeat":"repeat","background-position":"center center","background-size":"auto","background-attachment":"scroll","background-type":"","background-media":"","overlay-type":"","overlay-color":"","overlay-gradient":""},"tablet":{"background-color":"","background-image":"","background-repeat":"repeat","background-position":"center center","background-size":"auto","background-attachment":"scroll","background-type":"","background-media":"","overlay-type":"","overlay-color":"","overlay-gradient":""},"mobile":{"background-color":"","background-image":"","background-repeat":"repeat","background-position":"center center","background-size":"auto","background-attachment":"scroll","background-type":"","background-media":"","overlay-type":"","overlay-color":"","overlay-gradient":""}},"ast-content-background-meta":{"desktop":{"background-color":"var(--ast-global-color-5)","background-image":"","background-repeat":"repeat","background-position":"center center","background-size":"auto","background-attachment":"scroll","background-type":"","background-media":"","overlay-type":"","overlay-color":"","overlay-gradient":""},"tablet":{"background-color":"var(--ast-global-color-5)","background-image":"","background-repeat":"repeat","background-position":"center center","background-size":"auto","background-attachment":"scroll","background-type":"","background-media":"","overlay-type":"","overlay-color":"","overlay-gradient":""},"mobile":{"background-color":"var(--ast-global-color-5)","background-image":"","background-repeat":"repeat","background-position":"center center","background-size":"auto","background-attachment":"scroll","background-type":"","background-media":"","overlay-type":"","overlay-color":"","overlay-gradient":""}},"footnotes":""},"categories":[1183,8235,1184,1141,324,7126],"tags":[2632,8808,17358,13832,175502,10886],"class_list":["post-82579","post","type-post","status-publish","format-standard","hentry","category-formacion-profesional","category-murcia","category-organizacion-y-planificacion-de-la-educacion","category-pedagogia","category-psicologia","category-psicologia-industrial","tag-angel-rodriguez-gonzalez","tag-fuensanta-hernandez-pina","tag-josefina-hernandez-fernandez","tag-josep-montane-capdevila","tag-ruiz-del-cerro-juan-a","tag-victor-alvarez-rojo"],"_links":{"self":[{"href":"https:\/\/www.deberes.net\/tesis\/wp-json\/wp\/v2\/posts\/82579","targetHints":{"allow":["GET"]}}],"collection":[{"href":"https:\/\/www.deberes.net\/tesis\/wp-json\/wp\/v2\/posts"}],"about":[{"href":"https:\/\/www.deberes.net\/tesis\/wp-json\/wp\/v2\/types\/post"}],"author":[{"embeddable":true,"href":"https:\/\/www.deberes.net\/tesis\/wp-json\/wp\/v2\/users\/1"}],"replies":[{"embeddable":true,"href":"https:\/\/www.deberes.net\/tesis\/wp-json\/wp\/v2\/comments?post=82579"}],"version-history":[{"count":0,"href":"https:\/\/www.deberes.net\/tesis\/wp-json\/wp\/v2\/posts\/82579\/revisions"}],"wp:attachment":[{"href":"https:\/\/www.deberes.net\/tesis\/wp-json\/wp\/v2\/media?parent=82579"}],"wp:term":[{"taxonomy":"category","embeddable":true,"href":"https:\/\/www.deberes.net\/tesis\/wp-json\/wp\/v2\/categories?post=82579"},{"taxonomy":"post_tag","embeddable":true,"href":"https:\/\/www.deberes.net\/tesis\/wp-json\/wp\/v2\/tags?post=82579"}],"curies":[{"name":"wp","href":"https:\/\/api.w.org\/{rel}","templated":true}]}}