{"id":82591,"date":"2000-01-01T00:00:00","date_gmt":"2000-01-01T00:00:00","guid":{"rendered":"https:\/\/www.deberes.net\/tesis\/sin-categoria\/las-tecnologias-de-la-informacion-como-fuente-de-ventajas-competitivas-una-aproximacion-empirica\/"},"modified":"2000-01-01T00:00:00","modified_gmt":"2000-01-01T00:00:00","slug":"las-tecnologias-de-la-informacion-como-fuente-de-ventajas-competitivas-una-aproximacion-empirica","status":"publish","type":"post","link":"https:\/\/www.deberes.net\/tesis\/ciencias-economicas\/las-tecnologias-de-la-informacion-como-fuente-de-ventajas-competitivas-una-aproximacion-empirica\/","title":{"rendered":"Las tecnolog\u00edas de la informacion como fuente de ventajas competitivas. una aproximacion empirica."},"content":{"rendered":"<h2>Tesis doctoral de <strong> Antonio Pa\u00f1os Alvarez <\/strong><\/h2>\n<p>La literatura estrat\u00e9gica viene argumentando que las tecnolog\u00edas de la informaci\u00f3n (ti) producen efectos positivos sobre la competitividad y el rendimiento de las empresas desde un punto de vista industrial o sectorial. Sin embargo estudios contempor\u00e1neos y posteriores ponen en cuesti\u00f3n tal argumento debido a la creciente indefinici\u00f3n de los l\u00edmites sectoriales y a los resultados contradictorios de los estudios emp\u00edricos, que determinaban la existencia de dos problemas sin resolver. Por una parte, la conceptualizaci\u00f3n y medici\u00f3n de variables tan complejas como las ti y el rendimiento y su interrelaci\u00f3n y por otro lado, la determinaci\u00f3n de los factores contingentes a dicha relaci\u00f3n. El presente trabajo plantea una aproximaci\u00f3n te\u00f3rica y emp\u00edrica sobre dicha problem\u00e1tica. As\u00ed tomando como punto de partida el enfoque de recursos, se plantea un modelo te\u00f3rico relacional, analizando las ti como recursos tecnol\u00f3gicos que fundamentan la consecuci\u00f3n de potenciales ventajas competitivas u objetivos potenciales y que afectan a diversos aspectos del rendimiento de las empresas, distinguiendo entre rentabilidad, productividad y otros aspectos (diferenciaci\u00f3n y servicio al cliente). Para ello, se clasifican las ti en cuatro amplias categor\u00edas que identifican sus ventajas potenciales internas y externas y su efecto sobre la eficacia y eficiencia de las empresas. Se establece una escala de medida del esfuerzo inversor en ti y del nivel de desarrollo de las diversas aplicaciones de ti, que se complementa con sendas escalas que tratan de medir el diferente nivel de consecuci\u00f3n de ventajas competitivas alcanzadas por las empresas fruto del empleo de dichas ti. As\u00ed se establecen las oportunas hip\u00f3tesis que tratan de contrastar que mayores niveles de desarrollo de ti permiten a las empresas alcanzar mayores ventajas competitivas que afectan positivamente a su gesti\u00f3n, provocando mayores niveles de rendimiento. Los resultad<\/p>\n<p>&nbsp;<\/p>\n<h3>Datos acad\u00e9micos de la tesis doctoral \u00ab<strong>Las tecnolog\u00edas de la informacion como fuente de ventajas competitivas. una aproximacion empirica.<\/strong>\u00ab<\/h3>\n<ul>\n<li><strong>T\u00edtulo de la tesis:<\/strong>\u00a0 Las tecnolog\u00edas de la informacion como fuente de ventajas competitivas. una aproximacion empirica. <\/li>\n<li><strong>Autor:<\/strong>\u00a0 Antonio Pa\u00f1os Alvarez <\/li>\n<li><strong>Universidad:<\/strong>\u00a0 Murcia<\/li>\n<li><strong>Fecha de lectura de la tesis:<\/strong>\u00a0 01\/01\/2000<\/li>\n<\/ul>\n<p>&nbsp;<\/p>\n<h3>Direcci\u00f3n y tribunal<\/h3>\n<ul>\n<li><strong>Director de la tesis<\/strong>\n<ul>\n<li>Ramon Sabater Sanchez<\/li>\n<\/ul>\n<\/li>\n<li><strong>Tribunal<\/strong>\n<ul>\n<li>Presidente del tribunal: Jos\u00e9 emilio Navas l\u00f3pez <\/li>\n<li>Jos\u00e9 Mar\u00eda Torralba mart\u00ednez (vocal)<\/li>\n<li>Juan  Manuel Garc\u00eda falc\u00f3n (vocal)<\/li>\n<li>Jos\u00e9 vicente Rodriguez mu\u00f1oz (vocal)<\/li>\n<\/ul>\n<\/li>\n<\/ul>\n<p>&nbsp;<\/p>\n","protected":false},"excerpt":{"rendered":"<p>Tesis doctoral de Antonio Pa\u00f1os Alvarez La literatura estrat\u00e9gica viene argumentando que las tecnolog\u00edas de la informaci\u00f3n (ti) producen efectos [&hellip;]<\/p>\n","protected":false},"author":1,"featured_media":0,"comment_status":"open","ping_status":"open","sticky":false,"template":"","format":"standard","meta":{"site-sidebar-layout":"default","site-content-layout":"","ast-site-content-layout":"","site-content-style":"default","site-sidebar-style":"default","ast-global-header-display":"","ast-banner-title-visibility":"","ast-main-header-display":"","ast-hfb-above-header-display":"","ast-hfb-below-header-display":"","ast-hfb-mobile-header-display":"","site-post-title":"","ast-breadcrumbs-content":"","ast-featured-img":"","footer-sml-layout":"","theme-transparent-header-meta":"","adv-header-id-meta":"","stick-header-meta":"","header-above-stick-meta":"","header-main-stick-meta":"","header-below-stick-meta":"","astra-migrate-meta-layouts":"default","ast-page-background-enabled":"default","ast-page-background-meta":{"desktop":{"background-color":"var(--ast-global-color-4)","background-image":"","background-repeat":"repeat","background-position":"center center","background-size":"auto","background-attachment":"scroll","background-type":"","background-media":"","overlay-type":"","overlay-color":"","overlay-gradient":""},"tablet":{"background-color":"","background-image":"","background-repeat":"repeat","background-position":"center center","background-size":"auto","background-attachment":"scroll","background-type":"","background-media":"","overlay-type":"","overlay-color":"","overlay-gradient":""},"mobile":{"background-color":"","background-image":"","background-repeat":"repeat","background-position":"center center","background-size":"auto","background-attachment":"scroll","background-type":"","background-media":"","overlay-type":"","overlay-color":"","overlay-gradient":""}},"ast-content-background-meta":{"desktop":{"background-color":"var(--ast-global-color-5)","background-image":"","background-repeat":"repeat","background-position":"center center","background-size":"auto","background-attachment":"scroll","background-type":"","background-media":"","overlay-type":"","overlay-color":"","overlay-gradient":""},"tablet":{"background-color":"var(--ast-global-color-5)","background-image":"","background-repeat":"repeat","background-position":"center center","background-size":"auto","background-attachment":"scroll","background-type":"","background-media":"","overlay-type":"","overlay-color":"","overlay-gradient":""},"mobile":{"background-color":"var(--ast-global-color-5)","background-image":"","background-repeat":"repeat","background-position":"center center","background-size":"auto","background-attachment":"scroll","background-type":"","background-media":"","overlay-type":"","overlay-color":"","overlay-gradient":""}},"footnotes":""},"categories":[82,836,991,8235,1302],"tags":[143789,5987,30711,24931,16681,25068],"class_list":["post-82591","post","type-post","status-publish","format-standard","hentry","category-ciencias-economicas","category-economia-del-cambio-tecnologico","category-innovacion-tecnologica","category-murcia","category-organizacion-y-gestion-de-empresas","tag-antonio-panos-alvarez","tag-jose-emilio-navas-lopez","tag-jose-maria-torralba-Martinez","tag-jose-vicente-rodriguez-munoz","tag-juan-manuel-garcia-falcon","tag-ramon-sabater-sanchez"],"_links":{"self":[{"href":"https:\/\/www.deberes.net\/tesis\/wp-json\/wp\/v2\/posts\/82591","targetHints":{"allow":["GET"]}}],"collection":[{"href":"https:\/\/www.deberes.net\/tesis\/wp-json\/wp\/v2\/posts"}],"about":[{"href":"https:\/\/www.deberes.net\/tesis\/wp-json\/wp\/v2\/types\/post"}],"author":[{"embeddable":true,"href":"https:\/\/www.deberes.net\/tesis\/wp-json\/wp\/v2\/users\/1"}],"replies":[{"embeddable":true,"href":"https:\/\/www.deberes.net\/tesis\/wp-json\/wp\/v2\/comments?post=82591"}],"version-history":[{"count":0,"href":"https:\/\/www.deberes.net\/tesis\/wp-json\/wp\/v2\/posts\/82591\/revisions"}],"wp:attachment":[{"href":"https:\/\/www.deberes.net\/tesis\/wp-json\/wp\/v2\/media?parent=82591"}],"wp:term":[{"taxonomy":"category","embeddable":true,"href":"https:\/\/www.deberes.net\/tesis\/wp-json\/wp\/v2\/categories?post=82591"},{"taxonomy":"post_tag","embeddable":true,"href":"https:\/\/www.deberes.net\/tesis\/wp-json\/wp\/v2\/tags?post=82591"}],"curies":[{"name":"wp","href":"https:\/\/api.w.org\/{rel}","templated":true}]}}