{"id":82613,"date":"2000-01-01T00:00:00","date_gmt":"2000-01-01T00:00:00","guid":{"rendered":"https:\/\/www.deberes.net\/tesis\/sin-categoria\/prevalencia-de-tabaquismo-en-poblacion-adulta-y-su-relacion-con-factores-de-riesgo-cardiovascular\/"},"modified":"2000-01-01T00:00:00","modified_gmt":"2000-01-01T00:00:00","slug":"prevalencia-de-tabaquismo-en-poblacion-adulta-y-su-relacion-con-factores-de-riesgo-cardiovascular","status":"publish","type":"post","link":"https:\/\/www.deberes.net\/tesis\/ciencias-medicas\/prevalencia-de-tabaquismo-en-poblacion-adulta-y-su-relacion-con-factores-de-riesgo-cardiovascular\/","title":{"rendered":"PreValencia de tabaquismo en poblacion adulta y su relacion con factores de riesgo cardiovascular."},"content":{"rendered":"<h2>Tesis doctoral de <strong>  Ortin Arroniz Jos\u00e9 Manuel <\/strong><\/h2>\n<p>Objetivos: 1.- Conocer la preValencia del h\u00e1bito tab\u00e1quico en la poblaci\u00f3n, mayor de 20 a\u00f1os, del municipio de albatera (alicante). 2.- Detectar y analizar las caracter\u00edsticas epidemiol\u00f3gicas de la poblaci\u00f3n fumadora de dicha localidad. 3.- Correlacionar el h\u00e1bito tab\u00e1quico con otros factores de riesgo cardiovascular (hipertensi\u00f3n arterial, dislipemias, obesidad y diabetes mellitus) en dicha poblaci\u00f3n.  material y mtodo: estudio epidemiol\u00f3gico, transversal, descriptivo, realizado en el municipio de albatera (alicante). Las unidades b\u00e1sicas de muestreo han sido las personas de 20 o m\u00e1s a\u00f1os, residentes en dicho municipio, seleccionadas a trav\u00e9s del padr\u00f3n municipal, mediante muestreo aleatorio simple, previa estratificaci\u00f3n por sexo y grupos de edad. Para la obtenci\u00f3n de datos hemos utilizado un cuestionario, previamente validado, con preguntas sobre el h\u00e1bito tab\u00e1quico y otras variables (edad, sexo, datos socioecon\u00f3micos, enfermedades previas, toma de anticonceptivos); exploraci\u00f3n f\u00edsica (toma de tensi\u00f3n arterial, peso y talla); extracci\u00f3n sangu\u00ednea (hemograma y bioqu\u00edmica).  resultados: la tasa de respuesta fue del 61,98% (61,5% para mujeres y 62,4% para los hombres). La preValencia de tabaquismo fue del 32,8% (40,2% de los hombres y 25,4% de las mujeres), la proporci\u00f3n de fumadores fue del 20,3%, no habiendo fumado nunca el 46,9% de la poblaci\u00f3n. La mayor proporci\u00f3n de fumadores (60,4%) se da entre los que tienen de 20 a 29 a\u00f1os (60,8% en las mujeres y 60,0% en los hombres), el 46,9% de los fumadores eran grandes fumadores (consumian 20 o m\u00e1s cig.\/D\u00eda). Las mayores tasas de tabaquismo se da entre los m\u00e1s j\u00f3venes (20 a 29 a\u00f1os), que no tienen estudios (77,7%), las mujeres que se dedican a labores del hogar (100,0%) y en los que trabajan (69,4%).  la preValencia de tabaquismo en los diagnosticados de hipercolesterolemia fue del 28,7%, 23,1% en los que ten\u00edan diabetes mellitus y el 18,2% e<\/p>\n<p>&nbsp;<\/p>\n<h3>Datos acad\u00e9micos de la tesis doctoral \u00ab<strong>PreValencia de tabaquismo en poblacion adulta y su relacion con factores de riesgo cardiovascular.<\/strong>\u00ab<\/h3>\n<ul>\n<li><strong>T\u00edtulo de la tesis:<\/strong>\u00a0 PreValencia de tabaquismo en poblacion adulta y su relacion con factores de riesgo cardiovascular. <\/li>\n<li><strong>Autor:<\/strong>\u00a0  Ortin Arroniz Jos\u00e9 Manuel <\/li>\n<li><strong>Universidad:<\/strong>\u00a0 Murcia<\/li>\n<li><strong>Fecha de lectura de la tesis:<\/strong>\u00a0 01\/01\/2000<\/li>\n<\/ul>\n<p>&nbsp;<\/p>\n<h3>Direcci\u00f3n y tribunal<\/h3>\n<ul>\n<li><strong>Director de la tesis<\/strong>\n<ul>\n<li>Fernando S\u00e1nchez Gasc\u00f3n<\/li>\n<\/ul>\n<\/li>\n<li><strong>Tribunal<\/strong>\n<ul>\n<li>Presidente del tribunal:  Gomez de los terreros sanchez javier <\/li>\n<li>elvira Ramos garcia (vocal)<\/li>\n<li>Jaime Martinez gonzalez-rio (vocal)<\/li>\n<li>federico Soria arcos (vocal)<\/li>\n<\/ul>\n<\/li>\n<\/ul>\n<p>&nbsp;<\/p>\n","protected":false},"excerpt":{"rendered":"<p>Tesis doctoral de Ortin Arroniz Jos\u00e9 Manuel Objetivos: 1.- Conocer la preValencia del h\u00e1bito tab\u00e1quico en la poblaci\u00f3n, mayor de [&hellip;]<\/p>\n","protected":false},"author":1,"featured_media":0,"comment_status":"open","ping_status":"open","sticky":false,"template":"","format":"standard","meta":{"site-sidebar-layout":"default","site-content-layout":"","ast-site-content-layout":"","site-content-style":"default","site-sidebar-style":"default","ast-global-header-display":"","ast-banner-title-visibility":"","ast-main-header-display":"","ast-hfb-above-header-display":"","ast-hfb-below-header-display":"","ast-hfb-mobile-header-display":"","site-post-title":"","ast-breadcrumbs-content":"","ast-featured-img":"","footer-sml-layout":"","theme-transparent-header-meta":"","adv-header-id-meta":"","stick-header-meta":"","header-above-stick-meta":"","header-main-stick-meta":"","header-below-stick-meta":"","astra-migrate-meta-layouts":"default","ast-page-background-enabled":"default","ast-page-background-meta":{"desktop":{"background-color":"var(--ast-global-color-4)","background-image":"","background-repeat":"repeat","background-position":"center center","background-size":"auto","background-attachment":"scroll","background-type":"","background-media":"","overlay-type":"","overlay-color":"","overlay-gradient":""},"tablet":{"background-color":"","background-image":"","background-repeat":"repeat","background-position":"center center","background-size":"auto","background-attachment":"scroll","background-type":"","background-media":"","overlay-type":"","overlay-color":"","overlay-gradient":""},"mobile":{"background-color":"","background-image":"","background-repeat":"repeat","background-position":"center center","background-size":"auto","background-attachment":"scroll","background-type":"","background-media":"","overlay-type":"","overlay-color":"","overlay-gradient":""}},"ast-content-background-meta":{"desktop":{"background-color":"var(--ast-global-color-5)","background-image":"","background-repeat":"repeat","background-position":"center center","background-size":"auto","background-attachment":"scroll","background-type":"","background-media":"","overlay-type":"","overlay-color":"","overlay-gradient":""},"tablet":{"background-color":"var(--ast-global-color-5)","background-image":"","background-repeat":"repeat","background-position":"center center","background-size":"auto","background-attachment":"scroll","background-type":"","background-media":"","overlay-type":"","overlay-color":"","overlay-gradient":""},"mobile":{"background-color":"var(--ast-global-color-5)","background-image":"","background-repeat":"repeat","background-position":"center center","background-size":"auto","background-attachment":"scroll","background-type":"","background-media":"","overlay-type":"","overlay-color":"","overlay-gradient":""}},"footnotes":""},"categories":[9,1086,139,8235],"tags":[8266,32369,7468,175549,3295,175548],"class_list":["post-82613","post","type-post","status-publish","format-standard","hentry","category-ciencias-medicas","category-epidemiologia","category-medicina-interna","category-murcia","tag-elvira-ramos-garcia","tag-federico-soria-arcos","tag-fernando-sanchez-gascon","tag-gomez-de-los-terreros-sanchez-javier","tag-jaime-Martinez-gonzalez-rio","tag-ortin-arroniz-jose-manuel"],"_links":{"self":[{"href":"https:\/\/www.deberes.net\/tesis\/wp-json\/wp\/v2\/posts\/82613","targetHints":{"allow":["GET"]}}],"collection":[{"href":"https:\/\/www.deberes.net\/tesis\/wp-json\/wp\/v2\/posts"}],"about":[{"href":"https:\/\/www.deberes.net\/tesis\/wp-json\/wp\/v2\/types\/post"}],"author":[{"embeddable":true,"href":"https:\/\/www.deberes.net\/tesis\/wp-json\/wp\/v2\/users\/1"}],"replies":[{"embeddable":true,"href":"https:\/\/www.deberes.net\/tesis\/wp-json\/wp\/v2\/comments?post=82613"}],"version-history":[{"count":0,"href":"https:\/\/www.deberes.net\/tesis\/wp-json\/wp\/v2\/posts\/82613\/revisions"}],"wp:attachment":[{"href":"https:\/\/www.deberes.net\/tesis\/wp-json\/wp\/v2\/media?parent=82613"}],"wp:term":[{"taxonomy":"category","embeddable":true,"href":"https:\/\/www.deberes.net\/tesis\/wp-json\/wp\/v2\/categories?post=82613"},{"taxonomy":"post_tag","embeddable":true,"href":"https:\/\/www.deberes.net\/tesis\/wp-json\/wp\/v2\/tags?post=82613"}],"curies":[{"name":"wp","href":"https:\/\/api.w.org\/{rel}","templated":true}]}}