{"id":82668,"date":"2000-01-01T00:00:00","date_gmt":"2000-01-01T00:00:00","guid":{"rendered":"https:\/\/www.deberes.net\/tesis\/sin-categoria\/aportacion-a-las-definiciones-de-potencia-en-regimen-polifasico-no-sinusoidal\/"},"modified":"2000-01-01T00:00:00","modified_gmt":"2000-01-01T00:00:00","slug":"aportacion-a-las-definiciones-de-potencia-en-regimen-polifasico-no-sinusoidal","status":"publish","type":"post","link":"https:\/\/www.deberes.net\/tesis\/ciencias-tecnologicas\/aportacion-a-las-definiciones-de-potencia-en-regimen-polifasico-no-sinusoidal\/","title":{"rendered":"Aportacion a las definiciones de potencia en regimen polifasico no sinusoidal."},"content":{"rendered":"<h2>Tesis doctoral de <strong> Pedro Mar\u00eda Lara Santillan <\/strong><\/h2>\n<p>La tesis presenta, en primer lugar, una revisi\u00f3n critica del estado del arte de las definiciones de potencia en r\u00e9gimen no sinusoidal a trav\u00e9s de un estudio de aqu\u00e9llas que se consideran de mayor impacto.  en base al mismo, y muy especialmente a las definiciones representadas de las corrientes alemanas y de ieee, se propone una nueva definici\u00f3n de potencia aparente en r\u00e9gimen trif\u00e1sico no sinusoidal. Asi, en base al aprovechamiento que de ella hace la carga. Seguidamente, se extiende el estudio de un sistema gen\u00e9rico de k fases.  a continuaci\u00f3n se estudia la compensaci\u00f3n de la potencia aparente. Primero, se aborda una remodelizaci\u00f3n del c\u00e1lculo de baterias de condensadores, de modo que incluya las asimetrias y deformaciones de las formas de onda de tensi\u00f3n.  finalmente, se hace un un estudio de la eficiencia y fiabilidad de los algoritmos de control para los m\u00f3dulos onduladores de los compensadores activos.  los puntos anteriormente expuestos son contrastados con medidas reales, ensayos de laboratorio y simulaciones en ordenador.#<\/p>\n<p>&nbsp;<\/p>\n<h3>Datos acad\u00e9micos de la tesis doctoral \u00ab<strong>Aportacion a las definiciones de potencia en regimen polifasico no sinusoidal.<\/strong>\u00ab<\/h3>\n<ul>\n<li><strong>T\u00edtulo de la tesis:<\/strong>\u00a0 Aportacion a las definiciones de potencia en regimen polifasico no sinusoidal. <\/li>\n<li><strong>Autor:<\/strong>\u00a0 Pedro Mar\u00eda Lara Santillan <\/li>\n<li><strong>Universidad:<\/strong>\u00a0 Cantabria<\/li>\n<li><strong>Fecha de lectura de la tesis:<\/strong>\u00a0 01\/01\/2000<\/li>\n<\/ul>\n<p>&nbsp;<\/p>\n<h3>Direcci\u00f3n y tribunal<\/h3>\n<ul>\n<li><strong>Director de la tesis<\/strong>\n<ul>\n<li>Luis Ignacio Eguiluz Moran<\/li>\n<\/ul>\n<\/li>\n<li><strong>Tribunal<\/strong>\n<ul>\n<li>Presidente del tribunal: Carlos Monta\u00f1o asquerino <\/li>\n<li>angel Luis Orille fernandez (vocal)<\/li>\n<li>patricio Salmer\u00f3n revuelta (vocal)<\/li>\n<li>Emilio Jimenez tofe (vocal)<\/li>\n<\/ul>\n<\/li>\n<\/ul>\n<p>&nbsp;<\/p>\n","protected":false},"excerpt":{"rendered":"<p>Tesis doctoral de Pedro Mar\u00eda Lara Santillan La tesis presenta, en primer lugar, una revisi\u00f3n critica del estado del arte [&hellip;]<\/p>\n","protected":false},"author":1,"featured_media":0,"comment_status":"open","ping_status":"open","sticky":false,"template":"","format":"standard","meta":{"site-sidebar-layout":"default","site-content-layout":"","ast-site-content-layout":"","site-content-style":"default","site-sidebar-style":"default","ast-global-header-display":"","ast-banner-title-visibility":"","ast-main-header-display":"","ast-hfb-above-header-display":"","ast-hfb-below-header-display":"","ast-hfb-mobile-header-display":"","site-post-title":"","ast-breadcrumbs-content":"","ast-featured-img":"","footer-sml-layout":"","theme-transparent-header-meta":"","adv-header-id-meta":"","stick-header-meta":"","header-above-stick-meta":"","header-main-stick-meta":"","header-below-stick-meta":"","astra-migrate-meta-layouts":"default","ast-page-background-enabled":"default","ast-page-background-meta":{"desktop":{"background-color":"var(--ast-global-color-4)","background-image":"","background-repeat":"repeat","background-position":"center center","background-size":"auto","background-attachment":"scroll","background-type":"","background-media":"","overlay-type":"","overlay-color":"","overlay-gradient":""},"tablet":{"background-color":"","background-image":"","background-repeat":"repeat","background-position":"center center","background-size":"auto","background-attachment":"scroll","background-type":"","background-media":"","overlay-type":"","overlay-color":"","overlay-gradient":""},"mobile":{"background-color":"","background-image":"","background-repeat":"repeat","background-position":"center center","background-size":"auto","background-attachment":"scroll","background-type":"","background-media":"","overlay-type":"","overlay-color":"","overlay-gradient":""}},"ast-content-background-meta":{"desktop":{"background-color":"var(--ast-global-color-5)","background-image":"","background-repeat":"repeat","background-position":"center center","background-size":"auto","background-attachment":"scroll","background-type":"","background-media":"","overlay-type":"","overlay-color":"","overlay-gradient":""},"tablet":{"background-color":"var(--ast-global-color-5)","background-image":"","background-repeat":"repeat","background-position":"center center","background-size":"auto","background-attachment":"scroll","background-type":"","background-media":"","overlay-type":"","overlay-color":"","overlay-gradient":""},"mobile":{"background-color":"var(--ast-global-color-5)","background-image":"","background-repeat":"repeat","background-position":"center center","background-size":"auto","background-attachment":"scroll","background-type":"","background-media":"","overlay-type":"","overlay-color":"","overlay-gradient":""}},"footnotes":""},"categories":[10518,332,8096,2206],"tags":[30513,175632,44205,10541,11272,175631],"class_list":["post-82668","post","type-post","status-publish","format-standard","hentry","category-cantabria","category-ciencias-tecnologicas","category-ingenieria-y-tecnologia-electricas","category-tecnologia-energetica","tag-angel-luis-orille-fernandez","tag-carlos-montano-asquerino","tag-emilio-jimenez-tofe","tag-luis-ignacio-eguiluz-moran","tag-patricio-salmeron-revuelta","tag-pedro-maria-lara-santillan"],"_links":{"self":[{"href":"https:\/\/www.deberes.net\/tesis\/wp-json\/wp\/v2\/posts\/82668","targetHints":{"allow":["GET"]}}],"collection":[{"href":"https:\/\/www.deberes.net\/tesis\/wp-json\/wp\/v2\/posts"}],"about":[{"href":"https:\/\/www.deberes.net\/tesis\/wp-json\/wp\/v2\/types\/post"}],"author":[{"embeddable":true,"href":"https:\/\/www.deberes.net\/tesis\/wp-json\/wp\/v2\/users\/1"}],"replies":[{"embeddable":true,"href":"https:\/\/www.deberes.net\/tesis\/wp-json\/wp\/v2\/comments?post=82668"}],"version-history":[{"count":0,"href":"https:\/\/www.deberes.net\/tesis\/wp-json\/wp\/v2\/posts\/82668\/revisions"}],"wp:attachment":[{"href":"https:\/\/www.deberes.net\/tesis\/wp-json\/wp\/v2\/media?parent=82668"}],"wp:term":[{"taxonomy":"category","embeddable":true,"href":"https:\/\/www.deberes.net\/tesis\/wp-json\/wp\/v2\/categories?post=82668"},{"taxonomy":"post_tag","embeddable":true,"href":"https:\/\/www.deberes.net\/tesis\/wp-json\/wp\/v2\/tags?post=82668"}],"curies":[{"name":"wp","href":"https:\/\/api.w.org\/{rel}","templated":true}]}}