{"id":82691,"date":"2000-01-01T00:00:00","date_gmt":"2000-01-01T00:00:00","guid":{"rendered":"https:\/\/www.deberes.net\/tesis\/sin-categoria\/arquitectura-publica-sobre-terrazas-en-hispania-durante-el-alto-imperio\/"},"modified":"2000-01-01T00:00:00","modified_gmt":"2000-01-01T00:00:00","slug":"arquitectura-publica-sobre-terrazas-en-hispania-durante-el-alto-imperio","status":"publish","type":"post","link":"https:\/\/www.deberes.net\/tesis\/historia\/arquitectura-publica-sobre-terrazas-en-hispania-durante-el-alto-imperio\/","title":{"rendered":"Arquitectura publica sobre terrazas en hispania durante el alto imperio."},"content":{"rendered":"<h2>Tesis doctoral de <strong>  Sanchez Simon Margarita Ana <\/strong><\/h2>\n<p>Se trata de un trabajo de t\u00e9cnica constructiva. Se analizan las potentes cimentaciones a las que se tuvo que recurrir en algunas de las edificaciones p\u00fablicas m\u00e1s importantes de ciertas ciudades de la pen\u00ednsula ib\u00e9rica. Pero al tiempo es un estudio de lo que supuso este procedimiento t\u00e9cnico para el desarrollo de una serie de n\u00facleos en los que su abrupta topograf\u00eda dificultaba el desarrollo de los programas monumentales.  a trav\u00e9s de 32 ejemplos reconocidos se analiza su t\u00e9cnica constructiva, sus componentes, su morfolog\u00eda y las dimensiones. con todos estos datos se define el tipo de terraza artificial p\u00fablica que se construye en hispania, y cu\u00e1les son sus caracter\u00edsticas espec\u00edficas que lo diferencia de las constru\u00eddas en otras provincias romanas occidentales.  puesto que estas terrazas son la base de ciertas edificaciones (los foros, t\u00e9menos porticados, y en menor medida escenas de teatros y plaestras), \u00e9stas son analizadas, as\u00ed como el papel que en su construcci\u00f3n tuvieron los promotores y evergetas.<\/p>\n<p>&nbsp;<\/p>\n<h3>Datos acad\u00e9micos de la tesis doctoral \u00ab<strong>Arquitectura publica sobre terrazas en hispania durante el alto imperio.<\/strong>\u00ab<\/h3>\n<ul>\n<li><strong>T\u00edtulo de la tesis:<\/strong>\u00a0 Arquitectura publica sobre terrazas en hispania durante el alto imperio. <\/li>\n<li><strong>Autor:<\/strong>\u00a0  Sanchez Simon Margarita Ana <\/li>\n<li><strong>Universidad:<\/strong>\u00a0 Valladolid<\/li>\n<li><strong>Fecha de lectura de la tesis:<\/strong>\u00a0 01\/01\/2000<\/li>\n<\/ul>\n<p>&nbsp;<\/p>\n<h3>Direcci\u00f3n y tribunal<\/h3>\n<ul>\n<li><strong>Director de la tesis<\/strong>\n<ul>\n<li>Carmen Garcia Merino<\/li>\n<\/ul>\n<\/li>\n<li><strong>Tribunal<\/strong>\n<ul>\n<li>Presidente del tribunal: manuel Bendala galan <\/li>\n<li>Manuel Martin bueno (vocal)<\/li>\n<li>Jos\u00e9 Antonio Ab\u00e1solo \u00e1lvarez (vocal)<\/li>\n<li> Jimenez salvador Jos\u00e9 Luis (vocal)<\/li>\n<\/ul>\n<\/li>\n<\/ul>\n<p>&nbsp;<\/p>\n","protected":false},"excerpt":{"rendered":"<p>Tesis doctoral de Sanchez Simon Margarita Ana Se trata de un trabajo de t\u00e9cnica constructiva. Se analizan las potentes cimentaciones [&hellip;]<\/p>\n","protected":false},"author":1,"featured_media":0,"comment_status":"open","ping_status":"open","sticky":false,"template":"","format":"standard","meta":{"site-sidebar-layout":"default","site-content-layout":"","ast-site-content-layout":"","site-content-style":"default","site-sidebar-style":"default","ast-global-header-display":"","ast-banner-title-visibility":"","ast-main-header-display":"","ast-hfb-above-header-display":"","ast-hfb-below-header-display":"","ast-hfb-mobile-header-display":"","site-post-title":"","ast-breadcrumbs-content":"","ast-featured-img":"","footer-sml-layout":"","theme-transparent-header-meta":"","adv-header-id-meta":"","stick-header-meta":"","header-above-stick-meta":"","header-main-stick-meta":"","header-below-stick-meta":"","astra-migrate-meta-layouts":"default","ast-page-background-enabled":"default","ast-page-background-meta":{"desktop":{"background-color":"var(--ast-global-color-4)","background-image":"","background-repeat":"repeat","background-position":"center center","background-size":"auto","background-attachment":"scroll","background-type":"","background-media":"","overlay-type":"","overlay-color":"","overlay-gradient":""},"tablet":{"background-color":"","background-image":"","background-repeat":"repeat","background-position":"center center","background-size":"auto","background-attachment":"scroll","background-type":"","background-media":"","overlay-type":"","overlay-color":"","overlay-gradient":""},"mobile":{"background-color":"","background-image":"","background-repeat":"repeat","background-position":"center center","background-size":"auto","background-attachment":"scroll","background-type":"","background-media":"","overlay-type":"","overlay-color":"","overlay-gradient":""}},"ast-content-background-meta":{"desktop":{"background-color":"var(--ast-global-color-5)","background-image":"","background-repeat":"repeat","background-position":"center center","background-size":"auto","background-attachment":"scroll","background-type":"","background-media":"","overlay-type":"","overlay-color":"","overlay-gradient":""},"tablet":{"background-color":"var(--ast-global-color-5)","background-image":"","background-repeat":"repeat","background-position":"center center","background-size":"auto","background-attachment":"scroll","background-type":"","background-media":"","overlay-type":"","overlay-color":"","overlay-gradient":""},"mobile":{"background-color":"var(--ast-global-color-5)","background-image":"","background-repeat":"repeat","background-position":"center center","background-size":"auto","background-attachment":"scroll","background-type":"","background-media":"","overlay-type":"","overlay-color":"","overlay-gradient":""}},"footnotes":""},"categories":[1623,1624,104,1745,222,12451],"tags":[62725,34754,8284,14487,8282,175664],"class_list":["post-82691","post","type-post","status-publish","format-standard","hentry","category-arqueologia","category-ciencias-auxiliares-de-la-historia","category-historia","category-historia-de-la-arquitectura","category-historias-especializadas","category-valladolid","tag-carmen-garcia-merino","tag-jimenez-salvador-jose-luis","tag-jose-antonio-abasolo-alvarez","tag-manuel-bendala-galan","tag-manuel-martin-bueno","tag-sanchez-simon-margarita-ana"],"_links":{"self":[{"href":"https:\/\/www.deberes.net\/tesis\/wp-json\/wp\/v2\/posts\/82691","targetHints":{"allow":["GET"]}}],"collection":[{"href":"https:\/\/www.deberes.net\/tesis\/wp-json\/wp\/v2\/posts"}],"about":[{"href":"https:\/\/www.deberes.net\/tesis\/wp-json\/wp\/v2\/types\/post"}],"author":[{"embeddable":true,"href":"https:\/\/www.deberes.net\/tesis\/wp-json\/wp\/v2\/users\/1"}],"replies":[{"embeddable":true,"href":"https:\/\/www.deberes.net\/tesis\/wp-json\/wp\/v2\/comments?post=82691"}],"version-history":[{"count":0,"href":"https:\/\/www.deberes.net\/tesis\/wp-json\/wp\/v2\/posts\/82691\/revisions"}],"wp:attachment":[{"href":"https:\/\/www.deberes.net\/tesis\/wp-json\/wp\/v2\/media?parent=82691"}],"wp:term":[{"taxonomy":"category","embeddable":true,"href":"https:\/\/www.deberes.net\/tesis\/wp-json\/wp\/v2\/categories?post=82691"},{"taxonomy":"post_tag","embeddable":true,"href":"https:\/\/www.deberes.net\/tesis\/wp-json\/wp\/v2\/tags?post=82691"}],"curies":[{"name":"wp","href":"https:\/\/api.w.org\/{rel}","templated":true}]}}