{"id":82695,"date":"2000-01-01T00:00:00","date_gmt":"2000-01-01T00:00:00","guid":{"rendered":"https:\/\/www.deberes.net\/tesis\/sin-categoria\/ecografia-y-tc-en-el-diagnostico-de-la-apendicitis-aguda-valor-diagnostico-e-indicaciones\/"},"modified":"2000-01-01T00:00:00","modified_gmt":"2000-01-01T00:00:00","slug":"ecografia-y-tc-en-el-diagnostico-de-la-apendicitis-aguda-valor-diagnostico-e-indicaciones","status":"publish","type":"post","link":"https:\/\/www.deberes.net\/tesis\/filosofia\/ecografia-y-tc-en-el-diagnostico-de-la-apendicitis-aguda-valor-diagnostico-e-indicaciones\/","title":{"rendered":"Ecografia y tc en el diagnostico de la apendicitis aguda. valor diagnostico e indicaciones."},"content":{"rendered":"<h2>Tesis doctoral de <strong> Jos\u00e9 Lu\u00eds Del Cura Rodr\u00edguez <\/strong><\/h2>\n<p>Objetivos:  el diagn\u00f3stico de la apendicitis aguada ha sido tradicionalmente cl\u00ednico. La introducci\u00f3n de la ecografia y la tomograf\u00eda computarizada (tc) del ap\u00e9ndice permite obtener un diagn\u00f3stico de apendicitis de alta fiabilidad. En este trabajo se pretende comparar la fiabilidad de ambas t\u00e9cnicas entre s\u00ed, tanto en el conjunto de la poblaci\u00f3n como en diversos subgrupos poblacionales construidos seg\u00fan el sexo, la edad  y el h\u00e1bito corporal.  por otra parte se intenta comprobar la utilidad cl\u00ednica real de la aplicaci\u00f3n de t\u00e9cnicas de imagen al diagn\u00f3stico de la apendicitis observando el efecto que producen en la morbilidad y en la tasa de apendicectom\u00edas negativas. Asimismo se valorar\u00e1 la indicaci\u00f3n de las t\u00e9cnicas de imagen seg\u00fan el grado de sospecha cl\u00ednica de apendicitis.  bas\u00e1ndose en los datos obtenidos se propondr\u00e1 un \u00e1rbol de decisiones en el diagn\u00f3stico de la apendicitis, con el papel de las t\u00e9cnicas de imagen en \u00e9l.  material y m\u00e9todos:  se seleccion\u00f3 a un grupo de 152 pacientes ingresados en el hospital de basurto con sospecha de apendicitis durante un a\u00f1o bas\u00e1ndose en la hora de admisi\u00f3n. A todos se les realiz\u00f3 ecografia y tc. Se obtuvo tambi\u00e9n el grado de sospecha cl\u00ednica de apendicitis y el h\u00e1bito corporal del paciente. El diagn\u00f3stico final se bas\u00f3 en los hallazgos quir\u00fargicos o en la evoluci\u00f3n cl\u00ednica. Se registraron los d\u00edas de hospitalizaci\u00f3n y las complicaciones.  en el mismo periodo fueron operados por sospecha de apendicitis 180 pacientes que no pertenec\u00edan al grupoanterior. A 56 de ellos se les hab\u00eda practicado ecograf\u00eda. De ellos se registr\u00f3 el diagn\u00f3stico final, el tiempo de ingreso y las complicaciones.  resultados:  el diagn\u00f3stico cl\u00ednico fue escasamente fiable en el grupo de pacientes estudiado. La fiabilidad diagn\u00f3stica tanto de la ecograf\u00eda como de la ct fue muy alta, y similar en ambas t\u00e9cnicas. La ecograf\u00eda fue m\u00e1s fiable en ni\u00f1<\/p>\n<p>&nbsp;<\/p>\n<h3>Datos acad\u00e9micos de la tesis doctoral \u00ab<strong>Ecografia y tc en el diagnostico de la apendicitis aguda. valor diagnostico e indicaciones.<\/strong>\u00ab<\/h3>\n<ul>\n<li><strong>T\u00edtulo de la tesis:<\/strong>\u00a0 Ecografia y tc en el diagnostico de la apendicitis aguda. valor diagnostico e indicaciones. <\/li>\n<li><strong>Autor:<\/strong>\u00a0 Jos\u00e9 Lu\u00eds Del Cura Rodr\u00edguez <\/li>\n<li><strong>Universidad:<\/strong>\u00a0 Pa\u00eds vasco\/euskal herriko unibertsitatea<\/li>\n<li><strong>Fecha de lectura de la tesis:<\/strong>\u00a0 01\/01\/2000<\/li>\n<\/ul>\n<p>&nbsp;<\/p>\n<h3>Direcci\u00f3n y tribunal<\/h3>\n<ul>\n<li><strong>Director de la tesis<\/strong>\n<ul>\n<li>Domingo Grande Icaran<\/li>\n<\/ul>\n<\/li>\n<li><strong>Tribunal<\/strong>\n<ul>\n<li>Presidente del tribunal: Jaime Mendez martin <\/li>\n<li>Mar\u00eda  teresa Delgado macias (vocal)<\/li>\n<li>Fernando Solsona motrel (vocal)<\/li>\n<li>Jos\u00e9 lucio Villavieja atance (vocal)<\/li>\n<\/ul>\n<\/li>\n<\/ul>\n<p>&nbsp;<\/p>\n","protected":false},"excerpt":{"rendered":"<p>Tesis doctoral de Jos\u00e9 Lu\u00eds Del Cura Rodr\u00edguez Objetivos: el diagn\u00f3stico de la apendicitis aguada ha sido tradicionalmente cl\u00ednico. La [&hellip;]<\/p>\n","protected":false},"author":1,"featured_media":0,"comment_status":"open","ping_status":"open","sticky":false,"template":"","format":"standard","meta":{"site-sidebar-layout":"default","site-content-layout":"","ast-site-content-layout":"","site-content-style":"default","site-sidebar-style":"default","ast-global-header-display":"","ast-banner-title-visibility":"","ast-main-header-display":"","ast-hfb-above-header-display":"","ast-hfb-below-header-display":"","ast-hfb-mobile-header-display":"","site-post-title":"","ast-breadcrumbs-content":"","ast-featured-img":"","footer-sml-layout":"","theme-transparent-header-meta":"","adv-header-id-meta":"","stick-header-meta":"","header-above-stick-meta":"","header-main-stick-meta":"","header-below-stick-meta":"","astra-migrate-meta-layouts":"default","ast-page-background-enabled":"default","ast-page-background-meta":{"desktop":{"background-color":"var(--ast-global-color-4)","background-image":"","background-repeat":"repeat","background-position":"center center","background-size":"auto","background-attachment":"scroll","background-type":"","background-media":"","overlay-type":"","overlay-color":"","overlay-gradient":""},"tablet":{"background-color":"","background-image":"","background-repeat":"repeat","background-position":"center center","background-size":"auto","background-attachment":"scroll","background-type":"","background-media":"","overlay-type":"","overlay-color":"","overlay-gradient":""},"mobile":{"background-color":"","background-image":"","background-repeat":"repeat","background-position":"center center","background-size":"auto","background-attachment":"scroll","background-type":"","background-media":"","overlay-type":"","overlay-color":"","overlay-gradient":""}},"ast-content-background-meta":{"desktop":{"background-color":"var(--ast-global-color-5)","background-image":"","background-repeat":"repeat","background-position":"center center","background-size":"auto","background-attachment":"scroll","background-type":"","background-media":"","overlay-type":"","overlay-color":"","overlay-gradient":""},"tablet":{"background-color":"var(--ast-global-color-5)","background-image":"","background-repeat":"repeat","background-position":"center center","background-size":"auto","background-attachment":"scroll","background-type":"","background-media":"","overlay-type":"","overlay-color":"","overlay-gradient":""},"mobile":{"background-color":"var(--ast-global-color-5)","background-image":"","background-repeat":"repeat","background-position":"center center","background-size":"auto","background-attachment":"scroll","background-type":"","background-media":"","overlay-type":"","overlay-color":"","overlay-gradient":""}},"footnotes":""},"categories":[165,956,12909],"tags":[85452,87077,10122,21541,175669,8164],"class_list":["post-82695","post","type-post","status-publish","format-standard","hentry","category-filosofia","category-filosofia-del-conocimiento","category-pais-vasco-euskal-herriko-unibertsitatea","tag-domingo-grande-icaran","tag-fernando-solsona-motrel","tag-jaime-mendez-martin","tag-jose-lucio-villavieja-atance","tag-jose-luis-del-cura-rodriguez","tag-maria-teresa-delgado-macias"],"_links":{"self":[{"href":"https:\/\/www.deberes.net\/tesis\/wp-json\/wp\/v2\/posts\/82695","targetHints":{"allow":["GET"]}}],"collection":[{"href":"https:\/\/www.deberes.net\/tesis\/wp-json\/wp\/v2\/posts"}],"about":[{"href":"https:\/\/www.deberes.net\/tesis\/wp-json\/wp\/v2\/types\/post"}],"author":[{"embeddable":true,"href":"https:\/\/www.deberes.net\/tesis\/wp-json\/wp\/v2\/users\/1"}],"replies":[{"embeddable":true,"href":"https:\/\/www.deberes.net\/tesis\/wp-json\/wp\/v2\/comments?post=82695"}],"version-history":[{"count":0,"href":"https:\/\/www.deberes.net\/tesis\/wp-json\/wp\/v2\/posts\/82695\/revisions"}],"wp:attachment":[{"href":"https:\/\/www.deberes.net\/tesis\/wp-json\/wp\/v2\/media?parent=82695"}],"wp:term":[{"taxonomy":"category","embeddable":true,"href":"https:\/\/www.deberes.net\/tesis\/wp-json\/wp\/v2\/categories?post=82695"},{"taxonomy":"post_tag","embeddable":true,"href":"https:\/\/www.deberes.net\/tesis\/wp-json\/wp\/v2\/tags?post=82695"}],"curies":[{"name":"wp","href":"https:\/\/api.w.org\/{rel}","templated":true}]}}