{"id":82729,"date":"2000-01-01T00:00:00","date_gmt":"2000-01-01T00:00:00","guid":{"rendered":"https:\/\/www.deberes.net\/tesis\/sin-categoria\/la-insercion-de-lo-imaginario-en-la-estructura-simbolica-de-la-sociedad\/"},"modified":"2000-01-01T00:00:00","modified_gmt":"2000-01-01T00:00:00","slug":"la-insercion-de-lo-imaginario-en-la-estructura-simbolica-de-la-sociedad","status":"publish","type":"post","link":"https:\/\/www.deberes.net\/tesis\/psicologia\/la-insercion-de-lo-imaginario-en-la-estructura-simbolica-de-la-sociedad\/","title":{"rendered":"La insercion de lo imaginario en la estructura simbolica de la sociedad."},"content":{"rendered":"<h2>Tesis doctoral de <strong> Cesar Ramon Galan Cueli <\/strong><\/h2>\n<p>La tesis que planteo pretende dar cuenta de c\u00f3mo opera la inserci\u00f3n de lo imaginario en la estructura simb\u00f3lica de la sociedad a partir de un conjunto de nociones tejidas, desde una perspectiva psicoanal\u00edtica, entre lo individual y social. nociones y conceptos como espacio imaginario y tiempo experiencial -en relaci\u00f3n al cuerpo- y los v\u00ednculos de relaci\u00f3n\/lazos sociales: en el individuo, la identificaci\u00f3n \/proyecci\u00f3n\/ identificaci\u00f3n proyectiva \/ introyecci\u00f3n \/ transferencia; en los grupos, la incorporaci\u00f3n \/ fusionalidad \/ el aglutamiento; en las instituciones y organizaciones, la transmisi\u00f3n y las relaciones inconsciente individual \/ latente institucional. Frente a la negaci\u00f3n del sujeto y de la dimensi\u00f3n transformadora de lo imaginario trato de establecer una nueva relaci\u00f3n de sentido entre aquello que es del orden individual: la secuencia \u00abpensar-creer-crear\u00bb; de lo grupal: la construcci\u00f3n del \u00abnosotros\u00bb y del \u00abproyecto\u00bb; de la institucional: la dial\u00e9ctica instituyente \/ instituido \/ contra-instituci\u00f3n; de las comunidades y sociedades: la creaci\u00f3n de nuevo sentido-significaci\u00f3n.<\/p>\n<p>&nbsp;<\/p>\n<h3>Datos acad\u00e9micos de la tesis doctoral \u00ab<strong>La insercion de lo imaginario en la estructura simbolica de la sociedad.<\/strong>\u00ab<\/h3>\n<ul>\n<li><strong>T\u00edtulo de la tesis:<\/strong>\u00a0 La insercion de lo imaginario en la estructura simbolica de la sociedad. <\/li>\n<li><strong>Autor:<\/strong>\u00a0 Cesar Ramon Galan Cueli <\/li>\n<li><strong>Universidad:<\/strong>\u00a0 Aut\u00f3noma de Madrid<\/li>\n<li><strong>Fecha de lectura de la tesis:<\/strong>\u00a0 01\/01\/2000<\/li>\n<\/ul>\n<p>&nbsp;<\/p>\n<h3>Direcci\u00f3n y tribunal<\/h3>\n<ul>\n<li><strong>Director de la tesis<\/strong>\n<ul>\n<li>Jose Gutierrez Terrazas<\/li>\n<\/ul>\n<\/li>\n<li><strong>Tribunal<\/strong>\n<ul>\n<li>Presidente del tribunal: amalio Blanco abarca <\/li>\n<li>pere Noto brullas (vocal)<\/li>\n<li>bernardo Moreno jim\u00e9nez (vocal)<\/li>\n<li>Carlos Gomez sanchez (vocal)<\/li>\n<\/ul>\n<\/li>\n<\/ul>\n<p>&nbsp;<\/p>\n","protected":false},"excerpt":{"rendered":"<p>Tesis doctoral de Cesar Ramon Galan Cueli La tesis que planteo pretende dar cuenta de c\u00f3mo opera la inserci\u00f3n de [&hellip;]<\/p>\n","protected":false},"author":1,"featured_media":0,"comment_status":"open","ping_status":"open","sticky":false,"template":"","format":"standard","meta":{"site-sidebar-layout":"default","site-content-layout":"","ast-site-content-layout":"","site-content-style":"default","site-sidebar-style":"default","ast-global-header-display":"","ast-banner-title-visibility":"","ast-main-header-display":"","ast-hfb-above-header-display":"","ast-hfb-below-header-display":"","ast-hfb-mobile-header-display":"","site-post-title":"","ast-breadcrumbs-content":"","ast-featured-img":"","footer-sml-layout":"","theme-transparent-header-meta":"","adv-header-id-meta":"","stick-header-meta":"","header-above-stick-meta":"","header-main-stick-meta":"","header-below-stick-meta":"","astra-migrate-meta-layouts":"default","ast-page-background-enabled":"default","ast-page-background-meta":{"desktop":{"background-color":"var(--ast-global-color-4)","background-image":"","background-repeat":"repeat","background-position":"center center","background-size":"auto","background-attachment":"scroll","background-type":"","background-media":"","overlay-type":"","overlay-color":"","overlay-gradient":""},"tablet":{"background-color":"","background-image":"","background-repeat":"repeat","background-position":"center center","background-size":"auto","background-attachment":"scroll","background-type":"","background-media":"","overlay-type":"","overlay-color":"","overlay-gradient":""},"mobile":{"background-color":"","background-image":"","background-repeat":"repeat","background-position":"center center","background-size":"auto","background-attachment":"scroll","background-type":"","background-media":"","overlay-type":"","overlay-color":"","overlay-gradient":""}},"ast-content-background-meta":{"desktop":{"background-color":"var(--ast-global-color-5)","background-image":"","background-repeat":"repeat","background-position":"center center","background-size":"auto","background-attachment":"scroll","background-type":"","background-media":"","overlay-type":"","overlay-color":"","overlay-gradient":""},"tablet":{"background-color":"var(--ast-global-color-5)","background-image":"","background-repeat":"repeat","background-position":"center center","background-size":"auto","background-attachment":"scroll","background-type":"","background-media":"","overlay-type":"","overlay-color":"","overlay-gradient":""},"mobile":{"background-color":"var(--ast-global-color-5)","background-image":"","background-repeat":"repeat","background-position":"center center","background-size":"auto","background-attachment":"scroll","background-type":"","background-media":"","overlay-type":"","overlay-color":"","overlay-gradient":""}},"footnotes":""},"categories":[11204,324,996],"tags":[7128,14440,5009,175721,26774,115771],"class_list":["post-82729","post","type-post","status-publish","format-standard","hentry","category-comportamiento-colectivo","category-psicologia","category-psicologia-social","tag-amalio-blanco-abarca","tag-bernardo-moreno-jimenez","tag-carlos-gomez-sanchez","tag-cesar-ramon-galan-cueli","tag-jose-gutierrez-terrazas","tag-pere-noto-brullas"],"_links":{"self":[{"href":"https:\/\/www.deberes.net\/tesis\/wp-json\/wp\/v2\/posts\/82729","targetHints":{"allow":["GET"]}}],"collection":[{"href":"https:\/\/www.deberes.net\/tesis\/wp-json\/wp\/v2\/posts"}],"about":[{"href":"https:\/\/www.deberes.net\/tesis\/wp-json\/wp\/v2\/types\/post"}],"author":[{"embeddable":true,"href":"https:\/\/www.deberes.net\/tesis\/wp-json\/wp\/v2\/users\/1"}],"replies":[{"embeddable":true,"href":"https:\/\/www.deberes.net\/tesis\/wp-json\/wp\/v2\/comments?post=82729"}],"version-history":[{"count":0,"href":"https:\/\/www.deberes.net\/tesis\/wp-json\/wp\/v2\/posts\/82729\/revisions"}],"wp:attachment":[{"href":"https:\/\/www.deberes.net\/tesis\/wp-json\/wp\/v2\/media?parent=82729"}],"wp:term":[{"taxonomy":"category","embeddable":true,"href":"https:\/\/www.deberes.net\/tesis\/wp-json\/wp\/v2\/categories?post=82729"},{"taxonomy":"post_tag","embeddable":true,"href":"https:\/\/www.deberes.net\/tesis\/wp-json\/wp\/v2\/tags?post=82729"}],"curies":[{"name":"wp","href":"https:\/\/api.w.org\/{rel}","templated":true}]}}