{"id":82761,"date":"2000-01-01T00:00:00","date_gmt":"2000-01-01T00:00:00","guid":{"rendered":"https:\/\/www.deberes.net\/tesis\/sin-categoria\/las-voces-de-gaudi\/"},"modified":"2000-01-01T00:00:00","modified_gmt":"2000-01-01T00:00:00","slug":"las-voces-de-gaudi","status":"publish","type":"post","link":"https:\/\/www.deberes.net\/tesis\/fisica\/las-voces-de-gaudi\/","title":{"rendered":"Las voces de gaudi."},"content":{"rendered":"<h2>Tesis doctoral de <strong> Jos\u00e9 Arturo Campos Rodriguez <\/strong><\/h2>\n<p>En este estudio se encuentran referencias sonoras a las obras de gaud\u00ed, los sonidos propios de sus edificios y se verifica que gaud\u00ed fue consciente del dise\u00f1o ac\u00fastico de los espacios desde el inicio mismo del proyecto; que sab\u00eda el comportamiento ac\u00fastico de sus viviendas, espacios religiosos o p\u00fablicos.  se ha tratado la ac\u00fastica desde el punto de vista po\u00e9tico y f\u00edsico; es decir, la obra de gaud\u00ed como arte genera situaciones sonoras subjetivas as\u00ed como realidades ac\u00fasticas f\u00edsicas objetivas que se aprecian por mediciones sonoras. Cada obra ha sido estudiada bajo dos aspectos: el an\u00e1lisis ac\u00fastico conceptual, como proyecto arquitect\u00f3nico y el an\u00e1lisis ac\u00fastico f\u00edsico, in situ, en los diferentes espacios de cada edificio, realizando el posterior an\u00e1lisis de las mediciones en laboratorio y elaborando modelos de simulaci\u00f3n ac\u00fastica por medio de luz, para espacios en construcci\u00f3n.  la tesis demuestra una gran cantidad de conclusiones ac\u00fasticas obtenidas tanto en cada edificio como globalmente en la obra de gaud\u00ed. Se verifica que m\u00e1s all\u00e1 del aspecto f\u00edsico est\u00e1 el aspecto po\u00e9tico y el intento de hacer de su obra una sinfon\u00eda de formas, espacios y sonidos. Se abre, as\u00ed mismo, camino a futuras investigaciones en cualquiera de los temas tratados, que presentan una gran riqueza ac\u00fastica individual y colectivamente para su m\u00e1xima profundizaci\u00f3n.<\/p>\n<p>&nbsp;<\/p>\n<h3>Datos acad\u00e9micos de la tesis doctoral \u00ab<strong>Las voces de gaudi.<\/strong>\u00ab<\/h3>\n<ul>\n<li><strong>T\u00edtulo de la tesis:<\/strong>\u00a0 Las voces de gaudi. <\/li>\n<li><strong>Autor:<\/strong>\u00a0 Jos\u00e9 Arturo Campos Rodriguez <\/li>\n<li><strong>Universidad:<\/strong>\u00a0 Polit\u00e9cnica de catalunya<\/li>\n<li><strong>Fecha de lectura de la tesis:<\/strong>\u00a0 01\/01\/2000<\/li>\n<\/ul>\n<p>&nbsp;<\/p>\n<h3>Direcci\u00f3n y tribunal<\/h3>\n<ul>\n<li><strong>Director de la tesis<\/strong>\n<ul>\n<li> Daumal Domenech Francesc De Paula<\/li>\n<\/ul>\n<\/li>\n<li><strong>Tribunal<\/strong>\n<ul>\n<li>Presidente del tribunal: jaume Avellaneda diaz grande <\/li>\n<li>alicia Gimenez perez (vocal)<\/li>\n<li>jordi Bonet armengol (vocal)<\/li>\n<li>Juli\u00e1n c\u00e9sar D\u00edaz sanchidrian (vocal)<\/li>\n<\/ul>\n<\/li>\n<\/ul>\n<p>&nbsp;<\/p>\n","protected":false},"excerpt":{"rendered":"<p>Tesis doctoral de Jos\u00e9 Arturo Campos Rodriguez En este estudio se encuentran referencias sonoras a las obras de gaud\u00ed, los [&hellip;]<\/p>\n","protected":false},"author":1,"featured_media":0,"comment_status":"open","ping_status":"open","sticky":false,"template":"","format":"standard","meta":{"site-sidebar-layout":"default","site-content-layout":"","ast-site-content-layout":"","site-content-style":"default","site-sidebar-style":"default","ast-global-header-display":"","ast-banner-title-visibility":"","ast-main-header-display":"","ast-hfb-above-header-display":"","ast-hfb-below-header-display":"","ast-hfb-mobile-header-display":"","site-post-title":"","ast-breadcrumbs-content":"","ast-featured-img":"","footer-sml-layout":"","theme-transparent-header-meta":"","adv-header-id-meta":"","stick-header-meta":"","header-above-stick-meta":"","header-main-stick-meta":"","header-below-stick-meta":"","astra-migrate-meta-layouts":"default","ast-page-background-enabled":"default","ast-page-background-meta":{"desktop":{"background-color":"var(--ast-global-color-4)","background-image":"","background-repeat":"repeat","background-position":"center center","background-size":"auto","background-attachment":"scroll","background-type":"","background-media":"","overlay-type":"","overlay-color":"","overlay-gradient":""},"tablet":{"background-color":"","background-image":"","background-repeat":"repeat","background-position":"center center","background-size":"auto","background-attachment":"scroll","background-type":"","background-media":"","overlay-type":"","overlay-color":"","overlay-gradient":""},"mobile":{"background-color":"","background-image":"","background-repeat":"repeat","background-position":"center center","background-size":"auto","background-attachment":"scroll","background-type":"","background-media":"","overlay-type":"","overlay-color":"","overlay-gradient":""}},"ast-content-background-meta":{"desktop":{"background-color":"var(--ast-global-color-5)","background-image":"","background-repeat":"repeat","background-position":"center center","background-size":"auto","background-attachment":"scroll","background-type":"","background-media":"","overlay-type":"","overlay-color":"","overlay-gradient":""},"tablet":{"background-color":"var(--ast-global-color-5)","background-image":"","background-repeat":"repeat","background-position":"center center","background-size":"auto","background-attachment":"scroll","background-type":"","background-media":"","overlay-type":"","overlay-color":"","overlay-gradient":""},"mobile":{"background-color":"var(--ast-global-color-5)","background-image":"","background-repeat":"repeat","background-position":"center center","background-size":"auto","background-attachment":"scroll","background-type":"","background-media":"","overlay-type":"","overlay-color":"","overlay-gradient":""}},"footnotes":""},"categories":[5190,16945,332,199,15596,15699,4306],"tags":[16948,175767,26542,15781,175766,29668],"class_list":["post-82761","post","type-post","status-publish","format-standard","hentry","category-acustica","category-acustica-arquitectonica","category-ciencias-tecnologicas","category-fisica","category-politecnica-de-catalunya","category-tecnicas-de-diseno-arquitectonico","category-tecnologia-de-la-construccion","tag-alicia-gimenez-perez","tag-daumal-domenech-francesc-de-paula","tag-jaume-avellaneda-diaz-grande","tag-jordi-bonet-armengol","tag-jose-arturo-campos-rodriguez","tag-julian-cesar-diaz-sanchidrian"],"_links":{"self":[{"href":"https:\/\/www.deberes.net\/tesis\/wp-json\/wp\/v2\/posts\/82761","targetHints":{"allow":["GET"]}}],"collection":[{"href":"https:\/\/www.deberes.net\/tesis\/wp-json\/wp\/v2\/posts"}],"about":[{"href":"https:\/\/www.deberes.net\/tesis\/wp-json\/wp\/v2\/types\/post"}],"author":[{"embeddable":true,"href":"https:\/\/www.deberes.net\/tesis\/wp-json\/wp\/v2\/users\/1"}],"replies":[{"embeddable":true,"href":"https:\/\/www.deberes.net\/tesis\/wp-json\/wp\/v2\/comments?post=82761"}],"version-history":[{"count":0,"href":"https:\/\/www.deberes.net\/tesis\/wp-json\/wp\/v2\/posts\/82761\/revisions"}],"wp:attachment":[{"href":"https:\/\/www.deberes.net\/tesis\/wp-json\/wp\/v2\/media?parent=82761"}],"wp:term":[{"taxonomy":"category","embeddable":true,"href":"https:\/\/www.deberes.net\/tesis\/wp-json\/wp\/v2\/categories?post=82761"},{"taxonomy":"post_tag","embeddable":true,"href":"https:\/\/www.deberes.net\/tesis\/wp-json\/wp\/v2\/tags?post=82761"}],"curies":[{"name":"wp","href":"https:\/\/api.w.org\/{rel}","templated":true}]}}