{"id":82763,"date":"2000-01-01T00:00:00","date_gmt":"2000-01-01T00:00:00","guid":{"rendered":"https:\/\/www.deberes.net\/tesis\/sin-categoria\/oscar-niemeyer-reflexiones-sobre-la-arquitectura-una-lectura-de-sus-escritos-1936-1998\/"},"modified":"2000-01-01T00:00:00","modified_gmt":"2000-01-01T00:00:00","slug":"oscar-niemeyer-reflexiones-sobre-la-arquitectura-una-lectura-de-sus-escritos-1936-1998","status":"publish","type":"post","link":"https:\/\/www.deberes.net\/tesis\/historia\/oscar-niemeyer-reflexiones-sobre-la-arquitectura-una-lectura-de-sus-escritos-1936-1998\/","title":{"rendered":"Oscar niemeyer. reflexiones sobre la arquitectura. una lectura de sus escritos 1936-1998."},"content":{"rendered":"<h2>Tesis doctoral de <strong> Elayne Lins Correa <\/strong><\/h2>\n<p>Esta tesis versa sobre la reflexi\u00f3n te\u00f3rica del arquitecto brasile\u00f1o oscar niemeyer. Su intenci\u00f3n va en dos direcciones: la primera es contribuir a llenar un vac\u00edo que constatamos por no haberse dado, hasta hoy, la debida importancia al conjunto de la obra te\u00f3rica de ese arquitecto, compuesta de escritos explicativos de sus obras, de libros, art\u00edculos y entrevistas. enga\u00f1ados por su aparente simplicidad, los expertos no han visto que estos escritos plantean cuestiones complejas que aluden al significado mismo del arte y de la arquitectura. La segunda es contribuir a la discusi\u00f3n de una nueva interpretaci\u00f3n de la obra de oscar niemeyer y, por consiguiente, de la arquitectura brasile\u00f1a. Ste es un momento en el que el proceso de asimilaci\u00f3n de las principales corrientes te\u00f3ricas de europa en el campo de la arquitectura provoca un cierto estado de conciencia infeliz en quien, en la praxis, experimenta la necesidad de un pensamiento m\u00e1s mordiente para responder a los desaf\u00edos puestos por el llamado mundo \u00absubdesarrollado\u00bb. As\u00ed, es natural que las reflexiones que siguen est\u00e9n mezcladas con muchas preguntas, y estas p\u00e1ginas ser\u00e1n el registro de una etapa en la b\u00fasqueda y formaci\u00f3n de una conciencia cr\u00edtica.<\/p>\n<p>&nbsp;<\/p>\n<h3>Datos acad\u00e9micos de la tesis doctoral \u00ab<strong>Oscar niemeyer. reflexiones sobre la arquitectura. una lectura de sus escritos 1936-1998.<\/strong>\u00ab<\/h3>\n<ul>\n<li><strong>T\u00edtulo de la tesis:<\/strong>\u00a0 Oscar niemeyer. reflexiones sobre la arquitectura. una lectura de sus escritos 1936-1998. <\/li>\n<li><strong>Autor:<\/strong>\u00a0 Elayne Lins Correa <\/li>\n<li><strong>Universidad:<\/strong>\u00a0 Polit\u00e9cnica de catalunya<\/li>\n<li><strong>Fecha de lectura de la tesis:<\/strong>\u00a0 01\/01\/2000<\/li>\n<\/ul>\n<p>&nbsp;<\/p>\n<h3>Direcci\u00f3n y tribunal<\/h3>\n<ul>\n<li><strong>Director de la tesis<\/strong>\n<ul>\n<li>Jos\u00e9 Mar\u00eda Montaner Martorell<\/li>\n<\/ul>\n<\/li>\n<li><strong>Tribunal<\/strong>\n<ul>\n<li>Presidente del tribunal: ignasi De sol\u00e1-morales rubi\u00f3 <\/li>\n<li>victor Perez escolano (vocal)<\/li>\n<li>Francisco Javier Monclus fraga (vocal)<\/li>\n<li>Luis Fernandez-galiano ruiz (vocal)<\/li>\n<\/ul>\n<\/li>\n<\/ul>\n<p>&nbsp;<\/p>\n","protected":false},"excerpt":{"rendered":"<p>Tesis doctoral de Elayne Lins Correa Esta tesis versa sobre la reflexi\u00f3n te\u00f3rica del arquitecto brasile\u00f1o oscar niemeyer. Su intenci\u00f3n [&hellip;]<\/p>\n","protected":false},"author":1,"featured_media":0,"comment_status":"open","ping_status":"open","sticky":false,"template":"","format":"standard","meta":{"site-sidebar-layout":"default","site-content-layout":"","ast-site-content-layout":"","site-content-style":"default","site-sidebar-style":"default","ast-global-header-display":"","ast-banner-title-visibility":"","ast-main-header-display":"","ast-hfb-above-header-display":"","ast-hfb-below-header-display":"","ast-hfb-mobile-header-display":"","site-post-title":"","ast-breadcrumbs-content":"","ast-featured-img":"","footer-sml-layout":"","theme-transparent-header-meta":"","adv-header-id-meta":"","stick-header-meta":"","header-above-stick-meta":"","header-main-stick-meta":"","header-below-stick-meta":"","astra-migrate-meta-layouts":"default","ast-page-background-enabled":"default","ast-page-background-meta":{"desktop":{"background-color":"var(--ast-global-color-4)","background-image":"","background-repeat":"repeat","background-position":"center center","background-size":"auto","background-attachment":"scroll","background-type":"","background-media":"","overlay-type":"","overlay-color":"","overlay-gradient":""},"tablet":{"background-color":"","background-image":"","background-repeat":"repeat","background-position":"center center","background-size":"auto","background-attachment":"scroll","background-type":"","background-media":"","overlay-type":"","overlay-color":"","overlay-gradient":""},"mobile":{"background-color":"","background-image":"","background-repeat":"repeat","background-position":"center center","background-size":"auto","background-attachment":"scroll","background-type":"","background-media":"","overlay-type":"","overlay-color":"","overlay-gradient":""}},"ast-content-background-meta":{"desktop":{"background-color":"var(--ast-global-color-5)","background-image":"","background-repeat":"repeat","background-position":"center center","background-size":"auto","background-attachment":"scroll","background-type":"","background-media":"","overlay-type":"","overlay-color":"","overlay-gradient":""},"tablet":{"background-color":"var(--ast-global-color-5)","background-image":"","background-repeat":"repeat","background-position":"center center","background-size":"auto","background-attachment":"scroll","background-type":"","background-media":"","overlay-type":"","overlay-color":"","overlay-gradient":""},"mobile":{"background-color":"var(--ast-global-color-5)","background-image":"","background-repeat":"repeat","background-position":"center center","background-size":"auto","background-attachment":"scroll","background-type":"","background-media":"","overlay-type":"","overlay-color":"","overlay-gradient":""}},"footnotes":""},"categories":[4509,147,12564,104,1745,222,15596],"tags":[175772,33569,88395,15725,15635,11230],"class_list":["post-82763","post","type-post","status-publish","format-standard","hentry","category-arquitectura","category-ciencias-de-las-artes-y-las-letras","category-diseno-arquitectonico","category-historia","category-historia-de-la-arquitectura","category-historias-especializadas","category-politecnica-de-catalunya","tag-elayne-lins-correa","tag-francisco-javier-monclus-fraga","tag-ignasi-de-sola-morales-rubio","tag-jose-maria-montaner-martorell","tag-luis-fernandez-galiano-ruiz","tag-victor-perez-escolano"],"_links":{"self":[{"href":"https:\/\/www.deberes.net\/tesis\/wp-json\/wp\/v2\/posts\/82763","targetHints":{"allow":["GET"]}}],"collection":[{"href":"https:\/\/www.deberes.net\/tesis\/wp-json\/wp\/v2\/posts"}],"about":[{"href":"https:\/\/www.deberes.net\/tesis\/wp-json\/wp\/v2\/types\/post"}],"author":[{"embeddable":true,"href":"https:\/\/www.deberes.net\/tesis\/wp-json\/wp\/v2\/users\/1"}],"replies":[{"embeddable":true,"href":"https:\/\/www.deberes.net\/tesis\/wp-json\/wp\/v2\/comments?post=82763"}],"version-history":[{"count":0,"href":"https:\/\/www.deberes.net\/tesis\/wp-json\/wp\/v2\/posts\/82763\/revisions"}],"wp:attachment":[{"href":"https:\/\/www.deberes.net\/tesis\/wp-json\/wp\/v2\/media?parent=82763"}],"wp:term":[{"taxonomy":"category","embeddable":true,"href":"https:\/\/www.deberes.net\/tesis\/wp-json\/wp\/v2\/categories?post=82763"},{"taxonomy":"post_tag","embeddable":true,"href":"https:\/\/www.deberes.net\/tesis\/wp-json\/wp\/v2\/tags?post=82763"}],"curies":[{"name":"wp","href":"https:\/\/api.w.org\/{rel}","templated":true}]}}