{"id":82827,"date":"2000-01-01T00:00:00","date_gmt":"2000-01-01T00:00:00","guid":{"rendered":"https:\/\/www.deberes.net\/tesis\/sin-categoria\/las-cofradias-de-la-vera-cruz-en-la-rioja\/"},"modified":"2000-01-01T00:00:00","modified_gmt":"2000-01-01T00:00:00","slug":"las-cofradias-de-la-vera-cruz-en-la-rioja","status":"publish","type":"post","link":"https:\/\/www.deberes.net\/tesis\/historia\/las-cofradias-de-la-vera-cruz-en-la-rioja\/","title":{"rendered":"Las cofradias de la vera cruz en la rioja"},"content":{"rendered":"<h2>Tesis doctoral de <strong> Fermin Labarga Garcia <\/strong><\/h2>\n<p>La tesis estudia el origen e implantaci\u00f3n de las cofrad\u00edas de la vera cruz en el territorio de la comunidad aut\u00f3noma de la rioja (espa\u00f1a) a partir de los primeros a\u00f1os del siglo xvi, pasando luego al estudio de los objetivos o fines con que se fundan dichas cofrad\u00edas, los apoyos que reciben para su implantaci\u00f3n y la reglamentaci\u00f3n con que se dotan, as\u00ed como el control que las autoridades eclesi\u00e1sticas ejerc\u00edan sobre ellas; la organizaci\u00f3n interna de la cofrad\u00eda, desde el lugar que eligen para establecer su sede can\u00f3nica, hasta todo lo que se refiere a la admisi\u00f3n de miembros, a las asambleas generales donde los hermanos expresaban su parecer y, por supuesto, a los cargos que deb\u00edan existir para el buen gobierno de la instituci\u00f3n; el culto lit\u00fargico y las devociones que fomentaban estas cofrad\u00edas, reflej\u00e1ndose especialmente algunos de los aspectos m\u00e1s conocidos de estas hermandades referentes a la celebraci\u00f3n de actos piadosos, especialmente durante la cuaresma y la semana santa, pero tambi\u00e9n otros aspectos menos conocidos como el importante papel desempe\u00f1ado por la predicaci\u00f3n en la formaci\u00f3n catequ\u00e9tica y en la vida de oraci\u00f3n de los cofrades.  se estudia de manera detenida el acto m\u00e1s caracter\u00edstico de las cofrad\u00edas de la vera cruz como es la procesi\u00f3n de disciplina que ten\u00eda lugar al anochecer del jueves santo, adem\u00e1s de en otras ocasiones, al igual que la pr\u00e1ctica de la caridad que se ejerc\u00eda tanto dentro como fuera de la instituci\u00f3n confraternal o la relaci\u00f3n cotidiana de sus miembros, que se hac\u00eda festica en las principales fiestas que la cofrad\u00eda celebraba a lo largo del a\u00f1o, adquiriendo tambi\u00e9n una dimensi\u00f3n de comensalismo fraternal.  tambi\u00e9n se realiza un estudio de la actividad econ\u00f3mica de las cofrad\u00edas y de la promoci\u00f3n que hicieron las cofrad\u00edas de las bellas artes contribuy\u00f3 al enriquecimiento del patrimonio art\u00edstico riojano.  ahondando en las bases m\u00e1s<\/p>\n<p>&nbsp;<\/p>\n<h3>Datos acad\u00e9micos de la tesis doctoral \u00ab<strong>Las cofradias de la vera cruz en la rioja<\/strong>\u00ab<\/h3>\n<ul>\n<li><strong>T\u00edtulo de la tesis:<\/strong>\u00a0 Las cofradias de la vera cruz en la rioja <\/li>\n<li><strong>Autor:<\/strong>\u00a0 Fermin Labarga Garcia <\/li>\n<li><strong>Universidad:<\/strong>\u00a0 Navarra<\/li>\n<li><strong>Fecha de lectura de la tesis:<\/strong>\u00a0 01\/01\/2000<\/li>\n<\/ul>\n<p>&nbsp;<\/p>\n<h3>Direcci\u00f3n y tribunal<\/h3>\n<ul>\n<li><strong>Director de la tesis<\/strong>\n<ul>\n<li>Elisa Luque Alcaide<\/li>\n<\/ul>\n<\/li>\n<li><strong>Tribunal<\/strong>\n<ul>\n<li>Presidente del tribunal: Jaime Pujol Balcells <\/li>\n<li> Lama Cereceda Enrique De La (vocal)<\/li>\n<li>Primitivo Tieneo Tinero (vocal)<\/li>\n<li>Elisa Luque Alcaide (vocal)<\/li>\n<\/ul>\n<\/li>\n<\/ul>\n<p>&nbsp;<\/p>\n","protected":false},"excerpt":{"rendered":"<p>Tesis doctoral de Fermin Labarga Garcia La tesis estudia el origen e implantaci\u00f3n de las cofrad\u00edas de la vera cruz [&hellip;]<\/p>\n","protected":false},"author":1,"featured_media":0,"comment_status":"open","ping_status":"open","sticky":false,"template":"","format":"standard","meta":{"site-sidebar-layout":"default","site-content-layout":"","ast-site-content-layout":"","site-content-style":"default","site-sidebar-style":"default","ast-global-header-display":"","ast-banner-title-visibility":"","ast-main-header-display":"","ast-hfb-above-header-display":"","ast-hfb-below-header-display":"","ast-hfb-mobile-header-display":"","site-post-title":"","ast-breadcrumbs-content":"","ast-featured-img":"","footer-sml-layout":"","theme-transparent-header-meta":"","adv-header-id-meta":"","stick-header-meta":"","header-above-stick-meta":"","header-main-stick-meta":"","header-below-stick-meta":"","astra-migrate-meta-layouts":"default","ast-page-background-enabled":"default","ast-page-background-meta":{"desktop":{"background-color":"var(--ast-global-color-4)","background-image":"","background-repeat":"repeat","background-position":"center center","background-size":"auto","background-attachment":"scroll","background-type":"","background-media":"","overlay-type":"","overlay-color":"","overlay-gradient":""},"tablet":{"background-color":"","background-image":"","background-repeat":"repeat","background-position":"center center","background-size":"auto","background-attachment":"scroll","background-type":"","background-media":"","overlay-type":"","overlay-color":"","overlay-gradient":""},"mobile":{"background-color":"","background-image":"","background-repeat":"repeat","background-position":"center center","background-size":"auto","background-attachment":"scroll","background-type":"","background-media":"","overlay-type":"","overlay-color":"","overlay-gradient":""}},"ast-content-background-meta":{"desktop":{"background-color":"var(--ast-global-color-5)","background-image":"","background-repeat":"repeat","background-position":"center center","background-size":"auto","background-attachment":"scroll","background-type":"","background-media":"","overlay-type":"","overlay-color":"","overlay-gradient":""},"tablet":{"background-color":"var(--ast-global-color-5)","background-image":"","background-repeat":"repeat","background-position":"center center","background-size":"auto","background-attachment":"scroll","background-type":"","background-media":"","overlay-type":"","overlay-color":"","overlay-gradient":""},"mobile":{"background-color":"var(--ast-global-color-5)","background-image":"","background-repeat":"repeat","background-position":"center center","background-size":"auto","background-attachment":"scroll","background-type":"","background-media":"","overlay-type":"","overlay-color":"","overlay-gradient":""}},"footnotes":""},"categories":[104,7220,639,222,17749],"tags":[38376,130764,17862,17842,175881],"class_list":["post-82827","post","type-post","status-publish","format-standard","hentry","category-historia","category-historia-de-las-religiones","category-historia-de-paises","category-historias-especializadas","category-navarra","tag-elisa-luque-alcaide","tag-fermin-labarga-garcia","tag-jaime-pujol-balcells","tag-lama-cereceda-enrique-de-la","tag-primitivo-tieneo-tinero"],"_links":{"self":[{"href":"https:\/\/www.deberes.net\/tesis\/wp-json\/wp\/v2\/posts\/82827","targetHints":{"allow":["GET"]}}],"collection":[{"href":"https:\/\/www.deberes.net\/tesis\/wp-json\/wp\/v2\/posts"}],"about":[{"href":"https:\/\/www.deberes.net\/tesis\/wp-json\/wp\/v2\/types\/post"}],"author":[{"embeddable":true,"href":"https:\/\/www.deberes.net\/tesis\/wp-json\/wp\/v2\/users\/1"}],"replies":[{"embeddable":true,"href":"https:\/\/www.deberes.net\/tesis\/wp-json\/wp\/v2\/comments?post=82827"}],"version-history":[{"count":0,"href":"https:\/\/www.deberes.net\/tesis\/wp-json\/wp\/v2\/posts\/82827\/revisions"}],"wp:attachment":[{"href":"https:\/\/www.deberes.net\/tesis\/wp-json\/wp\/v2\/media?parent=82827"}],"wp:term":[{"taxonomy":"category","embeddable":true,"href":"https:\/\/www.deberes.net\/tesis\/wp-json\/wp\/v2\/categories?post=82827"},{"taxonomy":"post_tag","embeddable":true,"href":"https:\/\/www.deberes.net\/tesis\/wp-json\/wp\/v2\/tags?post=82827"}],"curies":[{"name":"wp","href":"https:\/\/api.w.org\/{rel}","templated":true}]}}