{"id":82888,"date":"2000-01-01T00:00:00","date_gmt":"2000-01-01T00:00:00","guid":{"rendered":"https:\/\/www.deberes.net\/tesis\/sin-categoria\/la-lexicografia-en-las-variedades-no-estandar\/"},"modified":"2000-01-01T00:00:00","modified_gmt":"2000-01-01T00:00:00","slug":"la-lexicografia-en-las-variedades-no-estandar","status":"publish","type":"post","link":"https:\/\/www.deberes.net\/tesis\/linguistica\/la-lexicografia-en-las-variedades-no-estandar\/","title":{"rendered":"La lexicografia en las variedades no-estandar."},"content":{"rendered":"<h2>Tesis doctoral de <strong> Francisco Manuel Carriscondo Esquivel <\/strong><\/h2>\n<p>1. Por su indefinici\u00f3n, pensamos que era necesario dotar a la lexicograf\u00eda llamada dialectal o regional del espa\u00f1ol de una base te\u00f3rica. Nos interesaba, en primer lugar, saber de que l\u00e9xico se ocupa y hacer una tipolog\u00eda de las obras encargadas de su codificaci\u00f3n, as\u00ed como la posici\u00f3n de aquella dentro de la metalexicograf\u00eda. En segundo lugar, los par\u00e1metros de an\u00e1lisis que sirvieran para conocer las caracter\u00edsticas particulares de dicha lexicograf\u00eda. Y, finalmente, los planteamientos metodol\u00f3gicos, con los consecuentes condicionamientos de la macro- y la microestructura de las obras lexicogr\u00e1ficas resultantes.  2. Los resultados a que hemos llegado en esta base te\u00f3rica nos han servido para situar la lexicograf\u00eda llamada dialectal o regional dentro del tratamiento de la diversidad geolingu\u00edstica del espa\u00f1ol. Especialmente, nos interesaba conocer de qu\u00e9 modo la lexicograf\u00eda del espa\u00f1ol de am\u00e9rica, uno de los cap\u00edtulos fundamentales de dicho tratamiento, deber\u00eda vincularse a aquella lexicograf\u00eda. Su relaci\u00f3n con ella, manifestada fundamentalmente en su tradicional car\u00e1cter diferencial, obligada a ello.  3. Si los p\u00e1rametros de an\u00e1lisis nos han sido \u00fatiles para la descripci\u00f3n exhaustiva del vocabulario andaluz (va 1951), los planteamientos metodol\u00f3gicos igualmente establecidos en la base te\u00f3rica lo han sido para atestiguar el aprovechamiento lexicogr\u00e1fico de sus materiales. El va (1951) es el vocabulario dialectal m\u00e1s importante que existe para la vaiedad andaluza y de frecuente consulta en todos los \u00e1mbitos, cient\u00edficos y divulgativos. la obra es, desde la tradici\u00f3n, protot\u00edpica de la lexicograf\u00eda en las variedades no-est\u00e1ndar del espa\u00f1ol. ello nos hizo pensar en la necesidad de una descripci\u00f3n exhaustiva del mismo. La ocasi\u00f3n, adem\u00e1s, era propicia, porque se hab\u00eda pensado en la confecci\u00f3n de una gu\u00eda lexicogr\u00e1fica del va (1951), proyecto nacido al amparo del grupo de investig<\/p>\n<p>&nbsp;<\/p>\n<h3>Datos acad\u00e9micos de la tesis doctoral \u00ab<strong>La lexicografia en las variedades no-estandar.<\/strong>\u00ab<\/h3>\n<ul>\n<li><strong>T\u00edtulo de la tesis:<\/strong>\u00a0 La lexicografia en las variedades no-estandar. <\/li>\n<li><strong>Autor:<\/strong>\u00a0 Francisco Manuel Carriscondo Esquivel <\/li>\n<li><strong>Universidad:<\/strong>\u00a0 Ja\u00e9n<\/li>\n<li><strong>Fecha de lectura de la tesis:<\/strong>\u00a0 01\/01\/2000<\/li>\n<\/ul>\n<p>&nbsp;<\/p>\n<h3>Direcci\u00f3n y tribunal<\/h3>\n<ul>\n<li><strong>Director de la tesis<\/strong>\n<ul>\n<li>Ignacio Ahumada Lara<\/li>\n<\/ul>\n<\/li>\n<li><strong>Tribunal<\/strong>\n<ul>\n<li>Presidente del tribunal: manuel Alvar ezquerra <\/li>\n<li>Jos\u00e9 \u00c1lvaro Porto dapena (vocal)<\/li>\n<li>Juan Mart\u00ednez mar\u00edn (vocal)<\/li>\n<li>Rafael Rodr\u00edguez mar\u00edn (vocal)<\/li>\n<\/ul>\n<\/li>\n<\/ul>\n<p>&nbsp;<\/p>\n","protected":false},"excerpt":{"rendered":"<p>Tesis doctoral de Francisco Manuel Carriscondo Esquivel 1. Por su indefinici\u00f3n, pensamos que era necesario dotar a la lexicograf\u00eda llamada [&hellip;]<\/p>\n","protected":false},"author":1,"featured_media":0,"comment_status":"open","ping_status":"open","sticky":false,"template":"","format":"standard","meta":{"site-sidebar-layout":"default","site-content-layout":"","ast-site-content-layout":"","site-content-style":"default","site-sidebar-style":"default","ast-global-header-display":"","ast-banner-title-visibility":"","ast-main-header-display":"","ast-hfb-above-header-display":"","ast-hfb-below-header-display":"","ast-hfb-mobile-header-display":"","site-post-title":"","ast-breadcrumbs-content":"","ast-featured-img":"","footer-sml-layout":"","theme-transparent-header-meta":"","adv-header-id-meta":"","stick-header-meta":"","header-above-stick-meta":"","header-main-stick-meta":"","header-below-stick-meta":"","astra-migrate-meta-layouts":"default","ast-page-background-enabled":"default","ast-page-background-meta":{"desktop":{"background-color":"var(--ast-global-color-4)","background-image":"","background-repeat":"repeat","background-position":"center center","background-size":"auto","background-attachment":"scroll","background-type":"","background-media":"","overlay-type":"","overlay-color":"","overlay-gradient":""},"tablet":{"background-color":"","background-image":"","background-repeat":"repeat","background-position":"center center","background-size":"auto","background-attachment":"scroll","background-type":"","background-media":"","overlay-type":"","overlay-color":"","overlay-gradient":""},"mobile":{"background-color":"","background-image":"","background-repeat":"repeat","background-position":"center center","background-size":"auto","background-attachment":"scroll","background-type":"","background-media":"","overlay-type":"","overlay-color":"","overlay-gradient":""}},"ast-content-background-meta":{"desktop":{"background-color":"var(--ast-global-color-5)","background-image":"","background-repeat":"repeat","background-position":"center center","background-size":"auto","background-attachment":"scroll","background-type":"","background-media":"","overlay-type":"","overlay-color":"","overlay-gradient":""},"tablet":{"background-color":"var(--ast-global-color-5)","background-image":"","background-repeat":"repeat","background-position":"center center","background-size":"auto","background-attachment":"scroll","background-type":"","background-media":"","overlay-type":"","overlay-color":"","overlay-gradient":""},"mobile":{"background-color":"var(--ast-global-color-5)","background-image":"","background-repeat":"repeat","background-position":"center center","background-size":"auto","background-attachment":"scroll","background-type":"","background-media":"","overlay-type":"","overlay-color":"","overlay-gradient":""}},"footnotes":""},"categories":[18923,2301,59,62],"tags":[175960,32864,5205,12599,5467,12829],"class_list":["post-82888","post","type-post","status-publish","format-standard","hentry","category-jaen","category-lexicografia","category-linguistica","category-linguistica-sincronica","tag-francisco-manuel-carriscondo-esquivel","tag-ignacio-ahumada-lara","tag-jose-alvaro-porto-dapena","tag-juan-Martinez-marin","tag-manuel-alvar-ezquerra","tag-rafael-rodriguez-marin"],"_links":{"self":[{"href":"https:\/\/www.deberes.net\/tesis\/wp-json\/wp\/v2\/posts\/82888","targetHints":{"allow":["GET"]}}],"collection":[{"href":"https:\/\/www.deberes.net\/tesis\/wp-json\/wp\/v2\/posts"}],"about":[{"href":"https:\/\/www.deberes.net\/tesis\/wp-json\/wp\/v2\/types\/post"}],"author":[{"embeddable":true,"href":"https:\/\/www.deberes.net\/tesis\/wp-json\/wp\/v2\/users\/1"}],"replies":[{"embeddable":true,"href":"https:\/\/www.deberes.net\/tesis\/wp-json\/wp\/v2\/comments?post=82888"}],"version-history":[{"count":0,"href":"https:\/\/www.deberes.net\/tesis\/wp-json\/wp\/v2\/posts\/82888\/revisions"}],"wp:attachment":[{"href":"https:\/\/www.deberes.net\/tesis\/wp-json\/wp\/v2\/media?parent=82888"}],"wp:term":[{"taxonomy":"category","embeddable":true,"href":"https:\/\/www.deberes.net\/tesis\/wp-json\/wp\/v2\/categories?post=82888"},{"taxonomy":"post_tag","embeddable":true,"href":"https:\/\/www.deberes.net\/tesis\/wp-json\/wp\/v2\/tags?post=82888"}],"curies":[{"name":"wp","href":"https:\/\/api.w.org\/{rel}","templated":true}]}}