{"id":82947,"date":"2018-03-10T00:07:03","date_gmt":"2018-03-10T00:07:03","guid":{"rendered":"https:\/\/www.deberes.net\/tesis\/sin-categoria\/estudio-de-la-figura-del-prof-dr-d-jose-cruz-aunon-y-de-su-contribucion-al-desarrollo-de-la-medicina-interna-y-de-sus-especialidades-en-la-medicina-sevillana\/"},"modified":"2018-03-10T00:07:03","modified_gmt":"2018-03-10T00:07:03","slug":"estudio-de-la-figura-del-prof-dr-d-jose-cruz-aunon-y-de-su-contribucion-al-desarrollo-de-la-medicina-interna-y-de-sus-especialidades-en-la-medicina-sevillana","status":"publish","type":"post","link":"https:\/\/www.deberes.net\/tesis\/historia\/estudio-de-la-figura-del-prof-dr-d-jose-cruz-aunon-y-de-su-contribucion-al-desarrollo-de-la-medicina-interna-y-de-sus-especialidades-en-la-medicina-sevillana\/","title":{"rendered":"Estudio de la figura del prof. dr. d. jose cruz au\u00f1on y de su contribuci\u00f3n al desarrollo de la medicina interna y de sus especialidades en la medicina sevillana"},"content":{"rendered":"<h2>Tesis doctoral de <strong> Eva Mar\u00eda Conde Alca\u00f1iz <\/strong><\/h2>\n<p>En la tesis se analiza la figura del prof. Cruz au\u00f1on destacandose como resumen lo siguiente:  el prof. D. Jose cruz au\u00f1on, estudio la carrera de medicina y cirugia en la facultad de medicina de sevilla, donde fue alumno interno de clinicas, adscrito a la catedra de patolog\u00eda medica, regentada por el prof. D. Carlos jimenez diaz. Hasta el 31 de mayo de 1926 en que acabo la carrera, contando 21 a\u00f1os. Obtuvo el grado de licenciado el 9 de julio del mismo a\u00f1o adjudic\u00e1ndosele el premio extraordinario de dicho grado el 30 de septiembre de 1926. El ambiente cientifico y los medios de la facultad de medicina de sevilla en su epoca de pregraduado, eran escasos. Realiz\u00f3 su tesis doctoral sobre \u00ab\u00bbel mecanismo de la diuresis acuosa y su valor cl\u00ednico, en la que demostro el papel secretor del tubulo distal. Su formaci\u00f3n de postgraduado la realiz\u00f3 con el prof. D. Carlos jimenez diaz, en el instituto de investigaciones clinicas y medicas, situado en la calle granada de Madrid y en berlin, con los mejores clinicos, bioquimicos y patologos de la epoca. En 28 de abril de 1933,contando 28 a\u00f1os, obtuvo por oposicion la catedra de patolog\u00eda general y propedeutica clinica de la facultad de medicina de la universidad de sevilla, tomando posesi\u00f3n de la misma el 4 de mayo de 1933. Ejerci\u00f3 como catedr\u00e1tico durante cuarenta y dos a\u00f1os, jubil\u00e1ndose el 9 de junio de 1974. Fue fundador de la sociedad espa\u00f1ola de alergia, en la que desarroll\u00f3 una importante actividad y cre\u00f3 el servicio de inmunolog\u00eda y alergia del hospital universitario virgen macarena. Impuls\u00f3 el desarrollo de la reumatolog\u00eda sevillana. Impuls\u00f3 el desarrollo de la neumolog\u00eda en sevilla. Impuls\u00f3 el desarrollo de la cardiolog\u00eda sevillana. Fue el creador de la escuela de aparato circulatorio de la universidad de sevilla impuls\u00f3 el desarrollo de la angiocardiografia, mejorando sus tecnicas y aportando innovaciones como la arteriografia total de la mama y la arteriografia pulmonar<\/p>\n<p>&nbsp;<\/p>\n<h3>Datos acad\u00e9micos de la tesis doctoral \u00ab<strong>Estudio de la figura del prof. dr. d. jose cruz au\u00f1on y de su contribuci\u00f3n al desarrollo de la medicina interna y de sus especialidades en la medicina sevillana<\/strong>\u00ab<\/h3>\n<ul>\n<li><strong>T\u00edtulo de la tesis:<\/strong>\u00a0 Estudio de la figura del prof. dr. d. jose cruz au\u00f1on y de su contribuci\u00f3n al desarrollo de la medicina interna y de sus especialidades en la medicina sevillana <\/li>\n<li><strong>Autor:<\/strong>\u00a0 Eva Mar\u00eda Conde Alca\u00f1iz <\/li>\n<li><strong>Universidad:<\/strong>\u00a0 Sevilla<\/li>\n<li><strong>Fecha de lectura de la tesis:<\/strong>\u00a0 14\/01\/2000<\/li>\n<\/ul>\n<p>&nbsp;<\/p>\n<h3>Direcci\u00f3n y tribunal<\/h3>\n<ul>\n<li><strong>Director de la tesis<\/strong>\n<ul>\n<li>Jose Conde Hernandez<\/li>\n<\/ul>\n<\/li>\n<li><strong>Tribunal<\/strong>\n<ul>\n<li>Presidente del tribunal: pedro S\u00e1nchez guijo <\/li>\n<li> Gomez de terreros y sanchez Francisco Javier (vocal)<\/li>\n<li>ramon Perez cano (vocal)<\/li>\n<li>Carlos Martinez manzanares (vocal)<\/li>\n<\/ul>\n<\/li>\n<\/ul>\n<p>&nbsp;<\/p>\n","protected":false},"excerpt":{"rendered":"<p>Tesis doctoral de Eva Mar\u00eda Conde Alca\u00f1iz En la tesis se analiza la figura del prof. Cruz au\u00f1on destacandose como [&hellip;]<\/p>\n","protected":false},"author":1,"featured_media":0,"comment_status":"open","ping_status":"open","sticky":false,"template":"","format":"standard","meta":{"site-sidebar-layout":"default","site-content-layout":"","ast-site-content-layout":"","site-content-style":"default","site-sidebar-style":"default","ast-global-header-display":"","ast-banner-title-visibility":"","ast-main-header-display":"","ast-hfb-above-header-display":"","ast-hfb-below-header-display":"","ast-hfb-mobile-header-display":"","site-post-title":"","ast-breadcrumbs-content":"","ast-featured-img":"","footer-sml-layout":"","theme-transparent-header-meta":"","adv-header-id-meta":"","stick-header-meta":"","header-above-stick-meta":"","header-main-stick-meta":"","header-below-stick-meta":"","astra-migrate-meta-layouts":"default","ast-page-background-enabled":"default","ast-page-background-meta":{"desktop":{"background-color":"var(--ast-global-color-4)","background-image":"","background-repeat":"repeat","background-position":"center center","background-size":"auto","background-attachment":"scroll","background-type":"","background-media":"","overlay-type":"","overlay-color":"","overlay-gradient":""},"tablet":{"background-color":"","background-image":"","background-repeat":"repeat","background-position":"center center","background-size":"auto","background-attachment":"scroll","background-type":"","background-media":"","overlay-type":"","overlay-color":"","overlay-gradient":""},"mobile":{"background-color":"","background-image":"","background-repeat":"repeat","background-position":"center center","background-size":"auto","background-attachment":"scroll","background-type":"","background-media":"","overlay-type":"","overlay-color":"","overlay-gradient":""}},"ast-content-background-meta":{"desktop":{"background-color":"var(--ast-global-color-5)","background-image":"","background-repeat":"repeat","background-position":"center center","background-size":"auto","background-attachment":"scroll","background-type":"","background-media":"","overlay-type":"","overlay-color":"","overlay-gradient":""},"tablet":{"background-color":"var(--ast-global-color-5)","background-image":"","background-repeat":"repeat","background-position":"center center","background-size":"auto","background-attachment":"scroll","background-type":"","background-media":"","overlay-type":"","overlay-color":"","overlay-gradient":""},"mobile":{"background-color":"var(--ast-global-color-5)","background-image":"","background-repeat":"repeat","background-position":"center center","background-size":"auto","background-attachment":"scroll","background-type":"","background-media":"","overlay-type":"","overlay-color":"","overlay-gradient":""}},"footnotes":""},"categories":[104,221,222,10715],"tags":[1664,176052,166769,1961,1935,10783],"class_list":["post-82947","post","type-post","status-publish","format-standard","hentry","category-historia","category-historia-de-la-medicina","category-historias-especializadas","category-sevilla","tag-carlos-Martinez-manzanares","tag-eva-maria-conde-alcaniz","tag-gomez-de-terreros-y-sanchez-francisco-javier","tag-jose-conde-hernandez","tag-pedro-sanchez-guijo","tag-ramon-perez-cano"],"_links":{"self":[{"href":"https:\/\/www.deberes.net\/tesis\/wp-json\/wp\/v2\/posts\/82947","targetHints":{"allow":["GET"]}}],"collection":[{"href":"https:\/\/www.deberes.net\/tesis\/wp-json\/wp\/v2\/posts"}],"about":[{"href":"https:\/\/www.deberes.net\/tesis\/wp-json\/wp\/v2\/types\/post"}],"author":[{"embeddable":true,"href":"https:\/\/www.deberes.net\/tesis\/wp-json\/wp\/v2\/users\/1"}],"replies":[{"embeddable":true,"href":"https:\/\/www.deberes.net\/tesis\/wp-json\/wp\/v2\/comments?post=82947"}],"version-history":[{"count":0,"href":"https:\/\/www.deberes.net\/tesis\/wp-json\/wp\/v2\/posts\/82947\/revisions"}],"wp:attachment":[{"href":"https:\/\/www.deberes.net\/tesis\/wp-json\/wp\/v2\/media?parent=82947"}],"wp:term":[{"taxonomy":"category","embeddable":true,"href":"https:\/\/www.deberes.net\/tesis\/wp-json\/wp\/v2\/categories?post=82947"},{"taxonomy":"post_tag","embeddable":true,"href":"https:\/\/www.deberes.net\/tesis\/wp-json\/wp\/v2\/tags?post=82947"}],"curies":[{"name":"wp","href":"https:\/\/api.w.org\/{rel}","templated":true}]}}