{"id":82978,"date":"2018-03-10T00:07:03","date_gmt":"2018-03-10T00:07:03","guid":{"rendered":"https:\/\/www.deberes.net\/tesis\/sin-categoria\/implicacion-de-los-cuerpos-mamilares-en-la-memoria-espacial-memoria-de-referencia-y-memoria-de-trabajo\/"},"modified":"2018-03-10T00:07:03","modified_gmt":"2018-03-10T00:07:03","slug":"implicacion-de-los-cuerpos-mamilares-en-la-memoria-espacial-memoria-de-referencia-y-memoria-de-trabajo","status":"publish","type":"post","link":"https:\/\/www.deberes.net\/tesis\/psicologia\/implicacion-de-los-cuerpos-mamilares-en-la-memoria-espacial-memoria-de-referencia-y-memoria-de-trabajo\/","title":{"rendered":"Implicacion de los cuerpos mamilares en la memoria espacial; memoria de referencia y memoria de trabajo"},"content":{"rendered":"<h2>Tesis doctoral de <strong> Luis Javier Santin Nu\u00f1ez <\/strong><\/h2>\n<p>Nuestro estudio consituye un intento de profundizar en el conocimiento de los mecanismo nerviosos realcionados con la memoria, prestando un inter\u00e9s especial a las formas de memoria espaciales y a una regi\u00f3n diencef\u00e1lica, los cuerpos mamilares. Para ello, se dise\u00f1aron diversas tareas de memoria diferentes (alternancia espont\u00e1nea, memoria de referencia espacial y memoria de trabajo espacial) y se realizaron lesiones electrol\u00edticas en el n\u00facleo mamialr medial junto conla determinaci\u00f3n inmunocitoqu\u00edmica de la prote\u00edna c-fos. Los resultados obtenidos incian que la participaci\u00f3n de los cuerpos mamlares en los procesos de memoria, se restringen a aquellas  tareas en las que sea necesario mantener activa informaci\u00f3n espacial durante una demora (tareas de memoria de trabajo espacial), como as\u00ed lo sugiere el an\u00e1lisis conductual en los animales con lesiones de los cuerpos mamilares y, adem\u00e1s el incremento en el n\u00famero de neuronas  inmunoreactivas c-fos, cuando los sujetos ejecutaban tareas de memoria de trabajo espacial.  complementariamente, nuestros resultados sugieren que al regi\u00f3n mamilar podr\u00eda forman parte de un sistema cerebral relacionado con el procesamiento de la informaci\u00f3n espacial. No obstante, los datos obtenidos mediante el estudio inmunocitoqu\u00edmico de la prote\u00edna c-fos indican claramente que su papel se puede disociar delque otras regiones (como la corteza cingulada anterior, corteza entorrinal y n\u00facleo supramamilar) desempe\u00f1an durante el procesamiento espacial.<\/p>\n<p>&nbsp;<\/p>\n<h3>Datos acad\u00e9micos de la tesis doctoral \u00ab<strong>Implicacion de los cuerpos mamilares en la memoria espacial; memoria de referencia y memoria de trabajo<\/strong>\u00ab<\/h3>\n<ul>\n<li><strong>T\u00edtulo de la tesis:<\/strong>\u00a0 Implicacion de los cuerpos mamilares en la memoria espacial; memoria de referencia y memoria de trabajo <\/li>\n<li><strong>Autor:<\/strong>\u00a0 Luis Javier Santin Nu\u00f1ez <\/li>\n<li><strong>Universidad:<\/strong>\u00a0 Oviedo<\/li>\n<li><strong>Fecha de lectura de la tesis:<\/strong>\u00a0 17\/01\/2000<\/li>\n<\/ul>\n<p>&nbsp;<\/p>\n<h3>Direcci\u00f3n y tribunal<\/h3>\n<ul>\n<li><strong>Director de la tesis<\/strong>\n<ul>\n<li>Jorge  Luis Arias Perez<\/li>\n<\/ul>\n<\/li>\n<li><strong>Tribunal<\/strong>\n<ul>\n<li>Presidente del tribunal: guillermo Vallejo seco <\/li>\n<li>Manuel Vijande vazquez (vocal)<\/li>\n<li>Miguel S\u00e1nchez turet (vocal)<\/li>\n<li>araceli Puigcerver mart\u00ednez (vocal)<\/li>\n<\/ul>\n<\/li>\n<\/ul>\n<p>&nbsp;<\/p>\n","protected":false},"excerpt":{"rendered":"<p>Tesis doctoral de Luis Javier Santin Nu\u00f1ez Nuestro estudio consituye un intento de profundizar en el conocimiento de los mecanismo [&hellip;]<\/p>\n","protected":false},"author":1,"featured_media":0,"comment_status":"open","ping_status":"open","sticky":false,"template":"","format":"standard","meta":{"site-sidebar-layout":"default","site-content-layout":"","ast-site-content-layout":"","site-content-style":"default","site-sidebar-style":"default","ast-global-header-display":"","ast-banner-title-visibility":"","ast-main-header-display":"","ast-hfb-above-header-display":"","ast-hfb-below-header-display":"","ast-hfb-mobile-header-display":"","site-post-title":"","ast-breadcrumbs-content":"","ast-featured-img":"","footer-sml-layout":"","theme-transparent-header-meta":"","adv-header-id-meta":"","stick-header-meta":"","header-above-stick-meta":"","header-main-stick-meta":"","header-below-stick-meta":"","astra-migrate-meta-layouts":"default","ast-page-background-enabled":"default","ast-page-background-meta":{"desktop":{"background-color":"var(--ast-global-color-4)","background-image":"","background-repeat":"repeat","background-position":"center center","background-size":"auto","background-attachment":"scroll","background-type":"","background-media":"","overlay-type":"","overlay-color":"","overlay-gradient":""},"tablet":{"background-color":"","background-image":"","background-repeat":"repeat","background-position":"center center","background-size":"auto","background-attachment":"scroll","background-type":"","background-media":"","overlay-type":"","overlay-color":"","overlay-gradient":""},"mobile":{"background-color":"","background-image":"","background-repeat":"repeat","background-position":"center center","background-size":"auto","background-attachment":"scroll","background-type":"","background-media":"","overlay-type":"","overlay-color":"","overlay-gradient":""}},"ast-content-background-meta":{"desktop":{"background-color":"var(--ast-global-color-5)","background-image":"","background-repeat":"repeat","background-position":"center center","background-size":"auto","background-attachment":"scroll","background-type":"","background-media":"","overlay-type":"","overlay-color":"","overlay-gradient":""},"tablet":{"background-color":"var(--ast-global-color-5)","background-image":"","background-repeat":"repeat","background-position":"center center","background-size":"auto","background-attachment":"scroll","background-type":"","background-media":"","overlay-type":"","overlay-color":"","overlay-gradient":""},"mobile":{"background-color":"var(--ast-global-color-5)","background-image":"","background-repeat":"repeat","background-position":"center center","background-size":"auto","background-attachment":"scroll","background-type":"","background-media":"","overlay-type":"","overlay-color":"","overlay-gradient":""}},"footnotes":""},"categories":[4167,14934,8846,13633,324,2462,5110],"tags":[65950,8882,8914,176096,25362,6691],"class_list":["post-82978","post","type-post","status-publish","format-standard","hentry","category-actividad-cerebral","category-analisis-experimental-de-la-conducta","category-oviedo","category-procesos-de-la-memoria","category-psicologia","category-psicologia-experimental","category-psicologia-fisiologica","tag-araceli-puigcerver-Martinez","tag-guillermo-vallejo-seco","tag-jorge-luis-arias-perez","tag-luis-javier-santin-nunez","tag-manuel-vijande-vazquez","tag-miguel-sanchez-turet"],"_links":{"self":[{"href":"https:\/\/www.deberes.net\/tesis\/wp-json\/wp\/v2\/posts\/82978","targetHints":{"allow":["GET"]}}],"collection":[{"href":"https:\/\/www.deberes.net\/tesis\/wp-json\/wp\/v2\/posts"}],"about":[{"href":"https:\/\/www.deberes.net\/tesis\/wp-json\/wp\/v2\/types\/post"}],"author":[{"embeddable":true,"href":"https:\/\/www.deberes.net\/tesis\/wp-json\/wp\/v2\/users\/1"}],"replies":[{"embeddable":true,"href":"https:\/\/www.deberes.net\/tesis\/wp-json\/wp\/v2\/comments?post=82978"}],"version-history":[{"count":0,"href":"https:\/\/www.deberes.net\/tesis\/wp-json\/wp\/v2\/posts\/82978\/revisions"}],"wp:attachment":[{"href":"https:\/\/www.deberes.net\/tesis\/wp-json\/wp\/v2\/media?parent=82978"}],"wp:term":[{"taxonomy":"category","embeddable":true,"href":"https:\/\/www.deberes.net\/tesis\/wp-json\/wp\/v2\/categories?post=82978"},{"taxonomy":"post_tag","embeddable":true,"href":"https:\/\/www.deberes.net\/tesis\/wp-json\/wp\/v2\/tags?post=82978"}],"curies":[{"name":"wp","href":"https:\/\/api.w.org\/{rel}","templated":true}]}}