{"id":83104,"date":"2018-03-10T00:07:10","date_gmt":"2018-03-10T00:07:10","guid":{"rendered":"https:\/\/www.deberes.net\/tesis\/sin-categoria\/expresion-y-contenido-de-las-oposiciones-diateticas-en-el-castellano-del-siglo-xv-de-la-corona-de-aragon\/"},"modified":"2018-03-10T00:07:10","modified_gmt":"2018-03-10T00:07:10","slug":"expresion-y-contenido-de-las-oposiciones-diateticas-en-el-castellano-del-siglo-xv-de-la-corona-de-aragon","status":"publish","type":"post","link":"https:\/\/www.deberes.net\/tesis\/historia\/expresion-y-contenido-de-las-oposiciones-diateticas-en-el-castellano-del-siglo-xv-de-la-corona-de-aragon\/","title":{"rendered":"Expresi\u00f3n y contenido de las oposiciones diat\u00e9ticas en el castellano del siglo xv de la corona de arag\u00f3n"},"content":{"rendered":"<h2>Tesis doctoral de <strong> Paloma Arroyo Vega <\/strong><\/h2>\n<p>En la presente tesis se analizan aquellos aspectos que permiten establecer una descripci\u00f3n del sistema dial\u00e9tico del castellano del siglo xv. El an\u00e1lisis demuestra, por un lado, que existen razones para afirmar la existencia, en el periodo objeto de estudio, de una oposici\u00f3n bipartita dentro de la categor\u00eda voz, es decir, voz activa frente a voz media. Por otro lado, mediante los datos extra\u00eddos de la investigaci\u00f3n, se demuestra que los inicios de la restructuraci\u00f3n que afecta a la expresi\u00f3n de los tiempos compuestos con aner+ paticipio y ser+participio, junto con el particular uso del pronombre reflexivo, indican el camino hacia donde se dirigir\u00e1 el castellano hasta la actualidad por lo que respecta al sistema dial\u00e9tico que lo caracteriza y a sus procedimientos de expresi\u00f3n.<\/p>\n<p>&nbsp;<\/p>\n<h3>Datos acad\u00e9micos de la tesis doctoral \u00ab<strong>Expresi\u00f3n y contenido de las oposiciones diat\u00e9ticas en el castellano del siglo xv de la corona de arag\u00f3n<\/strong>\u00ab<\/h3>\n<ul>\n<li><strong>T\u00edtulo de la tesis:<\/strong>\u00a0 Expresi\u00f3n y contenido de las oposiciones diat\u00e9ticas en el castellano del siglo xv de la corona de arag\u00f3n <\/li>\n<li><strong>Autor:<\/strong>\u00a0 Paloma Arroyo Vega <\/li>\n<li><strong>Universidad:<\/strong>\u00a0 Barcelona<\/li>\n<li><strong>Fecha de lectura de la tesis:<\/strong>\u00a0 26\/01\/2000<\/li>\n<\/ul>\n<p>&nbsp;<\/p>\n<h3>Direcci\u00f3n y tribunal<\/h3>\n<ul>\n<li><strong>Director de la tesis<\/strong>\n<ul>\n<li>Coloma Lleal Galceran<\/li>\n<\/ul>\n<\/li>\n<li><strong>Tribunal<\/strong>\n<ul>\n<li>Presidente del tribunal: emma Martinell gifr\u00e9 <\/li>\n<li>Carlos e S\u00e1nchez lancis (vocal)<\/li>\n<li>josep Moran ocerinjauregui (vocal)<\/li>\n<li>milagros Aleza izquierdo (vocal)<\/li>\n<\/ul>\n<\/li>\n<\/ul>\n<p>&nbsp;<\/p>\n","protected":false},"excerpt":{"rendered":"<p>Tesis doctoral de Paloma Arroyo Vega En la presente tesis se analizan aquellos aspectos que permiten establecer una descripci\u00f3n del [&hellip;]<\/p>\n","protected":false},"author":1,"featured_media":0,"comment_status":"open","ping_status":"open","sticky":false,"template":"","format":"standard","meta":{"site-sidebar-layout":"default","site-content-layout":"","ast-site-content-layout":"","site-content-style":"default","site-sidebar-style":"default","ast-global-header-display":"","ast-banner-title-visibility":"","ast-main-header-display":"","ast-hfb-above-header-display":"","ast-hfb-below-header-display":"","ast-hfb-mobile-header-display":"","site-post-title":"","ast-breadcrumbs-content":"","ast-featured-img":"","footer-sml-layout":"","theme-transparent-header-meta":"","adv-header-id-meta":"","stick-header-meta":"","header-above-stick-meta":"","header-main-stick-meta":"","header-below-stick-meta":"","astra-migrate-meta-layouts":"default","ast-page-background-enabled":"default","ast-page-background-meta":{"desktop":{"background-color":"var(--ast-global-color-4)","background-image":"","background-repeat":"repeat","background-position":"center center","background-size":"auto","background-attachment":"scroll","background-type":"","background-media":"","overlay-type":"","overlay-color":"","overlay-gradient":""},"tablet":{"background-color":"","background-image":"","background-repeat":"repeat","background-position":"center center","background-size":"auto","background-attachment":"scroll","background-type":"","background-media":"","overlay-type":"","overlay-color":"","overlay-gradient":""},"mobile":{"background-color":"","background-image":"","background-repeat":"repeat","background-position":"center center","background-size":"auto","background-attachment":"scroll","background-type":"","background-media":"","overlay-type":"","overlay-color":"","overlay-gradient":""}},"ast-content-background-meta":{"desktop":{"background-color":"var(--ast-global-color-5)","background-image":"","background-repeat":"repeat","background-position":"center center","background-size":"auto","background-attachment":"scroll","background-type":"","background-media":"","overlay-type":"","overlay-color":"","overlay-gradient":""},"tablet":{"background-color":"var(--ast-global-color-5)","background-image":"","background-repeat":"repeat","background-position":"center center","background-size":"auto","background-attachment":"scroll","background-type":"","background-media":"","overlay-type":"","overlay-color":"","overlay-gradient":""},"mobile":{"background-color":"var(--ast-global-color-5)","background-image":"","background-repeat":"repeat","background-position":"center center","background-size":"auto","background-attachment":"scroll","background-type":"","background-media":"","overlay-type":"","overlay-color":"","overlay-gradient":""}},"footnotes":""},"categories":[951,1624,2142,104,590],"tags":[124227,43675,40384,40808,27083,176292],"class_list":["post-83104","post","type-post","status-publish","format-standard","hentry","category-barcelona","category-ciencias-auxiliares-de-la-historia","category-filologia","category-historia","category-linguistica-historica","tag-carlos-e-sanchez-lancis","tag-coloma-lleal-galceran","tag-emma-martinell-gifre","tag-josep-moran-ocerinjauregui","tag-milagros-aleza-izquierdo","tag-paloma-arroyo-vega"],"_links":{"self":[{"href":"https:\/\/www.deberes.net\/tesis\/wp-json\/wp\/v2\/posts\/83104","targetHints":{"allow":["GET"]}}],"collection":[{"href":"https:\/\/www.deberes.net\/tesis\/wp-json\/wp\/v2\/posts"}],"about":[{"href":"https:\/\/www.deberes.net\/tesis\/wp-json\/wp\/v2\/types\/post"}],"author":[{"embeddable":true,"href":"https:\/\/www.deberes.net\/tesis\/wp-json\/wp\/v2\/users\/1"}],"replies":[{"embeddable":true,"href":"https:\/\/www.deberes.net\/tesis\/wp-json\/wp\/v2\/comments?post=83104"}],"version-history":[{"count":0,"href":"https:\/\/www.deberes.net\/tesis\/wp-json\/wp\/v2\/posts\/83104\/revisions"}],"wp:attachment":[{"href":"https:\/\/www.deberes.net\/tesis\/wp-json\/wp\/v2\/media?parent=83104"}],"wp:term":[{"taxonomy":"category","embeddable":true,"href":"https:\/\/www.deberes.net\/tesis\/wp-json\/wp\/v2\/categories?post=83104"},{"taxonomy":"post_tag","embeddable":true,"href":"https:\/\/www.deberes.net\/tesis\/wp-json\/wp\/v2\/tags?post=83104"}],"curies":[{"name":"wp","href":"https:\/\/api.w.org\/{rel}","templated":true}]}}