{"id":83111,"date":"2018-03-10T00:07:10","date_gmt":"2018-03-10T00:07:10","guid":{"rendered":"https:\/\/www.deberes.net\/tesis\/sin-categoria\/la-formacion-del-profesorado-en-la-ensenanza-estrategica\/"},"modified":"2018-03-10T00:07:10","modified_gmt":"2018-03-10T00:07:10","slug":"la-formacion-del-profesorado-en-la-ensenanza-estrategica","status":"publish","type":"post","link":"https:\/\/www.deberes.net\/tesis\/psicologia\/la-formacion-del-profesorado-en-la-ensenanza-estrategica\/","title":{"rendered":"La formaci\u00f3n del profesorado en la ense\u00f1anza estrat\u00e9gica."},"content":{"rendered":"<h2>Tesis doctoral de <strong> Antoni Badia Gargant\u00e9 <\/strong><\/h2>\n<p>En la parte te\u00f3rica, se conceptualiza la noci\u00f3n de aprendizaje estrat\u00e9gico bas\u00e1ndose tanto en aportaciones del procesamiento de informaci\u00f3n como de las teor\u00edas socioculturales.As\u00ed mismo, se detalla una secuencia metodol\u00f3gica integrada de la ense\u00f1anza estrat\u00e9gica. Por \u00faltimo, se realiza una propuesta de formaci\u00f3n estrat\u00e9gica, basada en los resultados del an\u00e1lisis de los diferentes enfoques formativos referenciados.  en la parte de la investigaci\u00f3n, se desarrolla el an\u00e1lisis del impacto que ha tenido un curso de formaci\u00f3n sobre la ense\u00f1anza estrat\u00e9gica en la construcci\u00f3n de conocimiento de 8 profesores.  se constata que la actividad formativa del cursoha sido mayorit\u00e1riamente preconstrucitva, que los profesores han construido selectivamente los conocimientos del contenido del curso y que la aplicaci\u00f3n a sus aulas de este conocimiento se relaciona directamente con el grado de conocimiento declarable construido.  as\u00ed mismo, se evidencia que estos profesores, con mucha experiencia docente, se situan en una epistemolog\u00eda constructiva centrada en la construcci\u00f3n de conocimiento pr\u00e1ctico docente.<\/p>\n<p>&nbsp;<\/p>\n<h3>Datos acad\u00e9micos de la tesis doctoral \u00ab<strong>La formaci\u00f3n del profesorado en la ense\u00f1anza estrat\u00e9gica.<\/strong>\u00ab<\/h3>\n<ul>\n<li><strong>T\u00edtulo de la tesis:<\/strong>\u00a0 La formaci\u00f3n del profesorado en la ense\u00f1anza estrat\u00e9gica. <\/li>\n<li><strong>Autor:<\/strong>\u00a0 Antoni Badia Gargant\u00e9 <\/li>\n<li><strong>Universidad:<\/strong>\u00a0 Aut\u00f3noma de barcelona<\/li>\n<li><strong>Fecha de lectura de la tesis:<\/strong>\u00a0 26\/01\/2000<\/li>\n<\/ul>\n<p>&nbsp;<\/p>\n<h3>Direcci\u00f3n y tribunal<\/h3>\n<ul>\n<li><strong>Director de la tesis<\/strong>\n<ul>\n<li>Carles Monereo Font<\/li>\n<\/ul>\n<\/li>\n<li><strong>Tribunal<\/strong>\n<ul>\n<li>Presidente del tribunal: cesar Coll salvador <\/li>\n<li>climent Gin\u00e9 gin\u00e9 (vocal)<\/li>\n<li>joaquin Gairin sallan (vocal)<\/li>\n<li>enric Valls  gim\u00e9nez (vocal)<\/li>\n<\/ul>\n<\/li>\n<\/ul>\n<p>&nbsp;<\/p>\n","protected":false},"excerpt":{"rendered":"<p>Tesis doctoral de Antoni Badia Gargant\u00e9 En la parte te\u00f3rica, se conceptualiza la noci\u00f3n de aprendizaje estrat\u00e9gico bas\u00e1ndose tanto en [&hellip;]<\/p>\n","protected":false},"author":1,"featured_media":0,"comment_status":"open","ping_status":"open","sticky":false,"template":"","format":"standard","meta":{"site-sidebar-layout":"default","site-content-layout":"","ast-site-content-layout":"","site-content-style":"default","site-sidebar-style":"default","ast-global-header-display":"","ast-banner-title-visibility":"","ast-main-header-display":"","ast-hfb-above-header-display":"","ast-hfb-below-header-display":"","ast-hfb-mobile-header-display":"","site-post-title":"","ast-breadcrumbs-content":"","ast-featured-img":"","footer-sml-layout":"","theme-transparent-header-meta":"","adv-header-id-meta":"","stick-header-meta":"","header-above-stick-meta":"","header-main-stick-meta":"","header-below-stick-meta":"","astra-migrate-meta-layouts":"default","ast-page-background-enabled":"default","ast-page-background-meta":{"desktop":{"background-color":"var(--ast-global-color-4)","background-image":"","background-repeat":"repeat","background-position":"center center","background-size":"auto","background-attachment":"scroll","background-type":"","background-media":"","overlay-type":"","overlay-color":"","overlay-gradient":""},"tablet":{"background-color":"","background-image":"","background-repeat":"repeat","background-position":"center center","background-size":"auto","background-attachment":"scroll","background-type":"","background-media":"","overlay-type":"","overlay-color":"","overlay-gradient":""},"mobile":{"background-color":"","background-image":"","background-repeat":"repeat","background-position":"center center","background-size":"auto","background-attachment":"scroll","background-type":"","background-media":"","overlay-type":"","overlay-color":"","overlay-gradient":""}},"ast-content-background-meta":{"desktop":{"background-color":"var(--ast-global-color-5)","background-image":"","background-repeat":"repeat","background-position":"center center","background-size":"auto","background-attachment":"scroll","background-type":"","background-media":"","overlay-type":"","overlay-color":"","overlay-gradient":""},"tablet":{"background-color":"var(--ast-global-color-5)","background-image":"","background-repeat":"repeat","background-position":"center center","background-size":"auto","background-attachment":"scroll","background-type":"","background-media":"","overlay-type":"","overlay-color":"","overlay-gradient":""},"mobile":{"background-color":"var(--ast-global-color-5)","background-image":"","background-repeat":"repeat","background-position":"center center","background-size":"auto","background-attachment":"scroll","background-type":"","background-media":"","overlay-type":"","overlay-color":"","overlay-gradient":""}},"footnotes":""},"categories":[1140,1141,1288,324,970,460],"tags":[82883,63514,33598,20001,33601,6624],"class_list":["post-83111","post","type-post","status-publish","format-standard","hentry","category-formacion-y-empleo-de-profesores","category-pedagogia","category-preparacion-de-profesores","category-psicologia","category-psicologia-del-nino-y-del-adolescente","category-psicologia-escolar","tag-antoni-badia-gargante","tag-carles-monereo-font","tag-cesar-coll-salvador","tag-climent-gine-gine","tag-enric-valls-gimenez","tag-joaquin-gairin-sallan"],"_links":{"self":[{"href":"https:\/\/www.deberes.net\/tesis\/wp-json\/wp\/v2\/posts\/83111","targetHints":{"allow":["GET"]}}],"collection":[{"href":"https:\/\/www.deberes.net\/tesis\/wp-json\/wp\/v2\/posts"}],"about":[{"href":"https:\/\/www.deberes.net\/tesis\/wp-json\/wp\/v2\/types\/post"}],"author":[{"embeddable":true,"href":"https:\/\/www.deberes.net\/tesis\/wp-json\/wp\/v2\/users\/1"}],"replies":[{"embeddable":true,"href":"https:\/\/www.deberes.net\/tesis\/wp-json\/wp\/v2\/comments?post=83111"}],"version-history":[{"count":0,"href":"https:\/\/www.deberes.net\/tesis\/wp-json\/wp\/v2\/posts\/83111\/revisions"}],"wp:attachment":[{"href":"https:\/\/www.deberes.net\/tesis\/wp-json\/wp\/v2\/media?parent=83111"}],"wp:term":[{"taxonomy":"category","embeddable":true,"href":"https:\/\/www.deberes.net\/tesis\/wp-json\/wp\/v2\/categories?post=83111"},{"taxonomy":"post_tag","embeddable":true,"href":"https:\/\/www.deberes.net\/tesis\/wp-json\/wp\/v2\/tags?post=83111"}],"curies":[{"name":"wp","href":"https:\/\/api.w.org\/{rel}","templated":true}]}}