{"id":83131,"date":"2018-03-10T00:07:14","date_gmt":"2018-03-10T00:07:14","guid":{"rendered":"https:\/\/www.deberes.net\/tesis\/sin-categoria\/historiografa%c2%ada-cultural-en-las-novelas-de-jose-saramago\/"},"modified":"2018-03-10T00:07:14","modified_gmt":"2018-03-10T00:07:14","slug":"historiografa%c2%ada-cultural-en-las-novelas-de-jose-saramago","status":"publish","type":"post","link":"https:\/\/www.deberes.net\/tesis\/historia\/historiografa%c2%ada-cultural-en-las-novelas-de-jose-saramago\/","title":{"rendered":"Historiograf\u00edacultural en las novelas de jos\u00e9 saramago"},"content":{"rendered":"<h2>Tesis doctoral de <strong> Manuel Galvao Jacinto <\/strong><\/h2>\n<p>La realidad literaria afirma la posibilidad de di\u00e1logo cultural m\u00faltiple, contextualizado por diveros lenguajes que se interrelacionan para la compresi\u00f3n y valorizaci\u00f3n de la realidad de ser hombre en su diversidad vivencial, vivencias que sonproducto de una tetclidad sicosom\u00e1tica insertada en un contexto, raz\u00f3n y posiblidad de ser, consecuentamente, s\u00f3lo en una postura global y globalizate podremos oreintarnos hacia la comprensi\u00f3n, valorizaci\u00f3n y perspetivaci\u00f3n del fen\u00f3meno literario en cuanto revaloraci\u00f3n de la esencia cultural.  al adoptar el tema historiograf\u00eda cultural tengo presente la realidad cultural portugeusa que ha sido objeto de relectura por parte del saramago, al &#8212;- el pasado cultural portugu\u00e9s y al proyectar posturas  culturales hacia el imaginario nacional con la creaci\u00f3n de espacios simb\u00f3licos, fruto de m\u00faltiples im\u00e1genes y s\u00edmbolos que ha ido prestulando con sus novelas y que, poco a poco, van siendo asimilades por el imaginario humano y concretamente, por el imaginario portugu\u00e9s.<\/p>\n<p>&nbsp;<\/p>\n<h3>Datos acad\u00e9micos de la tesis doctoral \u00ab<strong>Historiograf\u00edacultural en las novelas de jos\u00e9 saramago<\/strong>\u00ab<\/h3>\n<ul>\n<li><strong>T\u00edtulo de la tesis:<\/strong>\u00a0 Historiograf\u00edacultural en las novelas de jos\u00e9 saramago <\/li>\n<li><strong>Autor:<\/strong>\u00a0 Manuel Galvao Jacinto <\/li>\n<li><strong>Universidad:<\/strong>\u00a0 Salamanca<\/li>\n<li><strong>Fecha de lectura de la tesis:<\/strong>\u00a0 27\/01\/2000<\/li>\n<\/ul>\n<p>&nbsp;<\/p>\n<h3>Direcci\u00f3n y tribunal<\/h3>\n<ul>\n<li><strong>Director de la tesis<\/strong>\n<ul>\n<li>\u00e1ngel Marcos De Dios<\/li>\n<\/ul>\n<\/li>\n<li><strong>Tribunal<\/strong>\n<ul>\n<li>Presidente del tribunal: perfecto esteban Cuadrado fernandez <\/li>\n<li>el\u00edas j Torres feijoo (vocal)<\/li>\n<li> Teruelo n\u00fa\u00f1ez M\u00aa sol (vocal)<\/li>\n<li> Rosa grincho serra pedro e. (vocal)<\/li>\n<\/ul>\n<\/li>\n<\/ul>\n<p>&nbsp;<\/p>\n","protected":false},"excerpt":{"rendered":"<p>Tesis doctoral de Manuel Galvao Jacinto La realidad literaria afirma la posibilidad de di\u00e1logo cultural m\u00faltiple, contextualizado por diveros lenguajes [&hellip;]<\/p>\n","protected":false},"author":1,"featured_media":0,"comment_status":"open","ping_status":"open","sticky":false,"template":"","format":"standard","meta":{"site-sidebar-layout":"default","site-content-layout":"","ast-site-content-layout":"","site-content-style":"default","site-sidebar-style":"default","ast-global-header-display":"","ast-banner-title-visibility":"","ast-main-header-display":"","ast-hfb-above-header-display":"","ast-hfb-below-header-display":"","ast-hfb-mobile-header-display":"","site-post-title":"","ast-breadcrumbs-content":"","ast-featured-img":"","footer-sml-layout":"","theme-transparent-header-meta":"","adv-header-id-meta":"","stick-header-meta":"","header-above-stick-meta":"","header-main-stick-meta":"","header-below-stick-meta":"","astra-migrate-meta-layouts":"default","ast-page-background-enabled":"default","ast-page-background-meta":{"desktop":{"background-color":"var(--ast-global-color-4)","background-image":"","background-repeat":"repeat","background-position":"center center","background-size":"auto","background-attachment":"scroll","background-type":"","background-media":"","overlay-type":"","overlay-color":"","overlay-gradient":""},"tablet":{"background-color":"","background-image":"","background-repeat":"repeat","background-position":"center center","background-size":"auto","background-attachment":"scroll","background-type":"","background-media":"","overlay-type":"","overlay-color":"","overlay-gradient":""},"mobile":{"background-color":"","background-image":"","background-repeat":"repeat","background-position":"center center","background-size":"auto","background-attachment":"scroll","background-type":"","background-media":"","overlay-type":"","overlay-color":"","overlay-gradient":""}},"ast-content-background-meta":{"desktop":{"background-color":"var(--ast-global-color-5)","background-image":"","background-repeat":"repeat","background-position":"center center","background-size":"auto","background-attachment":"scroll","background-type":"","background-media":"","overlay-type":"","overlay-color":"","overlay-gradient":""},"tablet":{"background-color":"var(--ast-global-color-5)","background-image":"","background-repeat":"repeat","background-position":"center center","background-size":"auto","background-attachment":"scroll","background-type":"","background-media":"","overlay-type":"","overlay-color":"","overlay-gradient":""},"mobile":{"background-color":"var(--ast-global-color-5)","background-image":"","background-repeat":"repeat","background-position":"center center","background-size":"auto","background-attachment":"scroll","background-type":"","background-media":"","overlay-type":"","overlay-color":"","overlay-gradient":""}},"footnotes":""},"categories":[148,147,149,104,106,5914,9386,628],"tags":[19062,35248,176338,54366,176340,176339],"class_list":["post-83131","post","type-post","status-publish","format-standard","hentry","category-analisis-literario","category-ciencias-de-las-artes-y-las-letras","category-critica-de-textos","category-historia","category-historia-general","category-historiografia","category-salamanca","category-teoria-analisis-y-critica-literarios","tag-angel-marcos-de-dios","tag-elias-j-torres-feijoo","tag-manuel-galvao-jacinto","tag-perfecto-esteban-cuadrado-fernandez","tag-rosa-grincho-serra-pedro-e","tag-teruelo-nunez-ma-sol"],"_links":{"self":[{"href":"https:\/\/www.deberes.net\/tesis\/wp-json\/wp\/v2\/posts\/83131","targetHints":{"allow":["GET"]}}],"collection":[{"href":"https:\/\/www.deberes.net\/tesis\/wp-json\/wp\/v2\/posts"}],"about":[{"href":"https:\/\/www.deberes.net\/tesis\/wp-json\/wp\/v2\/types\/post"}],"author":[{"embeddable":true,"href":"https:\/\/www.deberes.net\/tesis\/wp-json\/wp\/v2\/users\/1"}],"replies":[{"embeddable":true,"href":"https:\/\/www.deberes.net\/tesis\/wp-json\/wp\/v2\/comments?post=83131"}],"version-history":[{"count":0,"href":"https:\/\/www.deberes.net\/tesis\/wp-json\/wp\/v2\/posts\/83131\/revisions"}],"wp:attachment":[{"href":"https:\/\/www.deberes.net\/tesis\/wp-json\/wp\/v2\/media?parent=83131"}],"wp:term":[{"taxonomy":"category","embeddable":true,"href":"https:\/\/www.deberes.net\/tesis\/wp-json\/wp\/v2\/categories?post=83131"},{"taxonomy":"post_tag","embeddable":true,"href":"https:\/\/www.deberes.net\/tesis\/wp-json\/wp\/v2\/tags?post=83131"}],"curies":[{"name":"wp","href":"https:\/\/api.w.org\/{rel}","templated":true}]}}