{"id":83185,"date":"2018-03-10T00:07:14","date_gmt":"2018-03-10T00:07:14","guid":{"rendered":"https:\/\/www.deberes.net\/tesis\/sin-categoria\/la-medicion-de-la-calidad-a-traves-del-coste-un-enfoque-metodologico-y-operativo\/"},"modified":"2018-03-10T00:07:14","modified_gmt":"2018-03-10T00:07:14","slug":"la-medicion-de-la-calidad-a-traves-del-coste-un-enfoque-metodologico-y-operativo","status":"publish","type":"post","link":"https:\/\/www.deberes.net\/tesis\/ciencias-economicas\/la-medicion-de-la-calidad-a-traves-del-coste-un-enfoque-metodologico-y-operativo\/","title":{"rendered":"La medici\u00f3n de la calidad a trav\u00e9s del coste: un enfoque metodol\u00f3gico y operativo"},"content":{"rendered":"<h2>Tesis doctoral de <strong>  Sansalvador Selels Mnauel Enrique <\/strong><\/h2>\n<p>El profundo convencimiento de que el alto nivel de competitividad existente en los mercados actuales, obliga a las empresas a competir ya no s\u00f3lo en precios, sino muy especialmente en calidad, ha llevado a plantearnos la conveniencia de colaborar en la difusi\u00f3n de su gesti\u00f3n desde nuestra condici\u00f3n de profesores universitaria de contabilidad. De esta forma, atrav\u00e9s de la presente tesis doctoral uan vez introducida la gesti\u00f3n de la calidad y las bases conceptuales donde se asienta el estudio del coste total de la calidad, se desarrolla un modelo de c\u00e1lculo del coste total de la calidad cuya sencillez y operatividad lo hacen especialmente recomendable para pymes, sin  que ello limte de forma alguna las ventajas derivados de utilizar el corte total de la calidad como instrumento de gesti\u00f3n.  del modelo propuesto cabe destacar la metodolog\u00eda de costes, introducida, la amplia colecci\u00f3n de procedimientos intensivos desarrollada en el anexo, y la aplicaci\u00f3n que se hace de la l\u00f3gica borrosa para estimar los costes intangibles.<\/p>\n<p>&nbsp;<\/p>\n<h3>Datos acad\u00e9micos de la tesis doctoral \u00ab<strong>La medici\u00f3n de la calidad a trav\u00e9s del coste: un enfoque metodol\u00f3gico y operativo<\/strong>\u00ab<\/h3>\n<ul>\n<li><strong>T\u00edtulo de la tesis:<\/strong>\u00a0 La medici\u00f3n de la calidad a trav\u00e9s del coste: un enfoque metodol\u00f3gico y operativo <\/li>\n<li><strong>Autor:<\/strong>\u00a0  Sansalvador Selels Mnauel Enrique <\/li>\n<li><strong>Universidad:<\/strong>\u00a0 Miguel hern\u00e1ndez de elche<\/li>\n<li><strong>Fecha de lectura de la tesis:<\/strong>\u00a0 31\/01\/2000<\/li>\n<\/ul>\n<p>&nbsp;<\/p>\n<h3>Direcci\u00f3n y tribunal<\/h3>\n<ul>\n<li><strong>Director de la tesis<\/strong>\n<ul>\n<li> Gonz\u00e1lez Carbonell Jos\u00e9 Francisco<\/li>\n<\/ul>\n<\/li>\n<li><strong>Tribunal<\/strong>\n<ul>\n<li>Presidente del tribunal: Jes\u00fas Rodriguez marin <\/li>\n<li>Carlos Mallo rodriguez (vocal)<\/li>\n<li>vicente Serra salvador (vocal)<\/li>\n<li>vicente Meneu ferrer (vocal)<\/li>\n<\/ul>\n<\/li>\n<\/ul>\n<p>&nbsp;<\/p>\n","protected":false},"excerpt":{"rendered":"<p>Tesis doctoral de Sansalvador Selels Mnauel Enrique El profundo convencimiento de que el alto nivel de competitividad existente en los [&hellip;]<\/p>\n","protected":false},"author":1,"featured_media":0,"comment_status":"open","ping_status":"open","sticky":false,"template":"","format":"standard","meta":{"site-sidebar-layout":"default","site-content-layout":"","ast-site-content-layout":"","site-content-style":"default","site-sidebar-style":"default","ast-global-header-display":"","ast-banner-title-visibility":"","ast-main-header-display":"","ast-hfb-above-header-display":"","ast-hfb-below-header-display":"","ast-hfb-mobile-header-display":"","site-post-title":"","ast-breadcrumbs-content":"","ast-featured-img":"","footer-sml-layout":"","theme-transparent-header-meta":"","adv-header-id-meta":"","stick-header-meta":"","header-above-stick-meta":"","header-main-stick-meta":"","header-below-stick-meta":"","astra-migrate-meta-layouts":"default","ast-page-background-enabled":"default","ast-page-background-meta":{"desktop":{"background-color":"var(--ast-global-color-4)","background-image":"","background-repeat":"repeat","background-position":"center center","background-size":"auto","background-attachment":"scroll","background-type":"","background-media":"","overlay-type":"","overlay-color":"","overlay-gradient":""},"tablet":{"background-color":"","background-image":"","background-repeat":"repeat","background-position":"center center","background-size":"auto","background-attachment":"scroll","background-type":"","background-media":"","overlay-type":"","overlay-color":"","overlay-gradient":""},"mobile":{"background-color":"","background-image":"","background-repeat":"repeat","background-position":"center center","background-size":"auto","background-attachment":"scroll","background-type":"","background-media":"","overlay-type":"","overlay-color":"","overlay-gradient":""}},"ast-content-background-meta":{"desktop":{"background-color":"var(--ast-global-color-5)","background-image":"","background-repeat":"repeat","background-position":"center center","background-size":"auto","background-attachment":"scroll","background-type":"","background-media":"","overlay-type":"","overlay-color":"","overlay-gradient":""},"tablet":{"background-color":"var(--ast-global-color-5)","background-image":"","background-repeat":"repeat","background-position":"center center","background-size":"auto","background-attachment":"scroll","background-type":"","background-media":"","overlay-type":"","overlay-color":"","overlay-gradient":""},"mobile":{"background-color":"var(--ast-global-color-5)","background-image":"","background-repeat":"repeat","background-position":"center center","background-size":"auto","background-attachment":"scroll","background-type":"","background-media":"","overlay-type":"","overlay-color":"","overlay-gradient":""}},"footnotes":""},"categories":[82,1697,37169,7236,1302],"tags":[18502,49745,11866,176435,10961,10813],"class_list":["post-83185","post","type-post","status-publish","format-standard","hentry","category-ciencias-economicas","category-contabilidad-economica","category-miguel-hernandez-de-elche","category-niveles-optimos-de-produccion","category-organizacion-y-gestion-de-empresas","tag-carlos-mallo-rodriguez","tag-gonzalez-carbonell-jose-francisco","tag-jesus-rodriguez-marin","tag-sansalvador-selels-mnauel-enrique","tag-vicente-meneu-ferrer","tag-vicente-serra-salvador"],"_links":{"self":[{"href":"https:\/\/www.deberes.net\/tesis\/wp-json\/wp\/v2\/posts\/83185","targetHints":{"allow":["GET"]}}],"collection":[{"href":"https:\/\/www.deberes.net\/tesis\/wp-json\/wp\/v2\/posts"}],"about":[{"href":"https:\/\/www.deberes.net\/tesis\/wp-json\/wp\/v2\/types\/post"}],"author":[{"embeddable":true,"href":"https:\/\/www.deberes.net\/tesis\/wp-json\/wp\/v2\/users\/1"}],"replies":[{"embeddable":true,"href":"https:\/\/www.deberes.net\/tesis\/wp-json\/wp\/v2\/comments?post=83185"}],"version-history":[{"count":0,"href":"https:\/\/www.deberes.net\/tesis\/wp-json\/wp\/v2\/posts\/83185\/revisions"}],"wp:attachment":[{"href":"https:\/\/www.deberes.net\/tesis\/wp-json\/wp\/v2\/media?parent=83185"}],"wp:term":[{"taxonomy":"category","embeddable":true,"href":"https:\/\/www.deberes.net\/tesis\/wp-json\/wp\/v2\/categories?post=83185"},{"taxonomy":"post_tag","embeddable":true,"href":"https:\/\/www.deberes.net\/tesis\/wp-json\/wp\/v2\/tags?post=83185"}],"curies":[{"name":"wp","href":"https:\/\/api.w.org\/{rel}","templated":true}]}}