{"id":83186,"date":"2000-01-02T00:00:00","date_gmt":"2000-01-02T00:00:00","guid":{"rendered":"https:\/\/www.deberes.net\/tesis\/sin-categoria\/identificacion-clonage-y-caracterizacion-de-genes-implicados-en-la-tolerancia-a-la-sequia-en-almendro-prunus-amygdalus-batsch\/"},"modified":"2000-01-02T00:00:00","modified_gmt":"2000-01-02T00:00:00","slug":"identificacion-clonage-y-caracterizacion-de-genes-implicados-en-la-tolerancia-a-la-sequia-en-almendro-prunus-amygdalus-batsch","status":"publish","type":"post","link":"https:\/\/www.deberes.net\/tesis\/quimica\/identificacion-clonage-y-caracterizacion-de-genes-implicados-en-la-tolerancia-a-la-sequia-en-almendro-prunus-amygdalus-batsch\/","title":{"rendered":"Identificacion, clonage y caracterizacion de genes implicados en la tolerancia a la sequia en almendro (prunus amygdalus, batsch)"},"content":{"rendered":"<h2>Tesis doctoral de <strong> Anna Campalans Iscla <\/strong><\/h2>\n<p>Espa\u00f1a es el segundo productor mundial de almendra y la producci\u00f3n est\u00e1 principalmente limitada por factores ambientales adversos como son las bajas temperaturas durante el periodo de floraci\u00f3n y la falta de agua durante el ciclo vegetativo del arbol. Es por tanto de gran inter\u00e9s estudiar la respuesta del almendro a la falta de agua, asi pues el objetivo de esta tesis doctoral ha sido la identificaci\u00f3n de genes que se inducen durante una situaci\u00f3n de sequia en el almendro. Como modelo de estudio se ha utilizado principalmente el desarrollo embrionario ya que el embri\u00f3n maduro es un tejido muy bien adaptado a la desecaci\u00f3n y muchos de los genes que se inducen durante las \u00faltimas etapas de la embriogenesis son tambien inducibles en tejido vegetativo durante la deshidrataci\u00f3n. Mediante an\u00e1lisis por electroforesis bidimensional de las proteinas acumuladas en el embrion maduro respeto a embriones en estadios m\u00e1s prematuros del desarrollo se han identificado unos diez polip\u00e9ptidos que se acumulan espec\u00edficamente en el embri\u00f3n maduro y que por tato pueden participar en el proceso de tolerancia del embri\u00f3n a la desecaci\u00f3n. Un grupo de proteinas que se acumula de forma muy abundante en las etapas tard\u00edas del desarrollo embrionario son las proteinas lea (late embrygonesis abundant), en este trabajo se han identificado y caracterizado dos genes que codifican para proteinas lea, que han sido llamados parab21(grupo 2) y parab27(grupo 5) por prunus amygdalus responsive to aba, 21 y 27 corresponden al peso molecular te\u00f3rico deducido a partir de la sequencia de amino\u00e1cidos. el uso de anticuerpos obtenidos contra las proteinas hom\u00f3logas de maiz rab17 y rab28 han permitido caracterizar el patr\u00f3n de acumulaci\u00f3n de estas proteinas en almendro. Mediante la aplicaci\u00f3n de la tecnica de expresi\u00f3n diferencal cdna-aflp, se han aislado y caracterizado genes que se inducen durante el proceso de deshidrataci\u00f3n en almendro (ya sea en el embri\u00f3<\/p>\n<p>&nbsp;<\/p>\n<h3>Datos acad\u00e9micos de la tesis doctoral \u00ab<strong>Identificacion, clonage y caracterizacion de genes implicados en la tolerancia a la sequia en almendro (prunus amygdalus, batsch)<\/strong>\u00ab<\/h3>\n<ul>\n<li><strong>T\u00edtulo de la tesis:<\/strong>\u00a0 Identificacion, clonage y caracterizacion de genes implicados en la tolerancia a la sequia en almendro (prunus amygdalus, batsch) <\/li>\n<li><strong>Autor:<\/strong>\u00a0 Anna Campalans Iscla <\/li>\n<li><strong>Universidad:<\/strong>\u00a0 Barcelona<\/li>\n<li><strong>Fecha de lectura de la tesis:<\/strong>\u00a0 01\/02\/2000<\/li>\n<\/ul>\n<p>&nbsp;<\/p>\n<h3>Direcci\u00f3n y tribunal<\/h3>\n<ul>\n<li><strong>Director de la tesis<\/strong>\n<ul>\n<li>Ram\u00f3n Messeguer Peypoch<\/li>\n<\/ul>\n<\/li>\n<li><strong>Tribunal<\/strong>\n<ul>\n<li>Presidente del tribunal: julio Antonio Rozas liras <\/li>\n<li>Francisco Culia\u00f1ez macia (vocal)<\/li>\n<li>m. \u00e1ngeles Viruel zozaya (vocal)<\/li>\n<li>salom\u00e9 Prat mongui\u00f3 (vocal)<\/li>\n<\/ul>\n<\/li>\n<\/ul>\n<p>&nbsp;<\/p>\n","protected":false},"excerpt":{"rendered":"<p>Tesis doctoral de Anna Campalans Iscla Espa\u00f1a es el segundo productor mundial de almendra y la producci\u00f3n est\u00e1 principalmente limitada [&hellip;]<\/p>\n","protected":false},"author":1,"featured_media":0,"comment_status":"open","ping_status":"open","sticky":false,"template":"","format":"standard","meta":{"site-sidebar-layout":"default","site-content-layout":"","ast-site-content-layout":"","site-content-style":"default","site-sidebar-style":"default","ast-global-header-display":"","ast-banner-title-visibility":"","ast-main-header-display":"","ast-hfb-above-header-display":"","ast-hfb-below-header-display":"","ast-hfb-mobile-header-display":"","site-post-title":"","ast-breadcrumbs-content":"","ast-featured-img":"","footer-sml-layout":"","theme-transparent-header-meta":"","adv-header-id-meta":"","stick-header-meta":"","header-above-stick-meta":"","header-main-stick-meta":"","header-below-stick-meta":"","astra-migrate-meta-layouts":"default","ast-page-background-enabled":"default","ast-page-background-meta":{"desktop":{"background-color":"var(--ast-global-color-4)","background-image":"","background-repeat":"repeat","background-position":"center center","background-size":"auto","background-attachment":"scroll","background-type":"","background-media":"","overlay-type":"","overlay-color":"","overlay-gradient":""},"tablet":{"background-color":"","background-image":"","background-repeat":"repeat","background-position":"center center","background-size":"auto","background-attachment":"scroll","background-type":"","background-media":"","overlay-type":"","overlay-color":"","overlay-gradient":""},"mobile":{"background-color":"","background-image":"","background-repeat":"repeat","background-position":"center center","background-size":"auto","background-attachment":"scroll","background-type":"","background-media":"","overlay-type":"","overlay-color":"","overlay-gradient":""}},"ast-content-background-meta":{"desktop":{"background-color":"var(--ast-global-color-5)","background-image":"","background-repeat":"repeat","background-position":"center center","background-size":"auto","background-attachment":"scroll","background-type":"","background-media":"","overlay-type":"","overlay-color":"","overlay-gradient":""},"tablet":{"background-color":"var(--ast-global-color-5)","background-image":"","background-repeat":"repeat","background-position":"center center","background-size":"auto","background-attachment":"scroll","background-type":"","background-media":"","overlay-type":"","overlay-color":"","overlay-gradient":""},"mobile":{"background-color":"var(--ast-global-color-5)","background-image":"","background-repeat":"repeat","background-position":"center center","background-size":"auto","background-attachment":"scroll","background-type":"","background-media":"","overlay-type":"","overlay-color":"","overlay-gradient":""}},"footnotes":""},"categories":[951,160,115,534,17],"tags":[176436,19693,3203,176437,20319,37375],"class_list":["post-83186","post","type-post","status-publish","format-standard","hentry","category-barcelona","category-bioquimica","category-bioquimica-molecular","category-genetica-vegetal","category-quimica","tag-anna-campalans-iscla","tag-francisco-culianez-macia","tag-julio-antonio-rozas-liras","tag-m-angeles-viruel-zozaya","tag-ramon-messeguer-peypoch","tag-salome-prat-monguio"],"_links":{"self":[{"href":"https:\/\/www.deberes.net\/tesis\/wp-json\/wp\/v2\/posts\/83186","targetHints":{"allow":["GET"]}}],"collection":[{"href":"https:\/\/www.deberes.net\/tesis\/wp-json\/wp\/v2\/posts"}],"about":[{"href":"https:\/\/www.deberes.net\/tesis\/wp-json\/wp\/v2\/types\/post"}],"author":[{"embeddable":true,"href":"https:\/\/www.deberes.net\/tesis\/wp-json\/wp\/v2\/users\/1"}],"replies":[{"embeddable":true,"href":"https:\/\/www.deberes.net\/tesis\/wp-json\/wp\/v2\/comments?post=83186"}],"version-history":[{"count":0,"href":"https:\/\/www.deberes.net\/tesis\/wp-json\/wp\/v2\/posts\/83186\/revisions"}],"wp:attachment":[{"href":"https:\/\/www.deberes.net\/tesis\/wp-json\/wp\/v2\/media?parent=83186"}],"wp:term":[{"taxonomy":"category","embeddable":true,"href":"https:\/\/www.deberes.net\/tesis\/wp-json\/wp\/v2\/categories?post=83186"},{"taxonomy":"post_tag","embeddable":true,"href":"https:\/\/www.deberes.net\/tesis\/wp-json\/wp\/v2\/tags?post=83186"}],"curies":[{"name":"wp","href":"https:\/\/api.w.org\/{rel}","templated":true}]}}