{"id":83261,"date":"2000-04-02T00:00:00","date_gmt":"2000-04-02T00:00:00","guid":{"rendered":"https:\/\/www.deberes.net\/tesis\/sin-categoria\/la-teoria-del-derecho-de-k-ch-f-krause-y-su-proyecto-de-integracion-europea\/"},"modified":"2000-04-02T00:00:00","modified_gmt":"2000-04-02T00:00:00","slug":"la-teoria-del-derecho-de-k-ch-f-krause-y-su-proyecto-de-integracion-europea","status":"publish","type":"post","link":"https:\/\/www.deberes.net\/tesis\/filosofia\/la-teoria-del-derecho-de-k-ch-f-krause-y-su-proyecto-de-integracion-europea\/","title":{"rendered":"La teoria del derecho de k. ch. f. krause y su proyecto de integracion europea."},"content":{"rendered":"<h2>Tesis doctoral de <strong> Francisco Querol Fernandez <\/strong><\/h2>\n<p>La reflexi\u00f3n acerca del derecho ocupa en la obra del pensador k. Ch. F. krause (1789-1832) un lugar destacado, no solo por la importancia que adquiere la teoria juridica dentro de su propio sistema, sino porque sin lugar a dudas fue esta una de las disciplinas que m\u00e1s contribuyeron a la difusi\u00f3n de sus ideas y aquella que ha dejado tras de s\u00ed mayores frutos en el campo de la filosofia practica. Sin embargo, el car\u00e1cter radicalmente precursor e innovador de las propuestas krauseanas en esta materia obligan, no solo a reivindicar el lugar que merecen los trabajos jur\u00eddicos del maestro de dresden en el contexto de la historia de la filosofia del derecho, sino a reclamar la actualidad de muchas de sus tesis para la discusi\u00f3n contemporanea acerca de la teoria del derecho. Esta investigacion trata de exponer de manera sistematica las lineas fundamentales del pensamiento juridico de krause, al tiempo que dialoga desde sus propuestas con algunas de las cuestiones que todavia hoy permanecen abiertas al debate. Sus revolucionarias tesis acerca del derecho penal, su defensa de los derechos de la infancia, de la igualdad de oportunidades de la mujer y de la asistencia social a favor de los desfavorecidos; su lucha por los derechos de la naturaleza y el desarrollo sostenible, su reivindicacion de una proteccion juridica para los animales; sus ideas pacifistas y su novedosa manera de entender las relaciones entre individuo y estado; su convencido esp\u00edritu europeista y su proyecto de una uni\u00f3n europea, son algunos de los aspectos que ponen de manifiesto el interes y actualidad de la teoria juridica de este autor.<\/p>\n<p>&nbsp;<\/p>\n<h3>Datos acad\u00e9micos de la tesis doctoral \u00ab<strong>La teoria del derecho de k. ch. f. krause y su proyecto de integracion europea.<\/strong>\u00ab<\/h3>\n<ul>\n<li><strong>T\u00edtulo de la tesis:<\/strong>\u00a0 La teoria del derecho de k. ch. f. krause y su proyecto de integracion europea. <\/li>\n<li><strong>Autor:<\/strong>\u00a0 Francisco Querol Fernandez <\/li>\n<li><strong>Universidad:<\/strong>\u00a0 Pontificia comillas<\/li>\n<li><strong>Fecha de lectura de la tesis:<\/strong>\u00a0 04\/02\/2000<\/li>\n<\/ul>\n<p>&nbsp;<\/p>\n<h3>Direcci\u00f3n y tribunal<\/h3>\n<ul>\n<li><strong>Director de la tesis<\/strong>\n<ul>\n<li>Enrique Men\u00e9ndez Ure\u00f1a<\/li>\n<\/ul>\n<\/li>\n<li><strong>Tribunal<\/strong>\n<ul>\n<li>Presidente del tribunal: jose Puente egido <\/li>\n<li>Jos\u00e9 Manuel Perez prendes mu\u00f1oz arraco (vocal)<\/li>\n<li> Mora garcia vicente j. (vocal)<\/li>\n<li>ricardo Jes\u00fas Pinilla burgos (vocal)<\/li>\n<\/ul>\n<\/li>\n<\/ul>\n<p>&nbsp;<\/p>\n","protected":false},"excerpt":{"rendered":"<p>Tesis doctoral de Francisco Querol Fernandez La reflexi\u00f3n acerca del derecho ocupa en la obra del pensador k. Ch. F. [&hellip;]<\/p>\n","protected":false},"author":1,"featured_media":0,"comment_status":"open","ping_status":"open","sticky":false,"template":"","format":"standard","meta":{"site-sidebar-layout":"default","site-content-layout":"","ast-site-content-layout":"","site-content-style":"default","site-sidebar-style":"default","ast-global-header-display":"","ast-banner-title-visibility":"","ast-main-header-display":"","ast-hfb-above-header-display":"","ast-hfb-below-header-display":"","ast-hfb-mobile-header-display":"","site-post-title":"","ast-breadcrumbs-content":"","ast-featured-img":"","footer-sml-layout":"","theme-transparent-header-meta":"","adv-header-id-meta":"","stick-header-meta":"","header-above-stick-meta":"","header-main-stick-meta":"","header-below-stick-meta":"","astra-migrate-meta-layouts":"default","ast-page-background-enabled":"default","ast-page-background-meta":{"desktop":{"background-color":"var(--ast-global-color-4)","background-image":"","background-repeat":"repeat","background-position":"center center","background-size":"auto","background-attachment":"scroll","background-type":"","background-media":"","overlay-type":"","overlay-color":"","overlay-gradient":""},"tablet":{"background-color":"","background-image":"","background-repeat":"repeat","background-position":"center center","background-size":"auto","background-attachment":"scroll","background-type":"","background-media":"","overlay-type":"","overlay-color":"","overlay-gradient":""},"mobile":{"background-color":"","background-image":"","background-repeat":"repeat","background-position":"center center","background-size":"auto","background-attachment":"scroll","background-type":"","background-media":"","overlay-type":"","overlay-color":"","overlay-gradient":""}},"ast-content-background-meta":{"desktop":{"background-color":"var(--ast-global-color-5)","background-image":"","background-repeat":"repeat","background-position":"center center","background-size":"auto","background-attachment":"scroll","background-type":"","background-media":"","overlay-type":"","overlay-color":"","overlay-gradient":""},"tablet":{"background-color":"var(--ast-global-color-5)","background-image":"","background-repeat":"repeat","background-position":"center center","background-size":"auto","background-attachment":"scroll","background-type":"","background-media":"","overlay-type":"","overlay-color":"","overlay-gradient":""},"mobile":{"background-color":"var(--ast-global-color-5)","background-image":"","background-repeat":"repeat","background-position":"center center","background-size":"auto","background-attachment":"scroll","background-type":"","background-media":"","overlay-type":"","overlay-color":"","overlay-gradient":""}},"footnotes":""},"categories":[612,165,11777,6008,1078,18397,32239,3193],"tags":[18414,176553,4595,5649,176554,36587],"class_list":["post-83261","post","type-post","status-publish","format-standard","hentry","category-ciencias-juridicas-y-derecho","category-filosofia","category-filosofia-del-derecho","category-filosofia-politica","category-filosofia-social","category-pontificia-comillas","category-teoria-de-las-ideologias","category-teoria-y-metodos-generales-del-derecho","tag-enrique-menendez-urena","tag-francisco-querol-fernandez","tag-jose-manuel-perez-prendes-munoz-arraco","tag-jose-puente-egido","tag-mora-garcia-vicente-j","tag-ricardo-jesus-pinilla-burgos"],"_links":{"self":[{"href":"https:\/\/www.deberes.net\/tesis\/wp-json\/wp\/v2\/posts\/83261","targetHints":{"allow":["GET"]}}],"collection":[{"href":"https:\/\/www.deberes.net\/tesis\/wp-json\/wp\/v2\/posts"}],"about":[{"href":"https:\/\/www.deberes.net\/tesis\/wp-json\/wp\/v2\/types\/post"}],"author":[{"embeddable":true,"href":"https:\/\/www.deberes.net\/tesis\/wp-json\/wp\/v2\/users\/1"}],"replies":[{"embeddable":true,"href":"https:\/\/www.deberes.net\/tesis\/wp-json\/wp\/v2\/comments?post=83261"}],"version-history":[{"count":0,"href":"https:\/\/www.deberes.net\/tesis\/wp-json\/wp\/v2\/posts\/83261\/revisions"}],"wp:attachment":[{"href":"https:\/\/www.deberes.net\/tesis\/wp-json\/wp\/v2\/media?parent=83261"}],"wp:term":[{"taxonomy":"category","embeddable":true,"href":"https:\/\/www.deberes.net\/tesis\/wp-json\/wp\/v2\/categories?post=83261"},{"taxonomy":"post_tag","embeddable":true,"href":"https:\/\/www.deberes.net\/tesis\/wp-json\/wp\/v2\/tags?post=83261"}],"curies":[{"name":"wp","href":"https:\/\/api.w.org\/{rel}","templated":true}]}}