{"id":83262,"date":"2000-04-02T00:00:00","date_gmt":"2000-04-02T00:00:00","guid":{"rendered":"https:\/\/www.deberes.net\/tesis\/sin-categoria\/caracterizacion-del-analisis-documental-desde-la-perspectiva-de-la-calidad-marco-teorico-y-factores-representativos\/"},"modified":"2000-04-02T00:00:00","modified_gmt":"2000-04-02T00:00:00","slug":"caracterizacion-del-analisis-documental-desde-la-perspectiva-de-la-calidad-marco-teorico-y-factores-representativos","status":"publish","type":"post","link":"https:\/\/www.deberes.net\/tesis\/linguistica\/caracterizacion-del-analisis-documental-desde-la-perspectiva-de-la-calidad-marco-teorico-y-factores-representativos\/","title":{"rendered":"Caracterizacion del analisis documental desde la perspectiva de la calidad: marco teorico y factores representativos"},"content":{"rendered":"<h2>Tesis doctoral de <strong> Antonio Bereijo Mart\u00ednez <\/strong><\/h2>\n<p>Se tratan de determinar los par\u00e1metros de calidad de los productos documentales desde dos planos diferenciales: el te\u00f3rico y el correspondiente a la articulaci\u00f3n estructural. Se analiza por una parte el enclave te\u00f3rico-conceptual del analisis documental y por la otra la estructura del analisis documental desde el punto de vista de la calidad. Se estudian las relaciones de an\u00e1lisis documental y tecnolog\u00eda. Se aborda la cuesti\u00f3n de la normalizaci\u00f3n en relaci\u00f3n con la tecnolog\u00eda. Se analiza pormenorizadamente el proceso catalogr\u00e1fico.  se busca, en resumen, una caracterizaci\u00f3n general del analisis documental desde la perspectiva de la calidad.<\/p>\n<p>&nbsp;<\/p>\n<h3>Datos acad\u00e9micos de la tesis doctoral \u00ab<strong>Caracterizacion del analisis documental desde la perspectiva de la calidad: marco teorico y factores representativos<\/strong>\u00ab<\/h3>\n<ul>\n<li><strong>T\u00edtulo de la tesis:<\/strong>\u00a0 Caracterizacion del analisis documental desde la perspectiva de la calidad: marco teorico y factores representativos <\/li>\n<li><strong>Autor:<\/strong>\u00a0 Antonio Bereijo Mart\u00ednez <\/li>\n<li><strong>Universidad:<\/strong>\u00a0 Carlos III de Madrid<\/li>\n<li><strong>Fecha de lectura de la tesis:<\/strong>\u00a0 04\/02\/2000<\/li>\n<\/ul>\n<p>&nbsp;<\/p>\n<h3>Direcci\u00f3n y tribunal<\/h3>\n<ul>\n<li><strong>Director de la tesis<\/strong>\n<ul>\n<li>Jos\u00e9 Antonio Moreiro Gonzalez<\/li>\n<\/ul>\n<\/li>\n<li><strong>Tribunal<\/strong>\n<ul>\n<li>Presidente del tribunal: mercedes Caridad sebastian <\/li>\n<li> Peiro graner M\u00aa nieves (vocal)<\/li>\n<li>fern\u00e1ndo Ramos sim\u00f3n (vocal)<\/li>\n<li> Fuentes romero Juan  Jos\u00e9 (vocal)<\/li>\n<\/ul>\n<\/li>\n<\/ul>\n<p>&nbsp;<\/p>\n","protected":false},"excerpt":{"rendered":"<p>Tesis doctoral de Antonio Bereijo Mart\u00ednez Se tratan de determinar los par\u00e1metros de calidad de los productos documentales desde dos [&hellip;]<\/p>\n","protected":false},"author":1,"featured_media":0,"comment_status":"open","ping_status":"open","sticky":false,"template":"","format":"standard","meta":{"site-sidebar-layout":"default","site-content-layout":"","ast-site-content-layout":"","site-content-style":"default","site-sidebar-style":"default","ast-global-header-display":"","ast-banner-title-visibility":"","ast-main-header-display":"","ast-hfb-above-header-display":"","ast-hfb-below-header-display":"","ast-hfb-mobile-header-display":"","site-post-title":"","ast-breadcrumbs-content":"","ast-featured-img":"","footer-sml-layout":"","theme-transparent-header-meta":"","adv-header-id-meta":"","stick-header-meta":"","header-above-stick-meta":"","header-main-stick-meta":"","header-below-stick-meta":"","astra-migrate-meta-layouts":"default","ast-page-background-enabled":"default","ast-page-background-meta":{"desktop":{"background-color":"var(--ast-global-color-4)","background-image":"","background-repeat":"repeat","background-position":"center center","background-size":"auto","background-attachment":"scroll","background-type":"","background-media":"","overlay-type":"","overlay-color":"","overlay-gradient":""},"tablet":{"background-color":"","background-image":"","background-repeat":"repeat","background-position":"center center","background-size":"auto","background-attachment":"scroll","background-type":"","background-media":"","overlay-type":"","overlay-color":"","overlay-gradient":""},"mobile":{"background-color":"","background-image":"","background-repeat":"repeat","background-position":"center center","background-size":"auto","background-attachment":"scroll","background-type":"","background-media":"","overlay-type":"","overlay-color":"","overlay-gradient":""}},"ast-content-background-meta":{"desktop":{"background-color":"var(--ast-global-color-5)","background-image":"","background-repeat":"repeat","background-position":"center center","background-size":"auto","background-attachment":"scroll","background-type":"","background-media":"","overlay-type":"","overlay-color":"","overlay-gradient":""},"tablet":{"background-color":"var(--ast-global-color-5)","background-image":"","background-repeat":"repeat","background-position":"center center","background-size":"auto","background-attachment":"scroll","background-type":"","background-media":"","overlay-type":"","overlay-color":"","overlay-gradient":""},"mobile":{"background-color":"var(--ast-global-color-5)","background-image":"","background-repeat":"repeat","background-position":"center center","background-size":"auto","background-attachment":"scroll","background-type":"","background-media":"","overlay-type":"","overlay-color":"","overlay-gradient":""}},"footnotes":""},"categories":[18550,5526,59,60],"tags":[52820,7827,25024,7185,6939,176555],"class_list":["post-83262","post","type-post","status-publish","format-standard","hentry","category-carlos-iii-de-madrid","category-documentacion","category-linguistica","category-linguistica-aplicada","tag-antonio-bereijo-Martinez","tag-fernando-ramos-simon","tag-fuentes-romero-juan-jose","tag-jose-antonio-moreiro-gonzalez","tag-mercedes-caridad-sebastian","tag-peiro-graner-ma-nieves"],"_links":{"self":[{"href":"https:\/\/www.deberes.net\/tesis\/wp-json\/wp\/v2\/posts\/83262","targetHints":{"allow":["GET"]}}],"collection":[{"href":"https:\/\/www.deberes.net\/tesis\/wp-json\/wp\/v2\/posts"}],"about":[{"href":"https:\/\/www.deberes.net\/tesis\/wp-json\/wp\/v2\/types\/post"}],"author":[{"embeddable":true,"href":"https:\/\/www.deberes.net\/tesis\/wp-json\/wp\/v2\/users\/1"}],"replies":[{"embeddable":true,"href":"https:\/\/www.deberes.net\/tesis\/wp-json\/wp\/v2\/comments?post=83262"}],"version-history":[{"count":0,"href":"https:\/\/www.deberes.net\/tesis\/wp-json\/wp\/v2\/posts\/83262\/revisions"}],"wp:attachment":[{"href":"https:\/\/www.deberes.net\/tesis\/wp-json\/wp\/v2\/media?parent=83262"}],"wp:term":[{"taxonomy":"category","embeddable":true,"href":"https:\/\/www.deberes.net\/tesis\/wp-json\/wp\/v2\/categories?post=83262"},{"taxonomy":"post_tag","embeddable":true,"href":"https:\/\/www.deberes.net\/tesis\/wp-json\/wp\/v2\/tags?post=83262"}],"curies":[{"name":"wp","href":"https:\/\/api.w.org\/{rel}","templated":true}]}}