{"id":83266,"date":"2000-05-02T00:00:00","date_gmt":"2000-05-02T00:00:00","guid":{"rendered":"https:\/\/www.deberes.net\/tesis\/sin-categoria\/modulacion-del-reflejo-de-sobresalto-y-medidas-automaticas-en-psicopatas-encarcelados\/"},"modified":"2000-05-02T00:00:00","modified_gmt":"2000-05-02T00:00:00","slug":"modulacion-del-reflejo-de-sobresalto-y-medidas-automaticas-en-psicopatas-encarcelados","status":"publish","type":"post","link":"https:\/\/www.deberes.net\/tesis\/psicologia\/modulacion-del-reflejo-de-sobresalto-y-medidas-automaticas-en-psicopatas-encarcelados\/","title":{"rendered":"Modulacion del reflejo de sobresalto y medidas autom\u00e1ticas en psicopatas encarcelados"},"content":{"rendered":"<h2>Tesis doctoral de <strong> M.carmen Pastor Verchili <\/strong><\/h2>\n<p>\u00ab\u00bblas descripciones cl\u00e1sicas sobre la psicopat\u00eda ha enfatizado que las caracteristicas afectivas e interpersonales son el n\u00facleo de este trastorno de la personalidad, con independencia de la conducta socialmente desviada y delictiva(cleckley, 1976). Partiendo de la teoria bif\u00e1sica y dimensional de las emociones propuesta por p.J. Lang(1994,1995), el objetivo de esta tesis doctoral se centra en estudiar los procesos emocionales implicados en dicha patolog\u00eda, con la finalidad de comprobar emp\u00edricamente la hip\u00f3tesis de que los psic\u00f3patasse caracterizan por una incapacidad para experimentar miedo o ansiedad. Para ello, se estudi\u00f3 el patron de reactividad fisiol\u00f3gica de estos sujetos ante la presentaci\u00f3n de estimulos visuales complejos -im\u00e1genes con distinto contenido afectivo extraidas del international affectivepicture system (iaps; csea-nimh, 1999)-, utilizando las medidas auton\u00f3micas clasicas (actividad electrod\u00e9rmica y cardiovascular), y el paradigma del reflejo de sobresalto. junto a estas medidas fisiol\u00f3gicas se estudiaron las estimaciones afectivas sobre los estimulos visuales presentados en la tarea (componente expresivo-evaluativo de la respuesta emocional). Esta investigaci\u00f3n se llev\u00f3 a cabo con una muestra de 48 internos del centro penitenciario de castellon, clasificados como psicopatas, mixtos y no psic\u00f3patas a partir de sus puntuaciones en el hare psychopathy checklist revised(pcl-r; hare,1991). Los resultados obtenidos mostraron que los psic\u00f3patas se caracterizaban por (1) una reactividad anormal o deficitaria ante la estimulaci\u00f3n desagradable o aversiva, seg\u00fan indica la ausencia de la normal potenciaci\u00f3n del reflejo de sobresalto mostrada por estos sujetos, y que s\u00ed presentaron los otros grupos experimentales; (2) una respuesta afectiva manifiesta completamente normal, como indica la ausencia de diferencias entre psic\u00f3patas y no psic\u00f3patas en las estimaciones subjetivas de los est\u00edmulos; (3) un patr\u00f3n no<\/p>\n<p>&nbsp;<\/p>\n<h3>Datos acad\u00e9micos de la tesis doctoral \u00ab<strong>Modulacion del reflejo de sobresalto y medidas autom\u00e1ticas en psicopatas encarcelados<\/strong>\u00ab<\/h3>\n<ul>\n<li><strong>T\u00edtulo de la tesis:<\/strong>\u00a0 Modulacion del reflejo de sobresalto y medidas autom\u00e1ticas en psicopatas encarcelados <\/li>\n<li><strong>Autor:<\/strong>\u00a0 M.carmen Pastor Verchili <\/li>\n<li><strong>Universidad:<\/strong>\u00a0 Jaume i de castell\u00f3n<\/li>\n<li><strong>Fecha de lectura de la tesis:<\/strong>\u00a0 05\/02\/2000<\/li>\n<\/ul>\n<p>&nbsp;<\/p>\n<h3>Direcci\u00f3n y tribunal<\/h3>\n<ul>\n<li><strong>Director de la tesis<\/strong>\n<ul>\n<li>Javier Molto Brotons<\/li>\n<\/ul>\n<\/li>\n<li><strong>Tribunal<\/strong>\n<ul>\n<li>Presidente del tribunal: heliodoro Carpintero capell <\/li>\n<li>Jos\u00e9 Mar\u00eda Martinez selva (vocal)<\/li>\n<li>j. Lang peter (vocal)<\/li>\n<li>evelio Huertas rogriguez (vocal)<\/li>\n<\/ul>\n<\/li>\n<\/ul>\n<p>&nbsp;<\/p>\n","protected":false},"excerpt":{"rendered":"<p>Tesis doctoral de M.carmen Pastor Verchili \u00ab\u00bblas descripciones cl\u00e1sicas sobre la psicopat\u00eda ha enfatizado que las caracteristicas afectivas e interpersonales [&hellip;]<\/p>\n","protected":false},"author":1,"featured_media":0,"comment_status":"open","ping_status":"open","sticky":false,"template":"","format":"standard","meta":{"site-sidebar-layout":"default","site-content-layout":"","ast-site-content-layout":"","site-content-style":"default","site-sidebar-style":"default","ast-global-header-display":"","ast-banner-title-visibility":"","ast-main-header-display":"","ast-hfb-above-header-display":"","ast-hfb-below-header-display":"","ast-hfb-mobile-header-display":"","site-post-title":"","ast-breadcrumbs-content":"","ast-featured-img":"","footer-sml-layout":"","theme-transparent-header-meta":"","adv-header-id-meta":"","stick-header-meta":"","header-above-stick-meta":"","header-main-stick-meta":"","header-below-stick-meta":"","astra-migrate-meta-layouts":"default","ast-page-background-enabled":"default","ast-page-background-meta":{"desktop":{"background-color":"var(--ast-global-color-4)","background-image":"","background-repeat":"repeat","background-position":"center center","background-size":"auto","background-attachment":"scroll","background-type":"","background-media":"","overlay-type":"","overlay-color":"","overlay-gradient":""},"tablet":{"background-color":"","background-image":"","background-repeat":"repeat","background-position":"center center","background-size":"auto","background-attachment":"scroll","background-type":"","background-media":"","overlay-type":"","overlay-color":"","overlay-gradient":""},"mobile":{"background-color":"","background-image":"","background-repeat":"repeat","background-position":"center center","background-size":"auto","background-attachment":"scroll","background-type":"","background-media":"","overlay-type":"","overlay-color":"","overlay-gradient":""}},"ast-content-background-meta":{"desktop":{"background-color":"var(--ast-global-color-5)","background-image":"","background-repeat":"repeat","background-position":"center center","background-size":"auto","background-attachment":"scroll","background-type":"","background-media":"","overlay-type":"","overlay-color":"","overlay-gradient":""},"tablet":{"background-color":"var(--ast-global-color-5)","background-image":"","background-repeat":"repeat","background-position":"center center","background-size":"auto","background-attachment":"scroll","background-type":"","background-media":"","overlay-type":"","overlay-color":"","overlay-gradient":""},"mobile":{"background-color":"var(--ast-global-color-5)","background-image":"","background-repeat":"repeat","background-position":"center center","background-size":"auto","background-attachment":"scroll","background-type":"","background-media":"","overlay-type":"","overlay-color":"","overlay-gradient":""}},"footnotes":""},"categories":[5263,18725,324,961,2462,325],"tags":[176563,9338,41803,32719,8756,176562],"class_list":["post-83266","post","type-post","status-publish","format-standard","hentry","category-emocion","category-jaume-i-de-castellon","category-psicologia","category-psicologia-de-la-anormalidad","category-psicologia-experimental","category-psicopatologia","tag-evelio-huertas-rogriguez","tag-heliodoro-carpintero-capell","tag-j-lang-peter","tag-javier-molto-brotons","tag-jose-maria-Martinez-selva","tag-m-carmen-pastor-verchili"],"_links":{"self":[{"href":"https:\/\/www.deberes.net\/tesis\/wp-json\/wp\/v2\/posts\/83266","targetHints":{"allow":["GET"]}}],"collection":[{"href":"https:\/\/www.deberes.net\/tesis\/wp-json\/wp\/v2\/posts"}],"about":[{"href":"https:\/\/www.deberes.net\/tesis\/wp-json\/wp\/v2\/types\/post"}],"author":[{"embeddable":true,"href":"https:\/\/www.deberes.net\/tesis\/wp-json\/wp\/v2\/users\/1"}],"replies":[{"embeddable":true,"href":"https:\/\/www.deberes.net\/tesis\/wp-json\/wp\/v2\/comments?post=83266"}],"version-history":[{"count":0,"href":"https:\/\/www.deberes.net\/tesis\/wp-json\/wp\/v2\/posts\/83266\/revisions"}],"wp:attachment":[{"href":"https:\/\/www.deberes.net\/tesis\/wp-json\/wp\/v2\/media?parent=83266"}],"wp:term":[{"taxonomy":"category","embeddable":true,"href":"https:\/\/www.deberes.net\/tesis\/wp-json\/wp\/v2\/categories?post=83266"},{"taxonomy":"post_tag","embeddable":true,"href":"https:\/\/www.deberes.net\/tesis\/wp-json\/wp\/v2\/tags?post=83266"}],"curies":[{"name":"wp","href":"https:\/\/api.w.org\/{rel}","templated":true}]}}