{"id":83267,"date":"2000-06-02T00:00:00","date_gmt":"2000-06-02T00:00:00","guid":{"rendered":"https:\/\/www.deberes.net\/tesis\/sin-categoria\/parametros-abioticos-que-inciden-en-la-biologa%c2%ada-de-phyllocnistis-citrella-stainton-lepidoptera-gracillariidae\/"},"modified":"2000-06-02T00:00:00","modified_gmt":"2000-06-02T00:00:00","slug":"parametros-abioticos-que-inciden-en-la-biologa%c2%ada-de-phyllocnistis-citrella-stainton-lepidoptera-gracillariidae","status":"publish","type":"post","link":"https:\/\/www.deberes.net\/tesis\/ciencias-de-la-vida\/parametros-abioticos-que-inciden-en-la-biologa%c2%ada-de-phyllocnistis-citrella-stainton-lepidoptera-gracillariidae\/","title":{"rendered":"Par\u00e1metros abi\u00f3ticos que inciden en la biolog\u00eda de phyllocnistis citrella stainton (lepidoptera. gracillariidae)"},"content":{"rendered":"<h2>Tesis doctoral de <strong> Carmen Margaix Tamarit <\/strong><\/h2>\n<p>El minador de las hojas de los c\u00edtricos, phyllocnistis citrella stainton, se introdujo en espa\u00f1a en 1993, cuando la plaga se expandi\u00f3 por todas las zonas citr\u00edcolas mundiales. En consecuencia, en todas estas zonas se pusieron en marcha estudios con el fin de conocer su biolog\u00eda, morfolog\u00eda, ecolog\u00eda, din\u00e1mica poblacional y control.  la presente tesis englobal un estudio de los par\u00e1metros abi\u00f3ticos m\u00e1s relevantes en la biolog\u00eda del insecto: temperatura, alimento y estr\u00e9s h\u00eddrico.  en primer lugar, se llev\u00f3 a cabo el estudio de la influencia de  temperaturas constantes en el desarrollo y la reproducci\u00f3n de este insecto. por una parte, se determinaron la duraci\u00f3n, velocidad de desarrollo y supervivencia bajo temperaturas constantes. Se identificaron los umbrales de desarrollo m\u00e1ximos y m\u00ednimos y la constante t\u00e9rmica fue calculada para cada fase evolutiva del insecto.  posteriormente, se sometieron a diferentes tiempos de exposici\u00f3n (temperaturas umbrales), comprobando los valores de supervivencia. Por otra prte, los par\u00e1metros de reproducci\u00f3n (fecundidad media y diaria, fertilidad, longevidad, etc.) Se calcularon a temperaturas constantes. Asimismo se hallaron los par\u00e1metros demogr\u00e1ficos: tasa intr\u00ednseca de desarrollo, tiempo medio de generaci\u00f3n, tasa b\u00e1sica de reproducci\u00f3n etc.  en segundo lugar se estudi\u00f3 el efecto de las temperaturas variables en la biolog\u00eda del insecto, determinando el n\u00famero de generaciones al a\u00f1o y las condiciones hibernantes del insecto.  finalmente, se analiz\u00f3 el efecto del tipo de alimentaci\u00f3n sobre la reproducci\u00f3n y longevidad del minador en condiciones de laboratorio, as\u00ed como, el efecto del estr\u00e9s h\u00eddrico en una plantaci\u00f3n de naranjos sobre la din\u00e1mica poblacional del insecto.<\/p>\n<p>&nbsp;<\/p>\n<h3>Datos acad\u00e9micos de la tesis doctoral \u00ab<strong>Par\u00e1metros abi\u00f3ticos que inciden en la biolog\u00eda de phyllocnistis citrella stainton (lepidoptera. gracillariidae)<\/strong>\u00ab<\/h3>\n<ul>\n<li><strong>T\u00edtulo de la tesis:<\/strong>\u00a0 Par\u00e1metros abi\u00f3ticos que inciden en la biolog\u00eda de phyllocnistis citrella stainton (lepidoptera. gracillariidae) <\/li>\n<li><strong>Autor:<\/strong>\u00a0 Carmen Margaix Tamarit <\/li>\n<li><strong>Universidad:<\/strong>\u00a0 Polit\u00e9cnica de Valencia<\/li>\n<li><strong>Fecha de lectura de la tesis:<\/strong>\u00a0 06\/02\/2000<\/li>\n<\/ul>\n<p>&nbsp;<\/p>\n<h3>Direcci\u00f3n y tribunal<\/h3>\n<ul>\n<li><strong>Director de la tesis<\/strong>\n<ul>\n<li>Antonio Garrido Vivas<\/li>\n<\/ul>\n<\/li>\n<li><strong>Tribunal<\/strong>\n<ul>\n<li>Presidente del tribunal: fernando Garc\u00eda mar\u00ed <\/li>\n<li>ram\u00f3n Coscoll\u00e1 ram\u00f3n (vocal)<\/li>\n<li>alfonso Hermoso de mendoza arocas (vocal)<\/li>\n<li>Jos\u00e9 Malag\u00f3n ca\u00f1izares (vocal)<\/li>\n<\/ul>\n<\/li>\n<\/ul>\n<p>&nbsp;<\/p>\n","protected":false},"excerpt":{"rendered":"<p>Tesis doctoral de Carmen Margaix Tamarit El minador de las hojas de los c\u00edtricos, phyllocnistis citrella stainton, se introdujo en [&hellip;]<\/p>\n","protected":false},"author":1,"featured_media":0,"comment_status":"open","ping_status":"open","sticky":false,"template":"","format":"standard","meta":{"site-sidebar-layout":"default","site-content-layout":"","ast-site-content-layout":"","site-content-style":"default","site-sidebar-style":"default","ast-global-header-display":"","ast-banner-title-visibility":"","ast-main-header-display":"","ast-hfb-above-header-display":"","ast-hfb-below-header-display":"","ast-hfb-mobile-header-display":"","site-post-title":"","ast-breadcrumbs-content":"","ast-featured-img":"","footer-sml-layout":"","theme-transparent-header-meta":"","adv-header-id-meta":"","stick-header-meta":"","header-above-stick-meta":"","header-main-stick-meta":"","header-below-stick-meta":"","astra-migrate-meta-layouts":"default","ast-page-background-enabled":"default","ast-page-background-meta":{"desktop":{"background-color":"var(--ast-global-color-4)","background-image":"","background-repeat":"repeat","background-position":"center center","background-size":"auto","background-attachment":"scroll","background-type":"","background-media":"","overlay-type":"","overlay-color":"","overlay-gradient":""},"tablet":{"background-color":"","background-image":"","background-repeat":"repeat","background-position":"center center","background-size":"auto","background-attachment":"scroll","background-type":"","background-media":"","overlay-type":"","overlay-color":"","overlay-gradient":""},"mobile":{"background-color":"","background-image":"","background-repeat":"repeat","background-position":"center center","background-size":"auto","background-attachment":"scroll","background-type":"","background-media":"","overlay-type":"","overlay-color":"","overlay-gradient":""}},"ast-content-background-meta":{"desktop":{"background-color":"var(--ast-global-color-5)","background-image":"","background-repeat":"repeat","background-position":"center center","background-size":"auto","background-attachment":"scroll","background-type":"","background-media":"","overlay-type":"","overlay-color":"","overlay-gradient":""},"tablet":{"background-color":"var(--ast-global-color-5)","background-image":"","background-repeat":"repeat","background-position":"center center","background-size":"auto","background-attachment":"scroll","background-type":"","background-media":"","overlay-type":"","overlay-color":"","overlay-gradient":""},"mobile":{"background-color":"var(--ast-global-color-5)","background-image":"","background-repeat":"repeat","background-position":"center center","background-size":"auto","background-attachment":"scroll","background-type":"","background-media":"","overlay-type":"","overlay-color":"","overlay-gradient":""}},"footnotes":""},"categories":[509,494,35,24963,3067,16820,11747],"tags":[36829,16928,176564,11750,76695,16935],"class_list":["post-83267","post","type-post","status-publish","format-standard","hentry","category-agronomia","category-ciencias-agrarias","category-ciencias-de-la-vida","category-desarrollo-de-los-insectos","category-entomologia","category-politecnica-de-valencia","category-proteccion-de-cultivos","tag-alfonso-hermoso-de-mendoza-arocas","tag-antonio-garrido-vivas","tag-carmen-margaix-tamarit","tag-fernando-garcia-mari","tag-jose-malagon-canizares","tag-ramon-coscolla-ramon"],"_links":{"self":[{"href":"https:\/\/www.deberes.net\/tesis\/wp-json\/wp\/v2\/posts\/83267","targetHints":{"allow":["GET"]}}],"collection":[{"href":"https:\/\/www.deberes.net\/tesis\/wp-json\/wp\/v2\/posts"}],"about":[{"href":"https:\/\/www.deberes.net\/tesis\/wp-json\/wp\/v2\/types\/post"}],"author":[{"embeddable":true,"href":"https:\/\/www.deberes.net\/tesis\/wp-json\/wp\/v2\/users\/1"}],"replies":[{"embeddable":true,"href":"https:\/\/www.deberes.net\/tesis\/wp-json\/wp\/v2\/comments?post=83267"}],"version-history":[{"count":0,"href":"https:\/\/www.deberes.net\/tesis\/wp-json\/wp\/v2\/posts\/83267\/revisions"}],"wp:attachment":[{"href":"https:\/\/www.deberes.net\/tesis\/wp-json\/wp\/v2\/media?parent=83267"}],"wp:term":[{"taxonomy":"category","embeddable":true,"href":"https:\/\/www.deberes.net\/tesis\/wp-json\/wp\/v2\/categories?post=83267"},{"taxonomy":"post_tag","embeddable":true,"href":"https:\/\/www.deberes.net\/tesis\/wp-json\/wp\/v2\/tags?post=83267"}],"curies":[{"name":"wp","href":"https:\/\/api.w.org\/{rel}","templated":true}]}}