{"id":83315,"date":"2000-11-02T00:00:00","date_gmt":"2000-11-02T00:00:00","guid":{"rendered":"https:\/\/www.deberes.net\/tesis\/sin-categoria\/tribunal-constitucional-y-reparacion-de-la-discriminacion-normativa\/"},"modified":"2000-11-02T00:00:00","modified_gmt":"2000-11-02T00:00:00","slug":"tribunal-constitucional-y-reparacion-de-la-discriminacion-normativa","status":"publish","type":"post","link":"https:\/\/www.deberes.net\/tesis\/ciencias-juridicas-y-derecho\/tribunal-constitucional-y-reparacion-de-la-discriminacion-normativa\/","title":{"rendered":"Tribunal constitucional y reparaci\u00f3n de la discriminaci\u00f3n normativa"},"content":{"rendered":"<h2>Tesis doctoral de <strong> Markus Gonz\u00e1lez Beilfuss <\/strong><\/h2>\n<p>La tesis tiene por objeto el an\u00e1lisis del papel que corresponde al tribunal constitucional en la reparaci\u00f3n de la discriminaci\u00f3n normativa, y en especial, en relaci\u00f3n con el legislador ordinario. A la luz de los propios votos particulares de los magistrados constitucionales, se trata de uno de los \u00e1mbitos en que la relaci\u00f3n entre ambos \u00f3rganos ha sido m\u00e1s conflictiva desde la creaci\u00f3n del tribunal constitucional. A partir de esta constataci\u00f3n, el primer cap\u00edtulo aborda los diversos problemas que ha planteado el binomio incostitucionalidad-nulidad para hacer frente a las discriminaciones normativas. como resultado de dicho an\u00e1lisis , se defiende que son los problemas de car\u00e1cter funcional los m\u00e1s relevantes, lo cual conlleva que el resto de la tesis se dedique al an\u00e1lisis de los mismos. En el segundo cap\u00edtulo se analiza, concretamente, el modelo unilateral de reparaci\u00f3n de la discriminaci\u00f3n normativa, es decir, los supuestos en que el tribunal constitucional repara directamente la discriminaci\u00f3n, mientras que en el tercero se analiza el modelo bilateral o multilateral, en que dicha reparaci\u00f3n corresponde al legislador y, en su caso, a los tribunales ordinarios. El estudio de ambos modelos permite incorporar las experiencias de alemania, austria e italia, as\u00ed como analizar el r\u00e9gimen jur\u00eddico de los mismos.<\/p>\n<p>&nbsp;<\/p>\n<h3>Datos acad\u00e9micos de la tesis doctoral \u00ab<strong>Tribunal constitucional y reparaci\u00f3n de la discriminaci\u00f3n normativa<\/strong>\u00ab<\/h3>\n<ul>\n<li><strong>T\u00edtulo de la tesis:<\/strong>\u00a0 Tribunal constitucional y reparaci\u00f3n de la discriminaci\u00f3n normativa <\/li>\n<li><strong>Autor:<\/strong>\u00a0 Markus Gonz\u00e1lez Beilfuss <\/li>\n<li><strong>Universidad:<\/strong>\u00a0 Barcelona<\/li>\n<li><strong>Fecha de lectura de la tesis:<\/strong>\u00a0 11\/02\/2000<\/li>\n<\/ul>\n<p>&nbsp;<\/p>\n<h3>Direcci\u00f3n y tribunal<\/h3>\n<ul>\n<li><strong>Director de la tesis<\/strong>\n<ul>\n<li>Enoch Alberti Rovira<\/li>\n<\/ul>\n<\/li>\n<li><strong>Tribunal<\/strong>\n<ul>\n<li>Presidente del tribunal: eliseo Aja fern\u00e1ndez <\/li>\n<li>carles Viver pi-sunyer (vocal)<\/li>\n<li>Javier Jim\u00e9nez campo (vocal)<\/li>\n<li>Miguel angel Aparicio perez (vocal)<\/li>\n<\/ul>\n<\/li>\n<\/ul>\n<p>&nbsp;<\/p>\n","protected":false},"excerpt":{"rendered":"<p>Tesis doctoral de Markus Gonz\u00e1lez Beilfuss La tesis tiene por objeto el an\u00e1lisis del papel que corresponde al tribunal constitucional [&hellip;]<\/p>\n","protected":false},"author":1,"featured_media":0,"comment_status":"open","ping_status":"open","sticky":false,"template":"","format":"standard","meta":{"site-sidebar-layout":"default","site-content-layout":"","ast-site-content-layout":"","site-content-style":"default","site-sidebar-style":"default","ast-global-header-display":"","ast-banner-title-visibility":"","ast-main-header-display":"","ast-hfb-above-header-display":"","ast-hfb-below-header-display":"","ast-hfb-mobile-header-display":"","site-post-title":"","ast-breadcrumbs-content":"","ast-featured-img":"","footer-sml-layout":"","theme-transparent-header-meta":"","adv-header-id-meta":"","stick-header-meta":"","header-above-stick-meta":"","header-main-stick-meta":"","header-below-stick-meta":"","astra-migrate-meta-layouts":"default","ast-page-background-enabled":"default","ast-page-background-meta":{"desktop":{"background-color":"var(--ast-global-color-4)","background-image":"","background-repeat":"repeat","background-position":"center center","background-size":"auto","background-attachment":"scroll","background-type":"","background-media":"","overlay-type":"","overlay-color":"","overlay-gradient":""},"tablet":{"background-color":"","background-image":"","background-repeat":"repeat","background-position":"center center","background-size":"auto","background-attachment":"scroll","background-type":"","background-media":"","overlay-type":"","overlay-color":"","overlay-gradient":""},"mobile":{"background-color":"","background-image":"","background-repeat":"repeat","background-position":"center center","background-size":"auto","background-attachment":"scroll","background-type":"","background-media":"","overlay-type":"","overlay-color":"","overlay-gradient":""}},"ast-content-background-meta":{"desktop":{"background-color":"var(--ast-global-color-5)","background-image":"","background-repeat":"repeat","background-position":"center center","background-size":"auto","background-attachment":"scroll","background-type":"","background-media":"","overlay-type":"","overlay-color":"","overlay-gradient":""},"tablet":{"background-color":"var(--ast-global-color-5)","background-image":"","background-repeat":"repeat","background-position":"center center","background-size":"auto","background-attachment":"scroll","background-type":"","background-media":"","overlay-type":"","overlay-color":"","overlay-gradient":""},"mobile":{"background-color":"var(--ast-global-color-5)","background-image":"","background-repeat":"repeat","background-position":"center center","background-size":"auto","background-attachment":"scroll","background-type":"","background-media":"","overlay-type":"","overlay-color":"","overlay-gradient":""}},"footnotes":""},"categories":[951,612,1450,979,3621],"tags":[1455,156821,44567,3963,140255,12978],"class_list":["post-83315","post","type-post","status-publish","format-standard","hentry","category-barcelona","category-ciencias-juridicas-y-derecho","category-derecho-constitucional","category-derecho-y-legislacion-nacionales","category-organizacion-juridica","tag-carles-viver-pi-sunyer","tag-eliseo-aja-fernandez","tag-enoch-alberti-rovira","tag-javier-jimenez-campo","tag-markus-gonzalez-beilfuss","tag-miguel-angel-aparicio-perez"],"_links":{"self":[{"href":"https:\/\/www.deberes.net\/tesis\/wp-json\/wp\/v2\/posts\/83315","targetHints":{"allow":["GET"]}}],"collection":[{"href":"https:\/\/www.deberes.net\/tesis\/wp-json\/wp\/v2\/posts"}],"about":[{"href":"https:\/\/www.deberes.net\/tesis\/wp-json\/wp\/v2\/types\/post"}],"author":[{"embeddable":true,"href":"https:\/\/www.deberes.net\/tesis\/wp-json\/wp\/v2\/users\/1"}],"replies":[{"embeddable":true,"href":"https:\/\/www.deberes.net\/tesis\/wp-json\/wp\/v2\/comments?post=83315"}],"version-history":[{"count":0,"href":"https:\/\/www.deberes.net\/tesis\/wp-json\/wp\/v2\/posts\/83315\/revisions"}],"wp:attachment":[{"href":"https:\/\/www.deberes.net\/tesis\/wp-json\/wp\/v2\/media?parent=83315"}],"wp:term":[{"taxonomy":"category","embeddable":true,"href":"https:\/\/www.deberes.net\/tesis\/wp-json\/wp\/v2\/categories?post=83315"},{"taxonomy":"post_tag","embeddable":true,"href":"https:\/\/www.deberes.net\/tesis\/wp-json\/wp\/v2\/tags?post=83315"}],"curies":[{"name":"wp","href":"https:\/\/api.w.org\/{rel}","templated":true}]}}