{"id":83325,"date":"2000-11-02T00:00:00","date_gmt":"2000-11-02T00:00:00","guid":{"rendered":"https:\/\/www.deberes.net\/tesis\/sin-categoria\/ahorro-y-accion-socioeducativa-en-espana-1834-1919\/"},"modified":"2000-11-02T00:00:00","modified_gmt":"2000-11-02T00:00:00","slug":"ahorro-y-accion-socioeducativa-en-espana-1834-1919","status":"publish","type":"post","link":"https:\/\/www.deberes.net\/tesis\/historia\/ahorro-y-accion-socioeducativa-en-espana-1834-1919\/","title":{"rendered":"Ahorro y accion socioeducativa en espa\u00f1a 1834-1919"},"content":{"rendered":"<h2>Tesis doctoral de <strong> Manuel Menor Curras <\/strong><\/h2>\n<p>La documentaci\u00f3n generada en la real academia de ciencias morales y pol\u00edticas, junto a la actuaci\u00f3n de sus miembros m\u00e1s destacados, nos adentra enla doctrina oficial acerca del ahorro y su funci\u00f3n social, su contexto y evoluci\u00f3n.  esta historicidad del discurso del ahorro se hace m\u00e1s patente todav\u00eda desde la adaptabilidad de las cajas, caracterizadas como \u00abbeneficas\u00bb, a partir de los \u00abcaritativos\u00bb montes de piedad; desde 1834 a 1919 se pueden percibir, incluso, las modificaciones conceptuales que le impreme en espa\u00f1a la incipiente legislaci\u00f3n social-previsora.  no obstante, la implicaci\u00f3n social del ahorro y su particular vinculaci\u00f3n con la pobreza y el trabajo son puestas de manifiesto sobre todo desde la voluntad educativa, especialmente desde la ley de 1880, con el ahorro escolar, y desde 1919 conla obligatoriedad de la mutualidades escolares de previsi\u00f3n. Lecturas escolares, libros de texto y, particularmente, los de \u00abeconom\u00eda dom\u00e9stica\u00bb para la chicas, formalizan el inter\u00e9s socioeducativo del ahorro y contribuyen a difundir sus valores, considerados b\u00e1sicos para el \u00abbien vivir\u00bb\u00c2\u00b7 ciudadano, en un mundo cambiante y conflictivo.<\/p>\n<p>&nbsp;<\/p>\n<h3>Datos acad\u00e9micos de la tesis doctoral \u00ab<strong>Ahorro y accion socioeducativa en espa\u00f1a 1834-1919<\/strong>\u00ab<\/h3>\n<ul>\n<li><strong>T\u00edtulo de la tesis:<\/strong>\u00a0 Ahorro y accion socioeducativa en espa\u00f1a 1834-1919 <\/li>\n<li><strong>Autor:<\/strong>\u00a0 Manuel Menor Curras <\/li>\n<li><strong>Universidad:<\/strong>\u00a0 Complutense de Madrid<\/li>\n<li><strong>Fecha de lectura de la tesis:<\/strong>\u00a0 11\/02\/2000<\/li>\n<\/ul>\n<p>&nbsp;<\/p>\n<h3>Direcci\u00f3n y tribunal<\/h3>\n<ul>\n<li><strong>Director de la tesis<\/strong>\n<ul>\n<li>Mar\u00eda  Carmen Labrador Herr\u00e1iz<\/li>\n<\/ul>\n<\/li>\n<li><strong>Tribunal<\/strong>\n<ul>\n<li>Presidente del tribunal: julio Ruiz berrio <\/li>\n<li> Almui\u00f1a fernandez celso Jes\u00fas (vocal)<\/li>\n<li>Luis Mendez Francisco (vocal)<\/li>\n<li>Manuel Puelles benitez (vocal)<\/li>\n<\/ul>\n<\/li>\n<\/ul>\n<p>&nbsp;<\/p>\n","protected":false},"excerpt":{"rendered":"<p>Tesis doctoral de Manuel Menor Curras La documentaci\u00f3n generada en la real academia de ciencias morales y pol\u00edticas, junto a [&hellip;]<\/p>\n","protected":false},"author":1,"featured_media":0,"comment_status":"open","ping_status":"open","sticky":false,"template":"","format":"standard","meta":{"site-sidebar-layout":"default","site-content-layout":"","ast-site-content-layout":"","site-content-style":"default","site-sidebar-style":"default","ast-global-header-display":"","ast-banner-title-visibility":"","ast-main-header-display":"","ast-hfb-above-header-display":"","ast-hfb-below-header-display":"","ast-hfb-mobile-header-display":"","site-post-title":"","ast-breadcrumbs-content":"","ast-featured-img":"","footer-sml-layout":"","theme-transparent-header-meta":"","adv-header-id-meta":"","stick-header-meta":"","header-above-stick-meta":"","header-main-stick-meta":"","header-below-stick-meta":"","astra-migrate-meta-layouts":"default","ast-page-background-enabled":"default","ast-page-background-meta":{"desktop":{"background-color":"var(--ast-global-color-4)","background-image":"","background-repeat":"repeat","background-position":"center center","background-size":"auto","background-attachment":"scroll","background-type":"","background-media":"","overlay-type":"","overlay-color":"","overlay-gradient":""},"tablet":{"background-color":"","background-image":"","background-repeat":"repeat","background-position":"center center","background-size":"auto","background-attachment":"scroll","background-type":"","background-media":"","overlay-type":"","overlay-color":"","overlay-gradient":""},"mobile":{"background-color":"","background-image":"","background-repeat":"repeat","background-position":"center center","background-size":"auto","background-attachment":"scroll","background-type":"","background-media":"","overlay-type":"","overlay-color":"","overlay-gradient":""}},"ast-content-background-meta":{"desktop":{"background-color":"var(--ast-global-color-5)","background-image":"","background-repeat":"repeat","background-position":"center center","background-size":"auto","background-attachment":"scroll","background-type":"","background-media":"","overlay-type":"","overlay-color":"","overlay-gradient":""},"tablet":{"background-color":"var(--ast-global-color-5)","background-image":"","background-repeat":"repeat","background-position":"center center","background-size":"auto","background-attachment":"scroll","background-type":"","background-media":"","overlay-type":"","overlay-color":"","overlay-gradient":""},"mobile":{"background-color":"var(--ast-global-color-5)","background-image":"","background-repeat":"repeat","background-position":"center center","background-size":"auto","background-attachment":"scroll","background-type":"","background-media":"","overlay-type":"","overlay-color":"","overlay-gradient":""}},"footnotes":""},"categories":[104,311,222],"tags":[7058,9642,53660,176642,81870,7695],"class_list":["post-83325","post","type-post","status-publish","format-standard","hentry","category-historia","category-historia-de-la-educacion","category-historias-especializadas","tag-almuina-fernandez-celso-jesus","tag-julio-ruiz-berrio","tag-luis-mendez-francisco","tag-manuel-menor-curras","tag-manuel-puelles-benitez","tag-maria-carmen-labrador-herraiz"],"_links":{"self":[{"href":"https:\/\/www.deberes.net\/tesis\/wp-json\/wp\/v2\/posts\/83325","targetHints":{"allow":["GET"]}}],"collection":[{"href":"https:\/\/www.deberes.net\/tesis\/wp-json\/wp\/v2\/posts"}],"about":[{"href":"https:\/\/www.deberes.net\/tesis\/wp-json\/wp\/v2\/types\/post"}],"author":[{"embeddable":true,"href":"https:\/\/www.deberes.net\/tesis\/wp-json\/wp\/v2\/users\/1"}],"replies":[{"embeddable":true,"href":"https:\/\/www.deberes.net\/tesis\/wp-json\/wp\/v2\/comments?post=83325"}],"version-history":[{"count":0,"href":"https:\/\/www.deberes.net\/tesis\/wp-json\/wp\/v2\/posts\/83325\/revisions"}],"wp:attachment":[{"href":"https:\/\/www.deberes.net\/tesis\/wp-json\/wp\/v2\/media?parent=83325"}],"wp:term":[{"taxonomy":"category","embeddable":true,"href":"https:\/\/www.deberes.net\/tesis\/wp-json\/wp\/v2\/categories?post=83325"},{"taxonomy":"post_tag","embeddable":true,"href":"https:\/\/www.deberes.net\/tesis\/wp-json\/wp\/v2\/tags?post=83325"}],"curies":[{"name":"wp","href":"https:\/\/api.w.org\/{rel}","templated":true}]}}