{"id":83328,"date":"2000-11-02T00:00:00","date_gmt":"2000-11-02T00:00:00","guid":{"rendered":"https:\/\/www.deberes.net\/tesis\/sin-categoria\/politica-militar-y-movimientos-sociales-el-fin-de-la-conscripcion-en-europa\/"},"modified":"2000-11-02T00:00:00","modified_gmt":"2000-11-02T00:00:00","slug":"politica-militar-y-movimientos-sociales-el-fin-de-la-conscripcion-en-europa","status":"publish","type":"post","link":"https:\/\/www.deberes.net\/tesis\/ciencia-politica\/politica-militar-y-movimientos-sociales-el-fin-de-la-conscripcion-en-europa\/","title":{"rendered":"Politica militar y movimientos sociales: el fin de la conscripci\u00f3n en europa."},"content":{"rendered":"<h2>Tesis doctoral de <strong> Rafael Ajangiz Sanchez <\/strong><\/h2>\n<p>Europa est\u00e1 abandonando el tradicional modelo de ej\u00e9rcito de masas y adoptando un dise\u00f1o m\u00e1s reducido y flexible. La abolicion de la conscripci\u00f3n es una clave central en este cambio; en realidad, el pundo final de un proceso de muchos a\u00f1os en el que han intervenido bastantes variables.  esta tesis analiza con detenimiento ese proceso e intenta responder a la pregunta de por qu\u00e9 hoy y aqu\u00ed se acaba el servicio militar obligatorio. el eje de ese an\u00e1lisis es la interacci\u00f3n entre tres actores b\u00e1sico: a) el institucional, o autoridades politicas y militares,b)la sociedad y opini\u00f3n p\u00fablica m\u00e1s redes organizativas, y c)el movimiento y su accion de resistencia al reclutamiento. Esta interacci\u00f3n b\u00e1sica nos servir\u00e1 para entender los distintos ritmos y resultados de ese proceso.  el objetivo \u00faltimo e mostrar el papel que juegan o pueden jugar los movimientos sociales en el proceso de las pol\u00edticas p\u00fablicas, y nada m\u00e1s aleccionador que una pol\u00edtica tan esquiva a la raz\u00f3n democr\u00e1tica como la militar.<\/p>\n<p>&nbsp;<\/p>\n<h3>Datos acad\u00e9micos de la tesis doctoral \u00ab<strong>Politica militar y movimientos sociales: el fin de la conscripci\u00f3n en europa.<\/strong>\u00ab<\/h3>\n<ul>\n<li><strong>T\u00edtulo de la tesis:<\/strong>\u00a0 Politica militar y movimientos sociales: el fin de la conscripci\u00f3n en europa. <\/li>\n<li><strong>Autor:<\/strong>\u00a0 Rafael Ajangiz Sanchez <\/li>\n<li><strong>Universidad:<\/strong>\u00a0 Pa\u00eds vasco\/euskal herriko unibertsitatea<\/li>\n<li><strong>Fecha de lectura de la tesis:<\/strong>\u00a0 11\/02\/2000<\/li>\n<\/ul>\n<p>&nbsp;<\/p>\n<h3>Direcci\u00f3n y tribunal<\/h3>\n<ul>\n<li><strong>Director de la tesis<\/strong>\n<ul>\n<li>Pedro Ibarra G\u00c1\u00bcell<\/li>\n<\/ul>\n<\/li>\n<li><strong>Tribunal<\/strong>\n<ul>\n<li>Presidente del tribunal: Francisco jose Llera ramo <\/li>\n<li>ram\u00f3n M\u00e1iz su\u00e1rez (vocal)<\/li>\n<li>joan Subirats humet (vocal)<\/li>\n<li>Rafael Ba\u00f1on Martinez (vocal)<\/li>\n<\/ul>\n<\/li>\n<\/ul>\n<p>&nbsp;<\/p>\n","protected":false},"excerpt":{"rendered":"<p>Tesis doctoral de Rafael Ajangiz Sanchez Europa est\u00e1 abandonando el tradicional modelo de ej\u00e9rcito de masas y adoptando un dise\u00f1o [&hellip;]<\/p>\n","protected":false},"author":1,"featured_media":0,"comment_status":"open","ping_status":"open","sticky":false,"template":"","format":"standard","meta":{"site-sidebar-layout":"default","site-content-layout":"","ast-site-content-layout":"","site-content-style":"default","site-sidebar-style":"default","ast-global-header-display":"","ast-banner-title-visibility":"","ast-main-header-display":"","ast-hfb-above-header-display":"","ast-hfb-below-header-display":"","ast-hfb-mobile-header-display":"","site-post-title":"","ast-breadcrumbs-content":"","ast-featured-img":"","footer-sml-layout":"","theme-transparent-header-meta":"","adv-header-id-meta":"","stick-header-meta":"","header-above-stick-meta":"","header-main-stick-meta":"","header-below-stick-meta":"","astra-migrate-meta-layouts":"default","ast-page-background-enabled":"default","ast-page-background-meta":{"desktop":{"background-color":"var(--ast-global-color-4)","background-image":"","background-repeat":"repeat","background-position":"center center","background-size":"auto","background-attachment":"scroll","background-type":"","background-media":"","overlay-type":"","overlay-color":"","overlay-gradient":""},"tablet":{"background-color":"","background-image":"","background-repeat":"repeat","background-position":"center center","background-size":"auto","background-attachment":"scroll","background-type":"","background-media":"","overlay-type":"","overlay-color":"","overlay-gradient":""},"mobile":{"background-color":"","background-image":"","background-repeat":"repeat","background-position":"center center","background-size":"auto","background-attachment":"scroll","background-type":"","background-media":"","overlay-type":"","overlay-color":"","overlay-gradient":""}},"ast-content-background-meta":{"desktop":{"background-color":"var(--ast-global-color-5)","background-image":"","background-repeat":"repeat","background-position":"center center","background-size":"auto","background-attachment":"scroll","background-type":"","background-media":"","overlay-type":"","overlay-color":"","overlay-gradient":""},"tablet":{"background-color":"var(--ast-global-color-5)","background-image":"","background-repeat":"repeat","background-position":"center center","background-size":"auto","background-attachment":"scroll","background-type":"","background-media":"","overlay-type":"","overlay-color":"","overlay-gradient":""},"mobile":{"background-color":"var(--ast-global-color-5)","background-image":"","background-repeat":"repeat","background-position":"center center","background-size":"auto","background-attachment":"scroll","background-type":"","background-media":"","overlay-type":"","overlay-color":"","overlay-gradient":""}},"footnotes":""},"categories":[838,12909,41920,839],"tags":[6328,4177,141364,176645,858,4976],"class_list":["post-83328","post","type-post","status-publish","format-standard","hentry","category-ciencia-politica","category-pais-vasco-euskal-herriko-unibertsitatea","category-planificacion-politica","category-politicas-sectoriales","tag-francisco-jose-llera-ramo","tag-joan-subirats-humet","tag-pedro-ibarra-gaell","tag-rafael-ajangiz-sanchez","tag-rafael-banon-Martinez","tag-ramon-maiz-suarez"],"_links":{"self":[{"href":"https:\/\/www.deberes.net\/tesis\/wp-json\/wp\/v2\/posts\/83328","targetHints":{"allow":["GET"]}}],"collection":[{"href":"https:\/\/www.deberes.net\/tesis\/wp-json\/wp\/v2\/posts"}],"about":[{"href":"https:\/\/www.deberes.net\/tesis\/wp-json\/wp\/v2\/types\/post"}],"author":[{"embeddable":true,"href":"https:\/\/www.deberes.net\/tesis\/wp-json\/wp\/v2\/users\/1"}],"replies":[{"embeddable":true,"href":"https:\/\/www.deberes.net\/tesis\/wp-json\/wp\/v2\/comments?post=83328"}],"version-history":[{"count":0,"href":"https:\/\/www.deberes.net\/tesis\/wp-json\/wp\/v2\/posts\/83328\/revisions"}],"wp:attachment":[{"href":"https:\/\/www.deberes.net\/tesis\/wp-json\/wp\/v2\/media?parent=83328"}],"wp:term":[{"taxonomy":"category","embeddable":true,"href":"https:\/\/www.deberes.net\/tesis\/wp-json\/wp\/v2\/categories?post=83328"},{"taxonomy":"post_tag","embeddable":true,"href":"https:\/\/www.deberes.net\/tesis\/wp-json\/wp\/v2\/tags?post=83328"}],"curies":[{"name":"wp","href":"https:\/\/api.w.org\/{rel}","templated":true}]}}