{"id":83336,"date":"2000-11-02T00:00:00","date_gmt":"2000-11-02T00:00:00","guid":{"rendered":"https:\/\/www.deberes.net\/tesis\/sin-categoria\/racioinalidade-e-contingencia-na-arquitetura-de-rino-levi\/"},"modified":"2000-11-02T00:00:00","modified_gmt":"2000-11-02T00:00:00","slug":"racioinalidade-e-contingencia-na-arquitetura-de-rino-levi","status":"publish","type":"post","link":"https:\/\/www.deberes.net\/tesis\/historia\/racioinalidade-e-contingencia-na-arquitetura-de-rino-levi\/","title":{"rendered":"Racioinalidade e contingencia na arquitetura de rino levi"},"content":{"rendered":"<h2>Tesis doctoral de <strong> Celia Castro Gonsales <\/strong><\/h2>\n<p>En este trabajo se estudia la obra de rino levi, arquitecto que perteneci\u00f3 al movimiento moderno en brasil. El analisis esta centrado en el estudio del proceso de dise\u00f1o, y busca identificar procedimientos generales, considerando siempre la interacci\u00f3n entre la producci\u00f3n del arquitecto moderno y el medio en que actua. En la primer parte se hace una lectura de su obra de los primeros a\u00f1os teniendo en cuenta las influencias y el contexto general en que trabaja el arquitecto. Tanto el trabajo practico de esos a\u00f1os como las consecuentes reflexiones teoricas constituyen la bases de la arquitectur que se contretizara mas tarde. En la segunda parte, se analiza la obra de la maturidad profesional desde los aspectos calitativos del espacio urbano-del centro de la gran metropolis hasta el caso extremo del dise\u00f1o de una ciudad enteramente nueva. La interpretaci\u00f3n de la obra de levi desde un hecho contingente tan importante como el lugar urbano, desvelar los diversos matrices y adaptaciones que tal arquitectura podia asumir sin dejar de mantener identificable, en su basis y estructrua, el \u00abesquema\u00bb moderno.<\/p>\n<p>&nbsp;<\/p>\n<h3>Datos acad\u00e9micos de la tesis doctoral \u00ab<strong>Racioinalidade e contingencia na arquitetura de rino levi<\/strong>\u00ab<\/h3>\n<ul>\n<li><strong>T\u00edtulo de la tesis:<\/strong>\u00a0 Racioinalidade e contingencia na arquitetura de rino levi <\/li>\n<li><strong>Autor:<\/strong>\u00a0 Celia Castro Gonsales <\/li>\n<li><strong>Universidad:<\/strong>\u00a0 Polit\u00e9cnica de catalunya<\/li>\n<li><strong>Fecha de lectura de la tesis:<\/strong>\u00a0 11\/02\/2000<\/li>\n<\/ul>\n<p>&nbsp;<\/p>\n<h3>Direcci\u00f3n y tribunal<\/h3>\n<ul>\n<li><strong>Director de la tesis<\/strong>\n<ul>\n<li>morales Rubi\u00f3 De Sol\u00e1<\/li>\n<\/ul>\n<\/li>\n<li><strong>Tribunal<\/strong>\n<ul>\n<li>Presidente del tribunal: eduard Bru bistuer <\/li>\n<li>Jos\u00e9 Mar\u00eda Montaner martorell (vocal)<\/li>\n<li> Edson sa cunha mahfuz (vocal)<\/li>\n<li> Francesc xavier costa guix (vocal)<\/li>\n<\/ul>\n<\/li>\n<\/ul>\n<p>&nbsp;<\/p>\n","protected":false},"excerpt":{"rendered":"<p>Tesis doctoral de Celia Castro Gonsales En este trabajo se estudia la obra de rino levi, arquitecto que perteneci\u00f3 al [&hellip;]<\/p>\n","protected":false},"author":1,"featured_media":0,"comment_status":"open","ping_status":"open","sticky":false,"template":"","format":"standard","meta":{"site-sidebar-layout":"default","site-content-layout":"","ast-site-content-layout":"","site-content-style":"default","site-sidebar-style":"default","ast-global-header-display":"","ast-banner-title-visibility":"","ast-main-header-display":"","ast-hfb-above-header-display":"","ast-hfb-below-header-display":"","ast-hfb-mobile-header-display":"","site-post-title":"","ast-breadcrumbs-content":"","ast-featured-img":"","footer-sml-layout":"","theme-transparent-header-meta":"","adv-header-id-meta":"","stick-header-meta":"","header-above-stick-meta":"","header-main-stick-meta":"","header-below-stick-meta":"","astra-migrate-meta-layouts":"default","ast-page-background-enabled":"default","ast-page-background-meta":{"desktop":{"background-color":"var(--ast-global-color-4)","background-image":"","background-repeat":"repeat","background-position":"center center","background-size":"auto","background-attachment":"scroll","background-type":"","background-media":"","overlay-type":"","overlay-color":"","overlay-gradient":""},"tablet":{"background-color":"","background-image":"","background-repeat":"repeat","background-position":"center center","background-size":"auto","background-attachment":"scroll","background-type":"","background-media":"","overlay-type":"","overlay-color":"","overlay-gradient":""},"mobile":{"background-color":"","background-image":"","background-repeat":"repeat","background-position":"center center","background-size":"auto","background-attachment":"scroll","background-type":"","background-media":"","overlay-type":"","overlay-color":"","overlay-gradient":""}},"ast-content-background-meta":{"desktop":{"background-color":"var(--ast-global-color-5)","background-image":"","background-repeat":"repeat","background-position":"center center","background-size":"auto","background-attachment":"scroll","background-type":"","background-media":"","overlay-type":"","overlay-color":"","overlay-gradient":""},"tablet":{"background-color":"var(--ast-global-color-5)","background-image":"","background-repeat":"repeat","background-position":"center center","background-size":"auto","background-attachment":"scroll","background-type":"","background-media":"","overlay-type":"","overlay-color":"","overlay-gradient":""},"mobile":{"background-color":"var(--ast-global-color-5)","background-image":"","background-repeat":"repeat","background-position":"center center","background-size":"auto","background-attachment":"scroll","background-type":"","background-media":"","overlay-type":"","overlay-color":"","overlay-gradient":""}},"footnotes":""},"categories":[4509,147,12564,104,1745,222,15596],"tags":[176662,176663,15919,176664,15725,86264],"class_list":["post-83336","post","type-post","status-publish","format-standard","hentry","category-arquitectura","category-ciencias-de-las-artes-y-las-letras","category-diseno-arquitectonico","category-historia","category-historia-de-la-arquitectura","category-historias-especializadas","category-politecnica-de-catalunya","tag-celia-castro-gonsales","tag-edson-sa-cunha-mahfuz","tag-eduard-bru-bistuer","tag-francesc-xavier-costa-guix","tag-jose-maria-montaner-martorell","tag-morales-rubio-de-sola"],"_links":{"self":[{"href":"https:\/\/www.deberes.net\/tesis\/wp-json\/wp\/v2\/posts\/83336","targetHints":{"allow":["GET"]}}],"collection":[{"href":"https:\/\/www.deberes.net\/tesis\/wp-json\/wp\/v2\/posts"}],"about":[{"href":"https:\/\/www.deberes.net\/tesis\/wp-json\/wp\/v2\/types\/post"}],"author":[{"embeddable":true,"href":"https:\/\/www.deberes.net\/tesis\/wp-json\/wp\/v2\/users\/1"}],"replies":[{"embeddable":true,"href":"https:\/\/www.deberes.net\/tesis\/wp-json\/wp\/v2\/comments?post=83336"}],"version-history":[{"count":0,"href":"https:\/\/www.deberes.net\/tesis\/wp-json\/wp\/v2\/posts\/83336\/revisions"}],"wp:attachment":[{"href":"https:\/\/www.deberes.net\/tesis\/wp-json\/wp\/v2\/media?parent=83336"}],"wp:term":[{"taxonomy":"category","embeddable":true,"href":"https:\/\/www.deberes.net\/tesis\/wp-json\/wp\/v2\/categories?post=83336"},{"taxonomy":"post_tag","embeddable":true,"href":"https:\/\/www.deberes.net\/tesis\/wp-json\/wp\/v2\/tags?post=83336"}],"curies":[{"name":"wp","href":"https:\/\/api.w.org\/{rel}","templated":true}]}}