{"id":83346,"date":"2000-12-02T00:00:00","date_gmt":"2000-12-02T00:00:00","guid":{"rendered":"https:\/\/www.deberes.net\/tesis\/sin-categoria\/analisis-de-las-lentes-precristalinianas-para-correccion-de-la-alta-miopa%c2%ada\/"},"modified":"2000-12-02T00:00:00","modified_gmt":"2000-12-02T00:00:00","slug":"analisis-de-las-lentes-precristalinianas-para-correccion-de-la-alta-miopa%c2%ada","status":"publish","type":"post","link":"https:\/\/www.deberes.net\/tesis\/ciencias-medicas\/analisis-de-las-lentes-precristalinianas-para-correccion-de-la-alta-miopa%c2%ada\/","title":{"rendered":"An\u00e1lisis de las lentes precristalinianas para correcci\u00f3n de la alta miop\u00eda"},"content":{"rendered":"<h2>Tesis doctoral de <strong> Jos\u00e9 Gonz\u00e1lez Vidal <\/strong><\/h2>\n<p>La miop\u00eda es una patolog\u00eda ocular que afecta a un porcentaje elevado de la poblaci\u00f3n. Existe la posibilidad de corregir esta miop\u00eda con gafas, lentes de contacto \u00f3 con cirug\u00eda en aquellos casos en que el paciente no quiere utilizar fagas \u00f3 existe intolerancia a las lentes de contacto.  uno de los m\u00e9todos quir\u00fargicos empleados hoy en d\u00eda es la colocaci\u00f3n de una lente intraocular por delante del cristalino y por detr\u00e1s del iris. hemos analizado los resultados obtenidos tras cuatro a\u00f1os de observaci\u00f3n (julio 1995 a abril 1999), en un total de 174 ojos, en los que se coloc\u00f3 una lente precristaliniana dise\u00f1ada por el profesor joaqu\u00edn barraquer.  se han encontrado unos resultados visuales predecibles y satisfactorios, con una p\u00e9rdida endotelial m\u00ednima y no progresiva en el postoperatorio, m\u00ednima inflamaci\u00f3n en el psotoperatorio y variaci\u00f3n discreta en la profundidad de la c\u00e1mara anterior pero sin la aparici\u00f3n de graves complicaciones irreversibles, como pueden ser la descompensaci\u00f3n corneal \u00f3 el glaucoma. Sin embargo si encontramos algunas complicaciones con las lentes de 1\u00aa generaci\u00f3n: adherencia de la lente a la c\u00e1psula anterior del cristalino (\u00abefecto ventosa\u00bb), con miopizaci\u00f3n y aparici\u00f3n de catarata sucapsular anterior, siendo necesaria la extracci\u00f3n de la lente en un 44,4% de los casos. En las lentes de 2\u00aa generaci\u00f3n desaparece este problema por las modificaciones realizadas sobre la misma, pero aparecen atrapamientos de la lente en el \u00e1rea pupilar, con soluci\u00f3n m\u00e9dica en algunos casos o quir\u00fargica en otros, siendo necesario extraer la lente en un 17,8% de los casos. Estas complicaciones han ido disminuyendo con las modificaciones realizadas en las lentes de 2\u00aa generaci\u00f3n, quedando un peque\u00f1o porcentjae 4,6% de opacificaciones en la c\u00e1psula anterior del cristalino como complicaci\u00f3n en las lentes de 3\u00aa generaci\u00f3n, siendo necesaria su extracci\u00f3n en un 2,7% de los casos. Todas las complicaciones<\/p>\n<p>&nbsp;<\/p>\n<h3>Datos acad\u00e9micos de la tesis doctoral \u00ab<strong>An\u00e1lisis de las lentes precristalinianas para correcci\u00f3n de la alta miop\u00eda<\/strong>\u00ab<\/h3>\n<ul>\n<li><strong>T\u00edtulo de la tesis:<\/strong>\u00a0 An\u00e1lisis de las lentes precristalinianas para correcci\u00f3n de la alta miop\u00eda<\/li>\n<li><strong>Autor:<\/strong>\u00a0 Jos\u00e9 Gonz\u00e1lez Vidal <\/li>\n<li><strong>Universidad:<\/strong>\u00a0 Aut\u00f3noma de barcelona<\/li>\n<li><strong>Fecha de lectura de la tesis:<\/strong>\u00a0 12\/02\/2000<\/li>\n<\/ul>\n<p>&nbsp;<\/p>\n<h3>Direcci\u00f3n y tribunal<\/h3>\n<ul>\n<li><strong>Director de la tesis<\/strong>\n<ul>\n<li>Joaquin Barraquer Moner<\/li>\n<\/ul>\n<\/li>\n<li><strong>Tribunal<\/strong>\n<ul>\n<li>Presidente del tribunal: Antonio Navarro quilis <\/li>\n<li>Jos\u00e9 Belmonte mart\u00ednez (vocal)<\/li>\n<li>pau Salv\u00e1 lacombre (vocal)<\/li>\n<li>daniel Vilaplana blanch (vocal)<\/li>\n<\/ul>\n<\/li>\n<\/ul>\n<p>&nbsp;<\/p>\n","protected":false},"excerpt":{"rendered":"<p>Tesis doctoral de Jos\u00e9 Gonz\u00e1lez Vidal La miop\u00eda es una patolog\u00eda ocular que afecta a un porcentaje elevado de la [&hellip;]<\/p>\n","protected":false},"author":1,"featured_media":0,"comment_status":"open","ping_status":"open","sticky":false,"template":"","format":"standard","meta":{"site-sidebar-layout":"default","site-content-layout":"","ast-site-content-layout":"","site-content-style":"default","site-sidebar-style":"default","ast-global-header-display":"","ast-banner-title-visibility":"","ast-main-header-display":"","ast-hfb-above-header-display":"","ast-hfb-below-header-display":"","ast-hfb-mobile-header-display":"","site-post-title":"","ast-breadcrumbs-content":"","ast-featured-img":"","footer-sml-layout":"","theme-transparent-header-meta":"","adv-header-id-meta":"","stick-header-meta":"","header-above-stick-meta":"","header-main-stick-meta":"","header-below-stick-meta":"","astra-migrate-meta-layouts":"default","ast-page-background-enabled":"default","ast-page-background-meta":{"desktop":{"background-color":"var(--ast-global-color-4)","background-image":"","background-repeat":"repeat","background-position":"center center","background-size":"auto","background-attachment":"scroll","background-type":"","background-media":"","overlay-type":"","overlay-color":"","overlay-gradient":""},"tablet":{"background-color":"","background-image":"","background-repeat":"repeat","background-position":"center center","background-size":"auto","background-attachment":"scroll","background-type":"","background-media":"","overlay-type":"","overlay-color":"","overlay-gradient":""},"mobile":{"background-color":"","background-image":"","background-repeat":"repeat","background-position":"center center","background-size":"auto","background-attachment":"scroll","background-type":"","background-media":"","overlay-type":"","overlay-color":"","overlay-gradient":""}},"ast-content-background-meta":{"desktop":{"background-color":"var(--ast-global-color-5)","background-image":"","background-repeat":"repeat","background-position":"center center","background-size":"auto","background-attachment":"scroll","background-type":"","background-media":"","overlay-type":"","overlay-color":"","overlay-gradient":""},"tablet":{"background-color":"var(--ast-global-color-5)","background-image":"","background-repeat":"repeat","background-position":"center center","background-size":"auto","background-attachment":"scroll","background-type":"","background-media":"","overlay-type":"","overlay-color":"","overlay-gradient":""},"mobile":{"background-color":"var(--ast-global-color-5)","background-image":"","background-repeat":"repeat","background-position":"center center","background-size":"auto","background-attachment":"scroll","background-type":"","background-media":"","overlay-type":"","overlay-color":"","overlay-gradient":""}},"footnotes":""},"categories":[155,9,141,2606,988],"tags":[13935,51672,43651,27268,176679,176680],"class_list":["post-83346","post","type-post","status-publish","format-standard","hentry","category-ciencias-clinicas","category-ciencias-medicas","category-cirugia","category-cirugia-ocular","category-oftalmologia","tag-antonio-navarro-quilis","tag-daniel-vilaplana-blanch","tag-joaquin-barraquer-moner","tag-jose-belmonte-Martinez","tag-jose-gonzalez-vidal","tag-pau-salva-lacombre"],"_links":{"self":[{"href":"https:\/\/www.deberes.net\/tesis\/wp-json\/wp\/v2\/posts\/83346","targetHints":{"allow":["GET"]}}],"collection":[{"href":"https:\/\/www.deberes.net\/tesis\/wp-json\/wp\/v2\/posts"}],"about":[{"href":"https:\/\/www.deberes.net\/tesis\/wp-json\/wp\/v2\/types\/post"}],"author":[{"embeddable":true,"href":"https:\/\/www.deberes.net\/tesis\/wp-json\/wp\/v2\/users\/1"}],"replies":[{"embeddable":true,"href":"https:\/\/www.deberes.net\/tesis\/wp-json\/wp\/v2\/comments?post=83346"}],"version-history":[{"count":0,"href":"https:\/\/www.deberes.net\/tesis\/wp-json\/wp\/v2\/posts\/83346\/revisions"}],"wp:attachment":[{"href":"https:\/\/www.deberes.net\/tesis\/wp-json\/wp\/v2\/media?parent=83346"}],"wp:term":[{"taxonomy":"category","embeddable":true,"href":"https:\/\/www.deberes.net\/tesis\/wp-json\/wp\/v2\/categories?post=83346"},{"taxonomy":"post_tag","embeddable":true,"href":"https:\/\/www.deberes.net\/tesis\/wp-json\/wp\/v2\/tags?post=83346"}],"curies":[{"name":"wp","href":"https:\/\/api.w.org\/{rel}","templated":true}]}}