{"id":83427,"date":"2018-03-10T00:07:35","date_gmt":"2018-03-10T00:07:35","guid":{"rendered":"https:\/\/www.deberes.net\/tesis\/sin-categoria\/el-trasvase-humano-de-espana-a-la-republica-de-argentina-hasta-la-segunda-guerra-mundial\/"},"modified":"2018-03-10T00:07:35","modified_gmt":"2018-03-10T00:07:35","slug":"el-trasvase-humano-de-espana-a-la-republica-de-argentina-hasta-la-segunda-guerra-mundial","status":"publish","type":"post","link":"https:\/\/www.deberes.net\/tesis\/historia\/el-trasvase-humano-de-espana-a-la-republica-de-argentina-hasta-la-segunda-guerra-mundial\/","title":{"rendered":"El trasvase humano de espa\u00f1a a la rep\u00fablica de argentina hasta la segunda guerra mundial."},"content":{"rendered":"<h2>Tesis doctoral de <strong> Reyes Marquez Ortiz <\/strong><\/h2>\n<p>Estudio de la emigraci\u00f3n masiva de espa\u00f1oles hacia argentina entre 1880 y 1930 en dos partes bien diferenciadas. En la primera se analiza el fen\u00f3meno migratorio y toda la complejidad que conlleva, es decir, proceso temporal, vol\u00famen, motivos, marco legal,caractr\u00edsticas y condiciones. La segunda parte y mayor aportaci\u00f3n de la investigaci\u00f3n, tiene como objetivo principal fijar las bases de la contribucion espa\u00f1ola al desarrollo demografico, econ\u00f3mico, politico y cultural de la argentina actual, intentando conocer la vida del inmigrante espa\u00f1ol en el territorio rioplatense, su inserci\u00f3n econ\u00f3mica y social, su adaptaci\u00f3n, integraci\u00f3n y asimilaci\u00f3n, los mecanismos que cre\u00f3 para defender su identidad nacional o regional, su participaci\u00f3n en la vida pol\u00edtica del pa\u00eds de adopci\u00f3n y su importaci\u00f3n como elemento de relaci\u00f3n, de intercambio y de influencia cultural.<\/p>\n<p>&nbsp;<\/p>\n<h3>Datos acad\u00e9micos de la tesis doctoral \u00ab<strong>El trasvase humano de espa\u00f1a a la rep\u00fablica de argentina hasta la segunda guerra mundial.<\/strong>\u00ab<\/h3>\n<ul>\n<li><strong>T\u00edtulo de la tesis:<\/strong>\u00a0 El trasvase humano de espa\u00f1a a la rep\u00fablica de argentina hasta la segunda guerra mundial. <\/li>\n<li><strong>Autor:<\/strong>\u00a0 Reyes Marquez Ortiz <\/li>\n<li><strong>Universidad:<\/strong>\u00a0 Sevilla<\/li>\n<li><strong>Fecha de lectura de la tesis:<\/strong>\u00a0 18\/02\/2000<\/li>\n<\/ul>\n<p>&nbsp;<\/p>\n<h3>Direcci\u00f3n y tribunal<\/h3>\n<ul>\n<li><strong>Director de la tesis<\/strong>\n<ul>\n<li>Jos\u00e9 Luis Mora M\u00e9rida<\/li>\n<\/ul>\n<\/li>\n<li><strong>Tribunal<\/strong>\n<ul>\n<li>Presidente del tribunal: Francisco Morales padron <\/li>\n<li>Manuel Castillo martos (vocal)<\/li>\n<li>Jos\u00e9 Antonio Armillas vicente (vocal)<\/li>\n<li> Gonzalez rodriguez adolfo Luis (vocal)<\/li>\n<\/ul>\n<\/li>\n<\/ul>\n<p>&nbsp;<\/p>\n","protected":false},"excerpt":{"rendered":"<p>Tesis doctoral de Reyes Marquez Ortiz Estudio de la emigraci\u00f3n masiva de espa\u00f1oles hacia argentina entre 1880 y 1930 en [&hellip;]<\/p>\n","protected":false},"author":1,"featured_media":0,"comment_status":"open","ping_status":"open","sticky":false,"template":"","format":"standard","meta":{"site-sidebar-layout":"default","site-content-layout":"","ast-site-content-layout":"","site-content-style":"default","site-sidebar-style":"default","ast-global-header-display":"","ast-banner-title-visibility":"","ast-main-header-display":"","ast-hfb-above-header-display":"","ast-hfb-below-header-display":"","ast-hfb-mobile-header-display":"","site-post-title":"","ast-breadcrumbs-content":"","ast-featured-img":"","footer-sml-layout":"","theme-transparent-header-meta":"","adv-header-id-meta":"","stick-header-meta":"","header-above-stick-meta":"","header-main-stick-meta":"","header-below-stick-meta":"","astra-migrate-meta-layouts":"default","ast-page-background-enabled":"default","ast-page-background-meta":{"desktop":{"background-color":"var(--ast-global-color-4)","background-image":"","background-repeat":"repeat","background-position":"center center","background-size":"auto","background-attachment":"scroll","background-type":"","background-media":"","overlay-type":"","overlay-color":"","overlay-gradient":""},"tablet":{"background-color":"","background-image":"","background-repeat":"repeat","background-position":"center center","background-size":"auto","background-attachment":"scroll","background-type":"","background-media":"","overlay-type":"","overlay-color":"","overlay-gradient":""},"mobile":{"background-color":"","background-image":"","background-repeat":"repeat","background-position":"center center","background-size":"auto","background-attachment":"scroll","background-type":"","background-media":"","overlay-type":"","overlay-color":"","overlay-gradient":""}},"ast-content-background-meta":{"desktop":{"background-color":"var(--ast-global-color-5)","background-image":"","background-repeat":"repeat","background-position":"center center","background-size":"auto","background-attachment":"scroll","background-type":"","background-media":"","overlay-type":"","overlay-color":"","overlay-gradient":""},"tablet":{"background-color":"var(--ast-global-color-5)","background-image":"","background-repeat":"repeat","background-position":"center center","background-size":"auto","background-attachment":"scroll","background-type":"","background-media":"","overlay-type":"","overlay-color":"","overlay-gradient":""},"mobile":{"background-color":"var(--ast-global-color-5)","background-image":"","background-repeat":"repeat","background-position":"center center","background-size":"auto","background-attachment":"scroll","background-type":"","background-media":"","overlay-type":"","overlay-color":"","overlay-gradient":""}},"footnotes":""},"categories":[1066,1353,104,1816,220,1354,10715],"tags":[10746,114013,4941,11073,161625,176818],"class_list":["post-83427","post","type-post","status-publish","format-standard","hentry","category-demografia","category-demografia-geografica","category-historia","category-historia-contemporanea","category-historia-por-epocas","category-movilidad-y-migraciones-internacionales","category-sevilla","tag-francisco-morales-padron","tag-gonzalez-rodriguez-adolfo-luis","tag-jose-antonio-armillas-vicente","tag-jose-luis-mora-merida","tag-manuel-castillo-martos","tag-reyes-marquez-ortiz"],"_links":{"self":[{"href":"https:\/\/www.deberes.net\/tesis\/wp-json\/wp\/v2\/posts\/83427","targetHints":{"allow":["GET"]}}],"collection":[{"href":"https:\/\/www.deberes.net\/tesis\/wp-json\/wp\/v2\/posts"}],"about":[{"href":"https:\/\/www.deberes.net\/tesis\/wp-json\/wp\/v2\/types\/post"}],"author":[{"embeddable":true,"href":"https:\/\/www.deberes.net\/tesis\/wp-json\/wp\/v2\/users\/1"}],"replies":[{"embeddable":true,"href":"https:\/\/www.deberes.net\/tesis\/wp-json\/wp\/v2\/comments?post=83427"}],"version-history":[{"count":0,"href":"https:\/\/www.deberes.net\/tesis\/wp-json\/wp\/v2\/posts\/83427\/revisions"}],"wp:attachment":[{"href":"https:\/\/www.deberes.net\/tesis\/wp-json\/wp\/v2\/media?parent=83427"}],"wp:term":[{"taxonomy":"category","embeddable":true,"href":"https:\/\/www.deberes.net\/tesis\/wp-json\/wp\/v2\/categories?post=83427"},{"taxonomy":"post_tag","embeddable":true,"href":"https:\/\/www.deberes.net\/tesis\/wp-json\/wp\/v2\/tags?post=83427"}],"curies":[{"name":"wp","href":"https:\/\/api.w.org\/{rel}","templated":true}]}}