{"id":83481,"date":"2018-03-10T00:07:35","date_gmt":"2018-03-10T00:07:35","guid":{"rendered":"https:\/\/www.deberes.net\/tesis\/sin-categoria\/affonso-eduardo-reidy-o-poeta-constructor\/"},"modified":"2018-03-10T00:07:35","modified_gmt":"2018-03-10T00:07:35","slug":"affonso-eduardo-reidy-o-poeta-constructor","status":"publish","type":"post","link":"https:\/\/www.deberes.net\/tesis\/historia\/affonso-eduardo-reidy-o-poeta-constructor\/","title":{"rendered":"Affonso eduardo reidy \u00abo poeta constructor\u00bb"},"content":{"rendered":"<h2>Tesis doctoral de <strong> Eline M. Moura Pereira Caixeta <\/strong><\/h2>\n<p>La obra de affonso eduardo reidy condensa buena parte de las preocupaciones de la arquitectura moderna brasile\u00f1a desde sus inicios. Engresado de la escola nacional de belas artes de r\u00edo de janeiro en 1930, miembro del grupo dirigido por agache para la remodelaci\u00f3n de r\u00edo, y del grupo de j\u00f3venes arquitectos que proyectan, en 1936, el edificio del ministerio de educaci\u00f3n, con la colaboraci\u00f3n de le corbusier, se integra en 1932 como arquitecto jefe de la prefeitura do distrito federal de r\u00edo janeiro, cargo que detenta hasta finales de la d\u00e9cada del cincuenta.  a partir de esa relaci\u00f3n estrecha con el poder pol\u00edtico, reidy constituye un ejemplo de \u00abintelectual org\u00e1nico\u00bb, participando de la construcci\u00f3n del engranaje institucional que fortaleci\u00f3 el uso del instrumental racionalista -y consecuentemente su lenguaje formal- en la arquitectura del estado brasile\u00f1o en pleno impulso modernizador. No corresponde a la imagen del artista genial que lucio costa reclamaba -como niemeyer- pero si a la del t\u00e9cnico eficiente, capaz de responder sitem\u00e1ticamente a los preceptos formales, funcionales, constructivos, urban\u00edsticos y sociales de la arquitectura como agente transformador de la realidad.  su experiencia con dos importantes y antag\u00f3nicas corrientes del urbanismo de los a\u00f1os 20\/30 -la de agache y la de le corbusier-, contribuy\u00f3 a su gran inter\u00e9s y desenvoltura en las cuestiones urban\u00edsticas. En la \u00abprefeitura do distrito federal\u00bb desarrolla, en un ambiente pluridisciplinar, los temas del centro c\u00edvico, la unidad vecinal y el parque, que reidy relaciona con el sistema viario como mecanismo esencial para la integraci\u00f3n de la metr\u00f3pli y la democratizaci\u00f3n del uso del suelo. Reidy reconoce la ciudad existente y el contexto natural como puntos de referencia para la materializaci\u00f3n de la nueva ciudad. El contexto urbano para \u00e9l es una situaci\u00f3n concreta y particualr, cuyas Valencias hay que descubrir, favoreciendo la coexisten<\/p>\n<p>&nbsp;<\/p>\n<h3>Datos acad\u00e9micos de la tesis doctoral \u00ab<strong>Affonso eduardo reidy \u00abo poeta constructor\u00bb<\/strong>\u00ab<\/h3>\n<ul>\n<li><strong>T\u00edtulo de la tesis:<\/strong>\u00a0 Affonso eduardo reidy \u00abo poeta constructor\u00bb <\/li>\n<li><strong>Autor:<\/strong>\u00a0 Eline M. Moura Pereira Caixeta <\/li>\n<li><strong>Universidad:<\/strong>\u00a0 Polit\u00e9cnica de catalunya<\/li>\n<li><strong>Fecha de lectura de la tesis:<\/strong>\u00a0 23\/02\/2000<\/li>\n<\/ul>\n<p>&nbsp;<\/p>\n<h3>Direcci\u00f3n y tribunal<\/h3>\n<ul>\n<li><strong>Director de la tesis<\/strong>\n<ul>\n<li>Fernando \u00e1lvarez Prozorovich<\/li>\n<\/ul>\n<\/li>\n<li><strong>Tribunal<\/strong>\n<ul>\n<li>Presidente del tribunal: cesar Portela <\/li>\n<li>Carlos Marti aris (vocal)<\/li>\n<li>victor Perez escolano (vocal)<\/li>\n<li>Antonio Pizza de nanno (vocal)<\/li>\n<\/ul>\n<\/li>\n<\/ul>\n<p>&nbsp;<\/p>\n","protected":false},"excerpt":{"rendered":"<p>Tesis doctoral de Eline M. Moura Pereira Caixeta La obra de affonso eduardo reidy condensa buena parte de las preocupaciones [&hellip;]<\/p>\n","protected":false},"author":1,"featured_media":0,"comment_status":"open","ping_status":"open","sticky":false,"template":"","format":"standard","meta":{"site-sidebar-layout":"default","site-content-layout":"","ast-site-content-layout":"","site-content-style":"default","site-sidebar-style":"default","ast-global-header-display":"","ast-banner-title-visibility":"","ast-main-header-display":"","ast-hfb-above-header-display":"","ast-hfb-below-header-display":"","ast-hfb-mobile-header-display":"","site-post-title":"","ast-breadcrumbs-content":"","ast-featured-img":"","footer-sml-layout":"","theme-transparent-header-meta":"","adv-header-id-meta":"","stick-header-meta":"","header-above-stick-meta":"","header-main-stick-meta":"","header-below-stick-meta":"","astra-migrate-meta-layouts":"default","ast-page-background-enabled":"default","ast-page-background-meta":{"desktop":{"background-color":"var(--ast-global-color-4)","background-image":"","background-repeat":"repeat","background-position":"center center","background-size":"auto","background-attachment":"scroll","background-type":"","background-media":"","overlay-type":"","overlay-color":"","overlay-gradient":""},"tablet":{"background-color":"","background-image":"","background-repeat":"repeat","background-position":"center center","background-size":"auto","background-attachment":"scroll","background-type":"","background-media":"","overlay-type":"","overlay-color":"","overlay-gradient":""},"mobile":{"background-color":"","background-image":"","background-repeat":"repeat","background-position":"center center","background-size":"auto","background-attachment":"scroll","background-type":"","background-media":"","overlay-type":"","overlay-color":"","overlay-gradient":""}},"ast-content-background-meta":{"desktop":{"background-color":"var(--ast-global-color-5)","background-image":"","background-repeat":"repeat","background-position":"center center","background-size":"auto","background-attachment":"scroll","background-type":"","background-media":"","overlay-type":"","overlay-color":"","overlay-gradient":""},"tablet":{"background-color":"var(--ast-global-color-5)","background-image":"","background-repeat":"repeat","background-position":"center center","background-size":"auto","background-attachment":"scroll","background-type":"","background-media":"","overlay-type":"","overlay-color":"","overlay-gradient":""},"mobile":{"background-color":"var(--ast-global-color-5)","background-image":"","background-repeat":"repeat","background-position":"center center","background-size":"auto","background-attachment":"scroll","background-type":"","background-media":"","overlay-type":"","overlay-color":"","overlay-gradient":""}},"footnotes":""},"categories":[104,1745,222,15596],"tags":[61505,32205,49016,176902,49013,11230],"class_list":["post-83481","post","type-post","status-publish","format-standard","hentry","category-historia","category-historia-de-la-arquitectura","category-historias-especializadas","category-politecnica-de-catalunya","tag-antonio-pizza-de-nanno","tag-carlos-marti-aris","tag-cesar-portela","tag-eline-m-moura-pereira-caixeta","tag-fernando-alvarez-prozorovich","tag-victor-perez-escolano"],"_links":{"self":[{"href":"https:\/\/www.deberes.net\/tesis\/wp-json\/wp\/v2\/posts\/83481","targetHints":{"allow":["GET"]}}],"collection":[{"href":"https:\/\/www.deberes.net\/tesis\/wp-json\/wp\/v2\/posts"}],"about":[{"href":"https:\/\/www.deberes.net\/tesis\/wp-json\/wp\/v2\/types\/post"}],"author":[{"embeddable":true,"href":"https:\/\/www.deberes.net\/tesis\/wp-json\/wp\/v2\/users\/1"}],"replies":[{"embeddable":true,"href":"https:\/\/www.deberes.net\/tesis\/wp-json\/wp\/v2\/comments?post=83481"}],"version-history":[{"count":0,"href":"https:\/\/www.deberes.net\/tesis\/wp-json\/wp\/v2\/posts\/83481\/revisions"}],"wp:attachment":[{"href":"https:\/\/www.deberes.net\/tesis\/wp-json\/wp\/v2\/media?parent=83481"}],"wp:term":[{"taxonomy":"category","embeddable":true,"href":"https:\/\/www.deberes.net\/tesis\/wp-json\/wp\/v2\/categories?post=83481"},{"taxonomy":"post_tag","embeddable":true,"href":"https:\/\/www.deberes.net\/tesis\/wp-json\/wp\/v2\/tags?post=83481"}],"curies":[{"name":"wp","href":"https:\/\/api.w.org\/{rel}","templated":true}]}}