{"id":83506,"date":"2018-03-10T00:07:39","date_gmt":"2018-03-10T00:07:39","guid":{"rendered":"https:\/\/www.deberes.net\/tesis\/sin-categoria\/propiedades-asintoticas-de-polinomios-ortogonales-variantes-y-aproximacion-racional\/"},"modified":"2018-03-10T00:07:39","modified_gmt":"2018-03-10T00:07:39","slug":"propiedades-asintoticas-de-polinomios-ortogonales-variantes-y-aproximacion-racional","status":"publish","type":"post","link":"https:\/\/www.deberes.net\/tesis\/matematicas\/propiedades-asintoticas-de-polinomios-ortogonales-variantes-y-aproximacion-racional\/","title":{"rendered":"Propiedades asint\u00f3ticas de polinomios ortogonales. variantes y aproximaci\u00f3n racional"},"content":{"rendered":"<h2>Tesis doctoral de <strong> Bernardo De La Calle Ysern <\/strong><\/h2>\n<p>Se trata de extender los resultados conocidos sobre comportamiento asint\u00f3tico de polinomios ortogonales con respecto a medidas variantes y utilizarlos para resolver problemas de la teor\u00eda de la aproximaci\u00f3n racional de funciones anal\u00edticas. Se estudian las propiedades asint\u00f3ticas de los polinomios ortogonales con respecto a medidas variantes positivas. Se estudian tambi\u00e9n los polinomios stieltjes y su comportamiento asint\u00f3ticas de los polinomios ortogonales con respecto a medidas variantes positivas. Se estudian tambi\u00e9n los polinomios stieltjes y su comportamiento asint\u00f3tico. Se explican y analizan los teoremas relativos a la convergencia de los polinomios de stieltjes,  a la resoluci\u00f3n de un problema de aproximaci\u00f3n multipuntual tipo pad\u00e9 de funciones de marnoy y la deduci\u00f3n de un resultado sobre la convergencia de la f\u00f3rmula de la cuadratura de gauss-kronrod para funciones anal\u00edticas.<\/p>\n<p>&nbsp;<\/p>\n<h3>Datos acad\u00e9micos de la tesis doctoral \u00ab<strong>Propiedades asint\u00f3ticas de polinomios ortogonales. variantes y aproximaci\u00f3n racional<\/strong>\u00ab<\/h3>\n<ul>\n<li><strong>T\u00edtulo de la tesis:<\/strong>\u00a0 Propiedades asint\u00f3ticas de polinomios ortogonales. variantes y aproximaci\u00f3n racional <\/li>\n<li><strong>Autor:<\/strong>\u00a0 Bernardo De La Calle Ysern <\/li>\n<li><strong>Universidad:<\/strong>\u00a0 Carlos III de Madrid<\/li>\n<li><strong>Fecha de lectura de la tesis:<\/strong>\u00a0 24\/02\/2000<\/li>\n<\/ul>\n<p>&nbsp;<\/p>\n<h3>Direcci\u00f3n y tribunal<\/h3>\n<ul>\n<li><strong>Director de la tesis<\/strong>\n<ul>\n<li>Guillermo Lopez Lagomasino<\/li>\n<\/ul>\n<\/li>\n<li><strong>Tribunal<\/strong>\n<ul>\n<li>Presidente del tribunal: Francisco Marcellan espa\u00f1ol <\/li>\n<li>pablo Gonz\u00e1lez vera (vocal)<\/li>\n<li>herbert Stahl (vocal)<\/li>\n<li>Manuel Bello (vocal)<\/li>\n<\/ul>\n<\/li>\n<\/ul>\n<p>&nbsp;<\/p>\n","protected":false},"excerpt":{"rendered":"<p>Tesis doctoral de Bernardo De La Calle Ysern Se trata de extender los resultados conocidos sobre comportamiento asint\u00f3tico de polinomios [&hellip;]<\/p>\n","protected":false},"author":1,"featured_media":0,"comment_status":"open","ping_status":"open","sticky":false,"template":"","format":"standard","meta":{"site-sidebar-layout":"default","site-content-layout":"","ast-site-content-layout":"","site-content-style":"default","site-sidebar-style":"default","ast-global-header-display":"","ast-banner-title-visibility":"","ast-main-header-display":"","ast-hfb-above-header-display":"","ast-hfb-below-header-display":"","ast-hfb-mobile-header-display":"","site-post-title":"","ast-breadcrumbs-content":"","ast-featured-img":"","footer-sml-layout":"","theme-transparent-header-meta":"","adv-header-id-meta":"","stick-header-meta":"","header-above-stick-meta":"","header-main-stick-meta":"","header-below-stick-meta":"","astra-migrate-meta-layouts":"default","ast-page-background-enabled":"default","ast-page-background-meta":{"desktop":{"background-color":"var(--ast-global-color-4)","background-image":"","background-repeat":"repeat","background-position":"center center","background-size":"auto","background-attachment":"scroll","background-type":"","background-media":"","overlay-type":"","overlay-color":"","overlay-gradient":""},"tablet":{"background-color":"","background-image":"","background-repeat":"repeat","background-position":"center center","background-size":"auto","background-attachment":"scroll","background-type":"","background-media":"","overlay-type":"","overlay-color":"","overlay-gradient":""},"mobile":{"background-color":"","background-image":"","background-repeat":"repeat","background-position":"center center","background-size":"auto","background-attachment":"scroll","background-type":"","background-media":"","overlay-type":"","overlay-color":"","overlay-gradient":""}},"ast-content-background-meta":{"desktop":{"background-color":"var(--ast-global-color-5)","background-image":"","background-repeat":"repeat","background-position":"center center","background-size":"auto","background-attachment":"scroll","background-type":"","background-media":"","overlay-type":"","overlay-color":"","overlay-gradient":""},"tablet":{"background-color":"var(--ast-global-color-5)","background-image":"","background-repeat":"repeat","background-position":"center center","background-size":"auto","background-attachment":"scroll","background-type":"","background-media":"","overlay-type":"","overlay-color":"","overlay-gradient":""},"mobile":{"background-color":"var(--ast-global-color-5)","background-image":"","background-repeat":"repeat","background-position":"center center","background-size":"auto","background-attachment":"scroll","background-type":"","background-media":"","overlay-type":"","overlay-color":"","overlay-gradient":""}},"footnotes":""},"categories":[2809,3183,18550,126,10522],"tags":[176941,4781,4785,176942,176943,26227],"class_list":["post-83506","post","type-post","status-publish","format-standard","hentry","category-algebra","category-analisis-y-analisis-funcional","category-carlos-iii-de-madrid","category-matematicas","category-polinomios","tag-bernardo-de-la-calle-ysern","tag-francisco-marcellan-espanol","tag-guillermo-lopez-lagomasino","tag-herbert-stahl","tag-manuel-bello","tag-pablo-gonzalez-vera"],"_links":{"self":[{"href":"https:\/\/www.deberes.net\/tesis\/wp-json\/wp\/v2\/posts\/83506","targetHints":{"allow":["GET"]}}],"collection":[{"href":"https:\/\/www.deberes.net\/tesis\/wp-json\/wp\/v2\/posts"}],"about":[{"href":"https:\/\/www.deberes.net\/tesis\/wp-json\/wp\/v2\/types\/post"}],"author":[{"embeddable":true,"href":"https:\/\/www.deberes.net\/tesis\/wp-json\/wp\/v2\/users\/1"}],"replies":[{"embeddable":true,"href":"https:\/\/www.deberes.net\/tesis\/wp-json\/wp\/v2\/comments?post=83506"}],"version-history":[{"count":0,"href":"https:\/\/www.deberes.net\/tesis\/wp-json\/wp\/v2\/posts\/83506\/revisions"}],"wp:attachment":[{"href":"https:\/\/www.deberes.net\/tesis\/wp-json\/wp\/v2\/media?parent=83506"}],"wp:term":[{"taxonomy":"category","embeddable":true,"href":"https:\/\/www.deberes.net\/tesis\/wp-json\/wp\/v2\/categories?post=83506"},{"taxonomy":"post_tag","embeddable":true,"href":"https:\/\/www.deberes.net\/tesis\/wp-json\/wp\/v2\/tags?post=83506"}],"curies":[{"name":"wp","href":"https:\/\/api.w.org\/{rel}","templated":true}]}}