{"id":83538,"date":"2018-03-10T00:07:39","date_gmt":"2018-03-10T00:07:39","guid":{"rendered":"https:\/\/www.deberes.net\/tesis\/sin-categoria\/eficacia-de-la-terapeutica-homeopatica-en-la-amigdalitis-aguda\/"},"modified":"2018-03-10T00:07:39","modified_gmt":"2018-03-10T00:07:39","slug":"eficacia-de-la-terapeutica-homeopatica-en-la-amigdalitis-aguda","status":"publish","type":"post","link":"https:\/\/www.deberes.net\/tesis\/ciencias-medicas\/eficacia-de-la-terapeutica-homeopatica-en-la-amigdalitis-aguda\/","title":{"rendered":"Eficacia de la terapeutica homeopatica en la amigdalitis aguda."},"content":{"rendered":"<h2>Tesis doctoral de <strong> Francisco De Asis Moya Hiniesta <\/strong><\/h2>\n<p>Se estudia 109 pacientes con edades comprendidas entre 1 y 52 a\u00f1os. con el trabajo se pretende dar a conocer la eficacia de la terap\u00e9utica homeop\u00e1tica en los procesos de amigdalitis aguda y se plantea como objetivo primordial realizar una comparaci\u00f3n, en un mismo grupo de pacientes. Del tiempo de curaci\u00f3n y el tiempo de recidiva de las amigdalitis aguda con antibi\u00f3ticos (terap\u00e9utica alop\u00e1tica) y con medicamentos homeop\u00e1ticos (terap\u00e9utica homeop\u00e1tica). Se concluye que es posible realizar el tratamiento de las amigdalitis agudas solo con medicamentos homeop\u00e1ticos; el tiempo de curaci\u00f3n es menor cuando se utiliza la medicaci\u00f3n homeop\u00e1tica y el tiempo de recidiva es mayor; los medicamentos homeop\u00e1ticos estimulan las defensas inmunitarias y limita las indicaciones operatorias, y por \u00faltimo el f\u00e1rmaco homeop\u00e1tico tiene una acci\u00f3n bil\u00f3gica que le hace eficaz en las migdalitis aguda, no debi\u00e9ndose su acci\u00f3n a un mero efecto placebo.<\/p>\n<p>&nbsp;<\/p>\n<h3>Datos acad\u00e9micos de la tesis doctoral \u00ab<strong>Eficacia de la terapeutica homeopatica en la amigdalitis aguda.<\/strong>\u00ab<\/h3>\n<ul>\n<li><strong>T\u00edtulo de la tesis:<\/strong>\u00a0 Eficacia de la terapeutica homeopatica en la amigdalitis aguda. <\/li>\n<li><strong>Autor:<\/strong>\u00a0 Francisco De Asis Moya Hiniesta <\/li>\n<li><strong>Universidad:<\/strong>\u00a0 Sevilla<\/li>\n<li><strong>Fecha de lectura de la tesis:<\/strong>\u00a0 25\/02\/2000<\/li>\n<\/ul>\n<p>&nbsp;<\/p>\n<h3>Direcci\u00f3n y tribunal<\/h3>\n<ul>\n<li><strong>Director de la tesis<\/strong>\n<ul>\n<li> Zaragoza Rubira Juan  Ram\u00f3n<\/li>\n<\/ul>\n<\/li>\n<li><strong>Tribunal<\/strong>\n<ul>\n<li>Presidente del tribunal: Miguel Guirao Perez <\/li>\n<li> De La Cuesta Fernandez Juan (vocal)<\/li>\n<li>Enrique Romero Bobillo (vocal)<\/li>\n<li>Ana Fernandez Palacin (vocal)<\/li>\n<\/ul>\n<\/li>\n<\/ul>\n<p>&nbsp;<\/p>\n","protected":false},"excerpt":{"rendered":"<p>Tesis doctoral de Francisco De Asis Moya Hiniesta Se estudia 109 pacientes con edades comprendidas entre 1 y 52 a\u00f1os. [&hellip;]<\/p>\n","protected":false},"author":1,"featured_media":0,"comment_status":"open","ping_status":"open","sticky":false,"template":"","format":"standard","meta":{"site-sidebar-layout":"default","site-content-layout":"","ast-site-content-layout":"","site-content-style":"default","site-sidebar-style":"default","ast-global-header-display":"","ast-banner-title-visibility":"","ast-main-header-display":"","ast-hfb-above-header-display":"","ast-hfb-below-header-display":"","ast-hfb-mobile-header-display":"","site-post-title":"","ast-breadcrumbs-content":"","ast-featured-img":"","footer-sml-layout":"","theme-transparent-header-meta":"","adv-header-id-meta":"","stick-header-meta":"","header-above-stick-meta":"","header-main-stick-meta":"","header-below-stick-meta":"","astra-migrate-meta-layouts":"default","ast-page-background-enabled":"default","ast-page-background-meta":{"desktop":{"background-color":"var(--ast-global-color-4)","background-image":"","background-repeat":"repeat","background-position":"center center","background-size":"auto","background-attachment":"scroll","background-type":"","background-media":"","overlay-type":"","overlay-color":"","overlay-gradient":""},"tablet":{"background-color":"","background-image":"","background-repeat":"repeat","background-position":"center center","background-size":"auto","background-attachment":"scroll","background-type":"","background-media":"","overlay-type":"","overlay-color":"","overlay-gradient":""},"mobile":{"background-color":"","background-image":"","background-repeat":"repeat","background-position":"center center","background-size":"auto","background-attachment":"scroll","background-type":"","background-media":"","overlay-type":"","overlay-color":"","overlay-gradient":""}},"ast-content-background-meta":{"desktop":{"background-color":"var(--ast-global-color-5)","background-image":"","background-repeat":"repeat","background-position":"center center","background-size":"auto","background-attachment":"scroll","background-type":"","background-media":"","overlay-type":"","overlay-color":"","overlay-gradient":""},"tablet":{"background-color":"var(--ast-global-color-5)","background-image":"","background-repeat":"repeat","background-position":"center center","background-size":"auto","background-attachment":"scroll","background-type":"","background-media":"","overlay-type":"","overlay-color":"","overlay-gradient":""},"mobile":{"background-color":"var(--ast-global-color-5)","background-image":"","background-repeat":"repeat","background-position":"center center","background-size":"auto","background-attachment":"scroll","background-type":"","background-media":"","overlay-type":"","overlay-color":"","overlay-gradient":""}},"footnotes":""},"categories":[155,9,957,2444,1226,384,10715],"tags":[26628,176987,94749,176986,110005,10778],"class_list":["post-83538","post","type-post","status-publish","format-standard","hentry","category-ciencias-clinicas","category-ciencias-medicas","category-farmacologia","category-farmacos-naturales","category-otorrinolaringologia","category-patologia-clinica","category-sevilla","tag-ana-fernandez-palacin","tag-de-la-cuesta-fernandez-juan","tag-enrique-romero-bobillo","tag-francisco-de-asis-moya-hiniesta","tag-miguel-guirao-perez","tag-zaragoza-rubira-juan-ramon"],"_links":{"self":[{"href":"https:\/\/www.deberes.net\/tesis\/wp-json\/wp\/v2\/posts\/83538","targetHints":{"allow":["GET"]}}],"collection":[{"href":"https:\/\/www.deberes.net\/tesis\/wp-json\/wp\/v2\/posts"}],"about":[{"href":"https:\/\/www.deberes.net\/tesis\/wp-json\/wp\/v2\/types\/post"}],"author":[{"embeddable":true,"href":"https:\/\/www.deberes.net\/tesis\/wp-json\/wp\/v2\/users\/1"}],"replies":[{"embeddable":true,"href":"https:\/\/www.deberes.net\/tesis\/wp-json\/wp\/v2\/comments?post=83538"}],"version-history":[{"count":0,"href":"https:\/\/www.deberes.net\/tesis\/wp-json\/wp\/v2\/posts\/83538\/revisions"}],"wp:attachment":[{"href":"https:\/\/www.deberes.net\/tesis\/wp-json\/wp\/v2\/media?parent=83538"}],"wp:term":[{"taxonomy":"category","embeddable":true,"href":"https:\/\/www.deberes.net\/tesis\/wp-json\/wp\/v2\/categories?post=83538"},{"taxonomy":"post_tag","embeddable":true,"href":"https:\/\/www.deberes.net\/tesis\/wp-json\/wp\/v2\/tags?post=83538"}],"curies":[{"name":"wp","href":"https:\/\/api.w.org\/{rel}","templated":true}]}}