{"id":83541,"date":"2018-03-10T00:07:39","date_gmt":"2018-03-10T00:07:39","guid":{"rendered":"https:\/\/www.deberes.net\/tesis\/sin-categoria\/vales-educativos-el-caso-de-valencia\/"},"modified":"2018-03-10T00:07:39","modified_gmt":"2018-03-10T00:07:39","slug":"vales-educativos-el-caso-de-valencia","status":"publish","type":"post","link":"https:\/\/www.deberes.net\/tesis\/ciencias-economicas\/vales-educativos-el-caso-de-valencia\/","title":{"rendered":"Vales educativos: el caso de Valencia"},"content":{"rendered":"<h2>Tesis doctoral de <strong> Rafael Granell Perez <\/strong><\/h2>\n<p>Esta tesis tiene dos objetivos fundamentales. En primer lugar, pretende acotar las posibilidades que brindan los vales para financiar la educaci\u00f3n. en segundo lugar, se dedica a describir y evaluar la primera experiencia con vales educativos que se ha desarrollado en espa\u00f1a: el cheque escolar de Valencia. Para ello se ha dividido el trabajo en cinco cap\u00edtulos.  en el primer cap\u00edtulo se analizan las posibilidades de intervenci\u00f3n del sector publico en materia educativa, con especial inter\u00e9s en las denominadas \u00abpol\u00edticas de elecci\u00f3n de escuela\u00bb. El segundo cap\u00edtulo se dedica a describir, clasificar y analizar una de las pol\u00edticas de elecci\u00f3n que ha suscitado mayor inter\u00e9s en los \u00faltimos a\u00f1os: los vales educativos.  el tercer cap\u00edtulo tiene como objetivo situar el cheque escolar en el contexto de la educaci\u00f3n infantil Valenciana. En el cuarto cap\u00edtulo se describe y caracteriza el cheque escolar, dejando la evaluaci\u00f3n econ\u00f3mica del mismo para el quinto cap\u00edtulo. Esta evaluaci\u00f3n se centra en los dos objetivos que el ayuntamiento de Valencia ha asignado a esta medida: equidad y aumento de la capacidad de elecci\u00f3n por parte de los padres. Adem\u00e1s, se trata los efectos del cheque escolar sobre la competencia y la incorporaci\u00f3n de la mujer al mercado laboral y se expone la valoraci\u00f3n que otorgan los padres a este mecanismos de financiaci\u00f3n.<\/p>\n<p>&nbsp;<\/p>\n<h3>Datos acad\u00e9micos de la tesis doctoral \u00ab<strong>Vales educativos: el caso de Valencia<\/strong>\u00ab<\/h3>\n<ul>\n<li><strong>T\u00edtulo de la tesis:<\/strong>\u00a0 Vales educativos: el caso de Valencia <\/li>\n<li><strong>Autor:<\/strong>\u00a0 Rafael Granell Perez <\/li>\n<li><strong>Universidad:<\/strong>\u00a0 Universitat de val\u00e9ncia (estudi general)<\/li>\n<li><strong>Fecha de lectura de la tesis:<\/strong>\u00a0 25\/02\/2000<\/li>\n<\/ul>\n<p>&nbsp;<\/p>\n<h3>Direcci\u00f3n y tribunal<\/h3>\n<ul>\n<li><strong>Director de la tesis<\/strong>\n<ul>\n<li>Jos\u00e9 Manuel Roig Cotanda<\/li>\n<\/ul>\n<\/li>\n<li><strong>Tribunal<\/strong>\n<ul>\n<li>Presidente del tribunal: esteban Oroval planas <\/li>\n<li>Miguel Olmeda diez (vocal)<\/li>\n<li>Jes\u00fas Ruiz-huerta  carbonell (vocal)<\/li>\n<li>Jorge Calero mart\u00ednez (vocal)<\/li>\n<\/ul>\n<\/li>\n<\/ul>\n<p>&nbsp;<\/p>\n","protected":false},"excerpt":{"rendered":"<p>Tesis doctoral de Rafael Granell Perez Esta tesis tiene dos objetivos fundamentales. En primer lugar, pretende acotar las posibilidades que [&hellip;]<\/p>\n","protected":false},"author":1,"featured_media":0,"comment_status":"open","ping_status":"open","sticky":false,"template":"","format":"standard","meta":{"site-sidebar-layout":"default","site-content-layout":"","ast-site-content-layout":"","site-content-style":"default","site-sidebar-style":"default","ast-global-header-display":"","ast-banner-title-visibility":"","ast-main-header-display":"","ast-hfb-above-header-display":"","ast-hfb-below-header-display":"","ast-hfb-mobile-header-display":"","site-post-title":"","ast-breadcrumbs-content":"","ast-featured-img":"","footer-sml-layout":"","theme-transparent-header-meta":"","adv-header-id-meta":"","stick-header-meta":"","header-above-stick-meta":"","header-main-stick-meta":"","header-below-stick-meta":"","astra-migrate-meta-layouts":"default","ast-page-background-enabled":"default","ast-page-background-meta":{"desktop":{"background-color":"var(--ast-global-color-4)","background-image":"","background-repeat":"repeat","background-position":"center center","background-size":"auto","background-attachment":"scroll","background-type":"","background-media":"","overlay-type":"","overlay-color":"","overlay-gradient":""},"tablet":{"background-color":"","background-image":"","background-repeat":"repeat","background-position":"center center","background-size":"auto","background-attachment":"scroll","background-type":"","background-media":"","overlay-type":"","overlay-color":"","overlay-gradient":""},"mobile":{"background-color":"","background-image":"","background-repeat":"repeat","background-position":"center center","background-size":"auto","background-attachment":"scroll","background-type":"","background-media":"","overlay-type":"","overlay-color":"","overlay-gradient":""}},"ast-content-background-meta":{"desktop":{"background-color":"var(--ast-global-color-5)","background-image":"","background-repeat":"repeat","background-position":"center center","background-size":"auto","background-attachment":"scroll","background-type":"","background-media":"","overlay-type":"","overlay-color":"","overlay-gradient":""},"tablet":{"background-color":"var(--ast-global-color-5)","background-image":"","background-repeat":"repeat","background-position":"center center","background-size":"auto","background-attachment":"scroll","background-type":"","background-media":"","overlay-type":"","overlay-color":"","overlay-gradient":""},"mobile":{"background-color":"var(--ast-global-color-5)","background-image":"","background-repeat":"repeat","background-position":"center center","background-size":"auto","background-attachment":"scroll","background-type":"","background-media":"","overlay-type":"","overlay-color":"","overlay-gradient":""}},"footnotes":""},"categories":[82,963,22393],"tags":[18767,6841,18769,99163,176993,176992],"class_list":["post-83541","post","type-post","status-publish","format-standard","hentry","category-ciencias-economicas","category-economia-sectorial","category-sector-de-la-educacion","tag-esteban-oroval-planas","tag-jesus-ruiz-huerta-carbonell","tag-jorge-calero-Martinez","tag-jose-manuel-roig-cotanda","tag-miguel-olmeda-diez","tag-rafael-granell-perez"],"_links":{"self":[{"href":"https:\/\/www.deberes.net\/tesis\/wp-json\/wp\/v2\/posts\/83541","targetHints":{"allow":["GET"]}}],"collection":[{"href":"https:\/\/www.deberes.net\/tesis\/wp-json\/wp\/v2\/posts"}],"about":[{"href":"https:\/\/www.deberes.net\/tesis\/wp-json\/wp\/v2\/types\/post"}],"author":[{"embeddable":true,"href":"https:\/\/www.deberes.net\/tesis\/wp-json\/wp\/v2\/users\/1"}],"replies":[{"embeddable":true,"href":"https:\/\/www.deberes.net\/tesis\/wp-json\/wp\/v2\/comments?post=83541"}],"version-history":[{"count":0,"href":"https:\/\/www.deberes.net\/tesis\/wp-json\/wp\/v2\/posts\/83541\/revisions"}],"wp:attachment":[{"href":"https:\/\/www.deberes.net\/tesis\/wp-json\/wp\/v2\/media?parent=83541"}],"wp:term":[{"taxonomy":"category","embeddable":true,"href":"https:\/\/www.deberes.net\/tesis\/wp-json\/wp\/v2\/categories?post=83541"},{"taxonomy":"post_tag","embeddable":true,"href":"https:\/\/www.deberes.net\/tesis\/wp-json\/wp\/v2\/tags?post=83541"}],"curies":[{"name":"wp","href":"https:\/\/api.w.org\/{rel}","templated":true}]}}