{"id":83607,"date":"2018-03-10T00:07:47","date_gmt":"2018-03-10T00:07:47","guid":{"rendered":"https:\/\/www.deberes.net\/tesis\/sin-categoria\/afrontando-la-enfermedad-y-la-muerte-una-investigacion-en-pacientes-con-cancer\/"},"modified":"2018-03-10T00:07:47","modified_gmt":"2018-03-10T00:07:47","slug":"afrontando-la-enfermedad-y-la-muerte-una-investigacion-en-pacientes-con-cancer","status":"publish","type":"post","link":"https:\/\/www.deberes.net\/tesis\/psicologia\/afrontando-la-enfermedad-y-la-muerte-una-investigacion-en-pacientes-con-cancer\/","title":{"rendered":"Afrontando la enfermedad y la muerte: una investigacion en pacientes con cancer."},"content":{"rendered":"<h2>Tesis doctoral de <strong> Paulo Kroeff <\/strong><\/h2>\n<p>La tesis presentada contiene una primera parte en la que se revisan los aportes te\u00f3ricos de la psicolog\u00eda cl\u00ednica y de la salud relativas a los enfermos de c\u00e1ncer. En esta parte se aporta espec\u00edficamente la articulaci\u00f3n de la psicolog\u00eda existencial, principalmente de los conceptos sentido de vida y personalidad resistente al estr\u00e9s, a la comprensi\u00f3n de los afrontamientos de la enfermedad y la muerte.  en una segunda parte metodol\u00f3gica se efect\u00faa una comparaci\u00f3n entre los enfermos con c\u00e1ncer y personas sin c\u00e1ncer, para analizar las incidencias de las variables depresi\u00f3n, desesperanza, calidad de vida, distres f\u00edsicos y psicologico y afrontamiento.  la aportaci\u00f3n consiste en el an\u00e1lisis de la personalidad (mas espec\u00edficamente la personalidad resistente y el sentido de vida), sobre las variables criterio.<\/p>\n<p>&nbsp;<\/p>\n<h3>Datos acad\u00e9micos de la tesis doctoral \u00ab<strong>Afrontando la enfermedad y la muerte: una investigacion en pacientes con cancer.<\/strong>\u00ab<\/h3>\n<ul>\n<li><strong>T\u00edtulo de la tesis:<\/strong>\u00a0 Afrontando la enfermedad y la muerte: una investigacion en pacientes con cancer. <\/li>\n<li><strong>Autor:<\/strong>\u00a0 Paulo Kroeff <\/li>\n<li><strong>Universidad:<\/strong>\u00a0 Aut\u00f3noma de Madrid<\/li>\n<li><strong>Fecha de lectura de la tesis:<\/strong>\u00a0 29\/02\/2000<\/li>\n<\/ul>\n<p>&nbsp;<\/p>\n<h3>Direcci\u00f3n y tribunal<\/h3>\n<ul>\n<li><strong>Director de la tesis<\/strong>\n<ul>\n<li>Bernardo Moreno Jim\u00e9nez<\/li>\n<\/ul>\n<\/li>\n<li><strong>Tribunal<\/strong>\n<ul>\n<li>Presidente del tribunal: Jos\u00e9 Antonio Carrobles isabel <\/li>\n<li> Noblejas de la flor Mar\u00eda  angeles (vocal)<\/li>\n<li>pedro Morales vallejo (vocal)<\/li>\n<li>Manuel G\u00f3nzalez bar\u00f3n (vocal)<\/li>\n<\/ul>\n<\/li>\n<\/ul>\n<p>&nbsp;<\/p>\n","protected":false},"excerpt":{"rendered":"<p>Tesis doctoral de Paulo Kroeff La tesis presentada contiene una primera parte en la que se revisan los aportes te\u00f3ricos [&hellip;]<\/p>\n","protected":false},"author":1,"featured_media":0,"comment_status":"open","ping_status":"open","sticky":false,"template":"","format":"standard","meta":{"site-sidebar-layout":"default","site-content-layout":"","ast-site-content-layout":"","site-content-style":"default","site-sidebar-style":"default","ast-global-header-display":"","ast-banner-title-visibility":"","ast-main-header-display":"","ast-hfb-above-header-display":"","ast-hfb-below-header-display":"","ast-hfb-mobile-header-display":"","site-post-title":"","ast-breadcrumbs-content":"","ast-featured-img":"","footer-sml-layout":"","theme-transparent-header-meta":"","adv-header-id-meta":"","stick-header-meta":"","header-above-stick-meta":"","header-main-stick-meta":"","header-below-stick-meta":"","astra-migrate-meta-layouts":"default","ast-page-background-enabled":"default","ast-page-background-meta":{"desktop":{"background-color":"var(--ast-global-color-4)","background-image":"","background-repeat":"repeat","background-position":"center center","background-size":"auto","background-attachment":"scroll","background-type":"","background-media":"","overlay-type":"","overlay-color":"","overlay-gradient":""},"tablet":{"background-color":"","background-image":"","background-repeat":"repeat","background-position":"center center","background-size":"auto","background-attachment":"scroll","background-type":"","background-media":"","overlay-type":"","overlay-color":"","overlay-gradient":""},"mobile":{"background-color":"","background-image":"","background-repeat":"repeat","background-position":"center center","background-size":"auto","background-attachment":"scroll","background-type":"","background-media":"","overlay-type":"","overlay-color":"","overlay-gradient":""}},"ast-content-background-meta":{"desktop":{"background-color":"var(--ast-global-color-5)","background-image":"","background-repeat":"repeat","background-position":"center center","background-size":"auto","background-attachment":"scroll","background-type":"","background-media":"","overlay-type":"","overlay-color":"","overlay-gradient":""},"tablet":{"background-color":"var(--ast-global-color-5)","background-image":"","background-repeat":"repeat","background-position":"center center","background-size":"auto","background-attachment":"scroll","background-type":"","background-media":"","overlay-type":"","overlay-color":"","overlay-gradient":""},"mobile":{"background-color":"var(--ast-global-color-5)","background-image":"","background-repeat":"repeat","background-position":"center center","background-size":"auto","background-attachment":"scroll","background-type":"","background-media":"","overlay-type":"","overlay-color":"","overlay-gradient":""}},"footnotes":""},"categories":[2871,4264,9795,1175,45120,6894,324,5774,9116],"tags":[14440,6689,12100,41573,177090,18431],"class_list":["post-83607","post","type-post","status-publish","format-standard","hentry","category-analisis-por-escalas-en-psicologia","category-asesoramiento-y-orientacion-psicologicas","category-estructura-y-dinamica-de-la-personalidad","category-evaluacion-y-diagnostico-en-psicologia","category-muerte","category-personalidad","category-psicologia","category-psicologia-geriatrica","category-psicoterapia","tag-bernardo-moreno-jimenez","tag-jose-antonio-carrobles-isabel","tag-manuel-gonzalez-baron","tag-noblejas-de-la-flor-maria-angeles","tag-paulo-kroeff","tag-pedro-morales-vallejo"],"_links":{"self":[{"href":"https:\/\/www.deberes.net\/tesis\/wp-json\/wp\/v2\/posts\/83607","targetHints":{"allow":["GET"]}}],"collection":[{"href":"https:\/\/www.deberes.net\/tesis\/wp-json\/wp\/v2\/posts"}],"about":[{"href":"https:\/\/www.deberes.net\/tesis\/wp-json\/wp\/v2\/types\/post"}],"author":[{"embeddable":true,"href":"https:\/\/www.deberes.net\/tesis\/wp-json\/wp\/v2\/users\/1"}],"replies":[{"embeddable":true,"href":"https:\/\/www.deberes.net\/tesis\/wp-json\/wp\/v2\/comments?post=83607"}],"version-history":[{"count":0,"href":"https:\/\/www.deberes.net\/tesis\/wp-json\/wp\/v2\/posts\/83607\/revisions"}],"wp:attachment":[{"href":"https:\/\/www.deberes.net\/tesis\/wp-json\/wp\/v2\/media?parent=83607"}],"wp:term":[{"taxonomy":"category","embeddable":true,"href":"https:\/\/www.deberes.net\/tesis\/wp-json\/wp\/v2\/categories?post=83607"},{"taxonomy":"post_tag","embeddable":true,"href":"https:\/\/www.deberes.net\/tesis\/wp-json\/wp\/v2\/tags?post=83607"}],"curies":[{"name":"wp","href":"https:\/\/api.w.org\/{rel}","templated":true}]}}