{"id":83613,"date":"2000-01-03T00:00:00","date_gmt":"2000-01-03T00:00:00","guid":{"rendered":"https:\/\/www.deberes.net\/tesis\/sin-categoria\/la-representacion-de-la-infancia-en-el-cinema-espanol\/"},"modified":"2000-01-03T00:00:00","modified_gmt":"2000-01-03T00:00:00","slug":"la-representacion-de-la-infancia-en-el-cinema-espanol","status":"publish","type":"post","link":"https:\/\/www.deberes.net\/tesis\/barcelona\/la-representacion-de-la-infancia-en-el-cinema-espanol\/","title":{"rendered":"La representaci\u00f3n de la infancia en el cinema espa\u00f1ol"},"content":{"rendered":"<h2>Tesis doctoral de <strong> Agusti Corominas Casals <\/strong><\/h2>\n<p>La tesis plantea la evoluci\u00f3n del sentimiento de la infancia en la sociedad espa\u00f1ola en la sociedad espa\u00f1ola a lo largo del s. Xx.  en una primera parte plantea la metodolog\u00eda de trabajo que se centra b\u00e1sicamente en c\u00f3mo analizar la representaci\u00f3n de la infancia en el cine. metodolog\u00eda que sirve tambi\u00e9n para hacer el mismo an\u00e1lisis en otros medios de comunicaci\u00f3, principalmente la tv.  en una segunda parte hace un recorrido a trav\u00e9s de 9 peri\u00f3dos, que coinciden b\u00e1sicamente en la divisi\u00f3n del cine espa\u00f1ol,analizando cual ha sido la visi\u00f3n de la infancia que el cine de cada periodo nos ofrec\u00eda.  en una tercera parte plantea las conclusiones que se centran en las diferenes aportaciones que el cine espa\u00f1ol ha hecho sobre la infancia.  como valor a\u00f1adido cabe se\u00f1alar la catalogaci\u00f3n de m\u00e1s de 200 pel\u00edculas, que con ficha y argumento se sit\u00faan en cada uno de los 9 periodos estudiados, as\u00ed como el estudio de las disposicones legales, decisiones institucionales en lo que hace referencia a las relaciones entre cine e infancia, as\u00ed como la evoluci\u00f3n de los decretos de censura.<\/p>\n<p>&nbsp;<\/p>\n<h3>Datos acad\u00e9micos de la tesis doctoral \u00ab<strong>La representaci\u00f3n de la infancia en el cinema espa\u00f1ol<\/strong>\u00ab<\/h3>\n<ul>\n<li><strong>T\u00edtulo de la tesis:<\/strong>\u00a0 La representaci\u00f3n de la infancia en el cinema espa\u00f1ol <\/li>\n<li><strong>Autor:<\/strong>\u00a0 Agusti Corominas Casals <\/li>\n<li><strong>Universidad:<\/strong>\u00a0 Barcelona<\/li>\n<li><strong>Fecha de lectura de la tesis:<\/strong>\u00a0 01\/03\/2000<\/li>\n<\/ul>\n<p>&nbsp;<\/p>\n<h3>Direcci\u00f3n y tribunal<\/h3>\n<ul>\n<li><strong>Director de la tesis<\/strong>\n<ul>\n<li>Jaime Trilla Bernet<\/li>\n<\/ul>\n<\/li>\n<li><strong>Tribunal<\/strong>\n<ul>\n<li>Presidente del tribunal: miquel Mart\u00ednez mart\u00edn <\/li>\n<li>joan Ferr\u00e9s prats (vocal)<\/li>\n<li>palmira Gonz\u00e1lez l\u00f3pez (vocal)<\/li>\n<li>antoni Tort bardolet (vocal)<\/li>\n<\/ul>\n<\/li>\n<\/ul>\n<p>&nbsp;<\/p>\n","protected":false},"excerpt":{"rendered":"<p>Tesis doctoral de Agusti Corominas Casals La tesis plantea la evoluci\u00f3n del sentimiento de la infancia en la sociedad espa\u00f1ola [&hellip;]<\/p>\n","protected":false},"author":1,"featured_media":0,"comment_status":"open","ping_status":"open","sticky":false,"template":"","format":"standard","meta":{"site-sidebar-layout":"default","site-content-layout":"","ast-site-content-layout":"","site-content-style":"default","site-sidebar-style":"default","ast-global-header-display":"","ast-banner-title-visibility":"","ast-main-header-display":"","ast-hfb-above-header-display":"","ast-hfb-below-header-display":"","ast-hfb-mobile-header-display":"","site-post-title":"","ast-breadcrumbs-content":"","ast-featured-img":"","footer-sml-layout":"","theme-transparent-header-meta":"","adv-header-id-meta":"","stick-header-meta":"","header-above-stick-meta":"","header-main-stick-meta":"","header-below-stick-meta":"","astra-migrate-meta-layouts":"default","ast-page-background-enabled":"default","ast-page-background-meta":{"desktop":{"background-color":"var(--ast-global-color-4)","background-image":"","background-repeat":"repeat","background-position":"center center","background-size":"auto","background-attachment":"scroll","background-type":"","background-media":"","overlay-type":"","overlay-color":"","overlay-gradient":""},"tablet":{"background-color":"","background-image":"","background-repeat":"repeat","background-position":"center center","background-size":"auto","background-attachment":"scroll","background-type":"","background-media":"","overlay-type":"","overlay-color":"","overlay-gradient":""},"mobile":{"background-color":"","background-image":"","background-repeat":"repeat","background-position":"center center","background-size":"auto","background-attachment":"scroll","background-type":"","background-media":"","overlay-type":"","overlay-color":"","overlay-gradient":""}},"ast-content-background-meta":{"desktop":{"background-color":"var(--ast-global-color-5)","background-image":"","background-repeat":"repeat","background-position":"center center","background-size":"auto","background-attachment":"scroll","background-type":"","background-media":"","overlay-type":"","overlay-color":"","overlay-gradient":""},"tablet":{"background-color":"var(--ast-global-color-5)","background-image":"","background-repeat":"repeat","background-position":"center center","background-size":"auto","background-attachment":"scroll","background-type":"","background-media":"","overlay-type":"","overlay-color":"","overlay-gradient":""},"mobile":{"background-color":"var(--ast-global-color-5)","background-image":"","background-repeat":"repeat","background-position":"center center","background-size":"auto","background-attachment":"scroll","background-type":"","background-media":"","overlay-type":"","overlay-color":"","overlay-gradient":""}},"footnotes":""},"categories":[951,5547,4907,1141,1341],"tags":[177098,34347,99751,63948,9443,25460],"class_list":["post-83613","post","type-post","status-publish","format-standard","hentry","category-barcelona","category-cinematografia","category-metodos-audiovisuales-en-pedagogia","category-pedagogia","category-teoria-y-metodos-educativos","tag-agusti-corominas-casals","tag-antoni-tort-bardolet","tag-jaime-trilla-bernet","tag-joan-ferres-prats","tag-miquel-Martinez-martin","tag-palmira-gonzalez-lopez"],"_links":{"self":[{"href":"https:\/\/www.deberes.net\/tesis\/wp-json\/wp\/v2\/posts\/83613","targetHints":{"allow":["GET"]}}],"collection":[{"href":"https:\/\/www.deberes.net\/tesis\/wp-json\/wp\/v2\/posts"}],"about":[{"href":"https:\/\/www.deberes.net\/tesis\/wp-json\/wp\/v2\/types\/post"}],"author":[{"embeddable":true,"href":"https:\/\/www.deberes.net\/tesis\/wp-json\/wp\/v2\/users\/1"}],"replies":[{"embeddable":true,"href":"https:\/\/www.deberes.net\/tesis\/wp-json\/wp\/v2\/comments?post=83613"}],"version-history":[{"count":0,"href":"https:\/\/www.deberes.net\/tesis\/wp-json\/wp\/v2\/posts\/83613\/revisions"}],"wp:attachment":[{"href":"https:\/\/www.deberes.net\/tesis\/wp-json\/wp\/v2\/media?parent=83613"}],"wp:term":[{"taxonomy":"category","embeddable":true,"href":"https:\/\/www.deberes.net\/tesis\/wp-json\/wp\/v2\/categories?post=83613"},{"taxonomy":"post_tag","embeddable":true,"href":"https:\/\/www.deberes.net\/tesis\/wp-json\/wp\/v2\/tags?post=83613"}],"curies":[{"name":"wp","href":"https:\/\/api.w.org\/{rel}","templated":true}]}}