{"id":83624,"date":"2000-01-03T00:00:00","date_gmt":"2000-01-03T00:00:00","guid":{"rendered":"https:\/\/www.deberes.net\/tesis\/sin-categoria\/la-genesis-de-la-ley-23-1992-de-seguridad-privada\/"},"modified":"2000-01-03T00:00:00","modified_gmt":"2000-01-03T00:00:00","slug":"la-genesis-de-la-ley-23-1992-de-seguridad-privada","status":"publish","type":"post","link":"https:\/\/www.deberes.net\/tesis\/ciencias-juridicas-y-derecho\/la-genesis-de-la-ley-23-1992-de-seguridad-privada\/","title":{"rendered":"La g\u00e9nesis de la ley 23\/1992 de seguridad privada"},"content":{"rendered":"<h2>Tesis doctoral de <strong> Andrea Gimenez-salinas Framis <\/strong><\/h2>\n<p>La tesis constituye un an\u00e1lisis sociol\u00f3gico de la ley 23\/1992 de seguridad privada. La primera parte resume las bases te\u00f3ricas sobre la seguridad privada, centr\u00e1ndose en tres puntos principalmente: conceptos y desarrollo de la seguridad privada, composici\u00f3n con la seguridad p\u00fablica y di&#8211; sobre la &#8212; privado-p\u00fablico en materia de seguridad, as\u00ed como los cambios que se est\u00e1n produciendo en el gobierno de la seguridad en los paieses occidentales.  la segunda parte es un estudio social de la ley que describe, mediante un m\u00e9todo cualitativo de investigaci\u00f3n c\u00f3mo se produjo la genesis de la ley de seguridad privada. Actores que participan en las distintas fases de elaboraci\u00f3n, intereses que representaban, recursos utilizado en el proceso legislativo en su diferentes fases: pol\u00edtica y parlamentaria.<\/p>\n<p>&nbsp;<\/p>\n<h3>Datos acad\u00e9micos de la tesis doctoral \u00ab<strong>La g\u00e9nesis de la ley 23\/1992 de seguridad privada<\/strong>\u00ab<\/h3>\n<ul>\n<li><strong>T\u00edtulo de la tesis:<\/strong>\u00a0 La g\u00e9nesis de la ley 23\/1992 de seguridad privada <\/li>\n<li><strong>Autor:<\/strong>\u00a0 Andrea Gimenez-salinas Framis <\/li>\n<li><strong>Universidad:<\/strong>\u00a0 Castilla-la mancha<\/li>\n<li><strong>Fecha de lectura de la tesis:<\/strong>\u00a0 01\/03\/2000<\/li>\n<\/ul>\n<p>&nbsp;<\/p>\n<h3>Direcci\u00f3n y tribunal<\/h3>\n<ul>\n<li><strong>Director de la tesis<\/strong>\n<ul>\n<li>Luis Alberto Arroyo Zapatero<\/li>\n<\/ul>\n<\/li>\n<li><strong>Tribunal<\/strong>\n<ul>\n<li>Presidente del tribunal: nicol\u00e1s Garc\u00eda rivas <\/li>\n<li>Juan  Mar\u00eda Terradillos basoco (vocal)<\/li>\n<li>paul Brodeur gean (vocal)<\/li>\n<li> Garc\u00eda de la cruz Juan  Jos\u00e9 (vocal)<\/li>\n<\/ul>\n<\/li>\n<\/ul>\n<p>&nbsp;<\/p>\n","protected":false},"excerpt":{"rendered":"<p>Tesis doctoral de Andrea Gimenez-salinas Framis La tesis constituye un an\u00e1lisis sociol\u00f3gico de la ley 23\/1992 de seguridad privada. La [&hellip;]<\/p>\n","protected":false},"author":1,"featured_media":0,"comment_status":"open","ping_status":"open","sticky":false,"template":"","format":"standard","meta":{"site-sidebar-layout":"default","site-content-layout":"","ast-site-content-layout":"","site-content-style":"default","site-sidebar-style":"default","ast-global-header-display":"","ast-banner-title-visibility":"","ast-main-header-display":"","ast-hfb-above-header-display":"","ast-hfb-below-header-display":"","ast-hfb-mobile-header-display":"","site-post-title":"","ast-breadcrumbs-content":"","ast-featured-img":"","footer-sml-layout":"","theme-transparent-header-meta":"","adv-header-id-meta":"","stick-header-meta":"","header-above-stick-meta":"","header-main-stick-meta":"","header-below-stick-meta":"","astra-migrate-meta-layouts":"default","ast-page-background-enabled":"default","ast-page-background-meta":{"desktop":{"background-color":"var(--ast-global-color-4)","background-image":"","background-repeat":"repeat","background-position":"center center","background-size":"auto","background-attachment":"scroll","background-type":"","background-media":"","overlay-type":"","overlay-color":"","overlay-gradient":""},"tablet":{"background-color":"","background-image":"","background-repeat":"repeat","background-position":"center center","background-size":"auto","background-attachment":"scroll","background-type":"","background-media":"","overlay-type":"","overlay-color":"","overlay-gradient":""},"mobile":{"background-color":"","background-image":"","background-repeat":"repeat","background-position":"center center","background-size":"auto","background-attachment":"scroll","background-type":"","background-media":"","overlay-type":"","overlay-color":"","overlay-gradient":""}},"ast-content-background-meta":{"desktop":{"background-color":"var(--ast-global-color-5)","background-image":"","background-repeat":"repeat","background-position":"center center","background-size":"auto","background-attachment":"scroll","background-type":"","background-media":"","overlay-type":"","overlay-color":"","overlay-gradient":""},"tablet":{"background-color":"var(--ast-global-color-5)","background-image":"","background-repeat":"repeat","background-position":"center center","background-size":"auto","background-attachment":"scroll","background-type":"","background-media":"","overlay-type":"","overlay-color":"","overlay-gradient":""},"mobile":{"background-color":"var(--ast-global-color-5)","background-image":"","background-repeat":"repeat","background-position":"center center","background-size":"auto","background-attachment":"scroll","background-type":"","background-media":"","overlay-type":"","overlay-color":"","overlay-gradient":""}},"footnotes":""},"categories":[18451,612,613,979],"tags":[177114,177116,26758,10951,9843,177115],"class_list":["post-83624","post","type-post","status-publish","format-standard","hentry","category-castilla-la-mancha","category-ciencias-juridicas-y-derecho","category-derecho-penal","category-derecho-y-legislacion-nacionales","tag-andrea-gimenez-salinas-framis","tag-garcia-de-la-cruz-juan-jose","tag-juan-maria-terradillos-basoco","tag-luis-alberto-arroyo-zapatero","tag-nicolas-garcia-rivas","tag-paul-brodeur-gean"],"_links":{"self":[{"href":"https:\/\/www.deberes.net\/tesis\/wp-json\/wp\/v2\/posts\/83624","targetHints":{"allow":["GET"]}}],"collection":[{"href":"https:\/\/www.deberes.net\/tesis\/wp-json\/wp\/v2\/posts"}],"about":[{"href":"https:\/\/www.deberes.net\/tesis\/wp-json\/wp\/v2\/types\/post"}],"author":[{"embeddable":true,"href":"https:\/\/www.deberes.net\/tesis\/wp-json\/wp\/v2\/users\/1"}],"replies":[{"embeddable":true,"href":"https:\/\/www.deberes.net\/tesis\/wp-json\/wp\/v2\/comments?post=83624"}],"version-history":[{"count":0,"href":"https:\/\/www.deberes.net\/tesis\/wp-json\/wp\/v2\/posts\/83624\/revisions"}],"wp:attachment":[{"href":"https:\/\/www.deberes.net\/tesis\/wp-json\/wp\/v2\/media?parent=83624"}],"wp:term":[{"taxonomy":"category","embeddable":true,"href":"https:\/\/www.deberes.net\/tesis\/wp-json\/wp\/v2\/categories?post=83624"},{"taxonomy":"post_tag","embeddable":true,"href":"https:\/\/www.deberes.net\/tesis\/wp-json\/wp\/v2\/tags?post=83624"}],"curies":[{"name":"wp","href":"https:\/\/api.w.org\/{rel}","templated":true}]}}