{"id":83701,"date":"2000-10-03T00:00:00","date_gmt":"2000-10-03T00:00:00","guid":{"rendered":"https:\/\/www.deberes.net\/tesis\/sin-categoria\/analisis-de-registro-de-la-danza-de-los-grupos-inda%c2%adgenas-de-la-amazonia-brasilena-en-el-h-r-a-f-desde-la-perspectiva-de-la-educacion-fa%c2%adsica\/"},"modified":"2000-10-03T00:00:00","modified_gmt":"2000-10-03T00:00:00","slug":"analisis-de-registro-de-la-danza-de-los-grupos-inda%c2%adgenas-de-la-amazonia-brasilena-en-el-h-r-a-f-desde-la-perspectiva-de-la-educacion-fa%c2%adsica","status":"publish","type":"post","link":"https:\/\/www.deberes.net\/tesis\/antropologia\/analisis-de-registro-de-la-danza-de-los-grupos-inda%c2%adgenas-de-la-amazonia-brasilena-en-el-h-r-a-f-desde-la-perspectiva-de-la-educacion-fa%c2%adsica\/","title":{"rendered":"An\u00e1lisis de registro de la danza de los grupos ind\u00edgenas de la amazonia brasile\u00f1a en el h.r.a.f. desde la perspectiva de la educaci\u00f3n f\u00edsica."},"content":{"rendered":"<h2>Tesis doctoral de <strong> Ivete De Aquino Freire Freire <\/strong><\/h2>\n<p>El trabajo trata de identificar e luz de los conocimientos de la educaci\u00f3n fisica c\u00f3mo est\u00e1 registrada la danza en el banco de datos culturales human. relation areas file. La investigaci\u00f3n ha sido desarrollada del \u00e1mbito cualitativo y utiliz\u00f3 como m\u00e9todo de an\u00e1lisis el \u00ab\u00bban\u00e1lisis del discurso. La fundamentaci\u00f3n cont\u00f3 con los diversos conceptos de danza y la organizaci\u00f3n del h.R.A.F.  los principales resultados indican que la danza en el presente archivo esta priorit\u00e1riamente dentro de las perspectivas socio cultural del movimiento humano aunque presentan algunos rasgos de los par\u00e1metros biomec\u00e1nico, del condicionamiento f\u00edsico, psicomatriz y didactico-pedagogico.<\/p>\n<p>&nbsp;<\/p>\n<h3>Datos acad\u00e9micos de la tesis doctoral \u00ab<strong>An\u00e1lisis de registro de la danza de los grupos ind\u00edgenas de la amazonia brasile\u00f1a en el h.r.a.f. desde la perspectiva de la educaci\u00f3n f\u00edsica.<\/strong>\u00ab<\/h3>\n<ul>\n<li><strong>T\u00edtulo de la tesis:<\/strong>\u00a0 An\u00e1lisis de registro de la danza de los grupos ind\u00edgenas de la amazonia brasile\u00f1a en el h.r.a.f. desde la perspectiva de la educaci\u00f3n f\u00edsica. <\/li>\n<li><strong>Autor:<\/strong>\u00a0 Ivete De Aquino Freire Freire <\/li>\n<li><strong>Universidad:<\/strong>\u00a0 Alicante<\/li>\n<li><strong>Fecha de lectura de la tesis:<\/strong>\u00a0 10\/03\/2000<\/li>\n<\/ul>\n<p>&nbsp;<\/p>\n<h3>Direcci\u00f3n y tribunal<\/h3>\n<ul>\n<li><strong>Director de la tesis<\/strong>\n<ul>\n<li>Luis Angel Acu\u00f1a Delgado<\/li>\n<\/ul>\n<\/li>\n<li><strong>Tribunal<\/strong>\n<ul>\n<li>Presidente del tribunal: M\u00aa angeles Mart\u00ednez ru\u00edz <\/li>\n<li>nicolas Martin llaudes (vocal)<\/li>\n<li>vera Isabel (vocal)<\/li>\n<li>nicolas Martin llaudes (vocal)<\/li>\n<\/ul>\n<\/li>\n<\/ul>\n<p>&nbsp;<\/p>\n","protected":false},"excerpt":{"rendered":"<p>Tesis doctoral de Ivete De Aquino Freire Freire El trabajo trata de identificar e luz de los conocimientos de la [&hellip;]<\/p>\n","protected":false},"author":1,"featured_media":0,"comment_status":"open","ping_status":"open","sticky":false,"template":"","format":"standard","meta":{"site-sidebar-layout":"default","site-content-layout":"","ast-site-content-layout":"","site-content-style":"default","site-sidebar-style":"default","ast-global-header-display":"","ast-banner-title-visibility":"","ast-main-header-display":"","ast-hfb-above-header-display":"","ast-hfb-below-header-display":"","ast-hfb-mobile-header-display":"","site-post-title":"","ast-breadcrumbs-content":"","ast-featured-img":"","footer-sml-layout":"","theme-transparent-header-meta":"","adv-header-id-meta":"","stick-header-meta":"","header-above-stick-meta":"","header-main-stick-meta":"","header-below-stick-meta":"","astra-migrate-meta-layouts":"default","ast-page-background-enabled":"default","ast-page-background-meta":{"desktop":{"background-color":"var(--ast-global-color-4)","background-image":"","background-repeat":"repeat","background-position":"center center","background-size":"auto","background-attachment":"scroll","background-type":"","background-media":"","overlay-type":"","overlay-color":"","overlay-gradient":""},"tablet":{"background-color":"","background-image":"","background-repeat":"repeat","background-position":"center center","background-size":"auto","background-attachment":"scroll","background-type":"","background-media":"","overlay-type":"","overlay-color":"","overlay-gradient":""},"mobile":{"background-color":"","background-image":"","background-repeat":"repeat","background-position":"center center","background-size":"auto","background-attachment":"scroll","background-type":"","background-media":"","overlay-type":"","overlay-color":"","overlay-gradient":""}},"ast-content-background-meta":{"desktop":{"background-color":"var(--ast-global-color-5)","background-image":"","background-repeat":"repeat","background-position":"center center","background-size":"auto","background-attachment":"scroll","background-type":"","background-media":"","overlay-type":"","overlay-color":"","overlay-gradient":""},"tablet":{"background-color":"var(--ast-global-color-5)","background-image":"","background-repeat":"repeat","background-position":"center center","background-size":"auto","background-attachment":"scroll","background-type":"","background-media":"","overlay-type":"","overlay-color":"","overlay-gradient":""},"mobile":{"background-color":"var(--ast-global-color-5)","background-image":"","background-repeat":"repeat","background-position":"center center","background-size":"auto","background-attachment":"scroll","background-type":"","background-media":"","overlay-type":"","overlay-color":"","overlay-gradient":""}},"footnotes":""},"categories":[19166,681,983,4592],"tags":[177248,35546,48784,22447,177249],"class_list":["post-83701","post","type-post","status-publish","format-standard","hentry","category-alicante","category-antropologia","category-antropologia-cultural","category-danzas-y-fiestas","tag-ivete-de-aquino-freire-freire","tag-luis-angel-acuna-delgado","tag-ma-angeles-Martinez-ruiz","tag-nicolas-martin-llaudes","tag-vera-isabel"],"_links":{"self":[{"href":"https:\/\/www.deberes.net\/tesis\/wp-json\/wp\/v2\/posts\/83701","targetHints":{"allow":["GET"]}}],"collection":[{"href":"https:\/\/www.deberes.net\/tesis\/wp-json\/wp\/v2\/posts"}],"about":[{"href":"https:\/\/www.deberes.net\/tesis\/wp-json\/wp\/v2\/types\/post"}],"author":[{"embeddable":true,"href":"https:\/\/www.deberes.net\/tesis\/wp-json\/wp\/v2\/users\/1"}],"replies":[{"embeddable":true,"href":"https:\/\/www.deberes.net\/tesis\/wp-json\/wp\/v2\/comments?post=83701"}],"version-history":[{"count":0,"href":"https:\/\/www.deberes.net\/tesis\/wp-json\/wp\/v2\/posts\/83701\/revisions"}],"wp:attachment":[{"href":"https:\/\/www.deberes.net\/tesis\/wp-json\/wp\/v2\/media?parent=83701"}],"wp:term":[{"taxonomy":"category","embeddable":true,"href":"https:\/\/www.deberes.net\/tesis\/wp-json\/wp\/v2\/categories?post=83701"},{"taxonomy":"post_tag","embeddable":true,"href":"https:\/\/www.deberes.net\/tesis\/wp-json\/wp\/v2\/tags?post=83701"}],"curies":[{"name":"wp","href":"https:\/\/api.w.org\/{rel}","templated":true}]}}