{"id":83735,"date":"2000-10-03T00:00:00","date_gmt":"2000-10-03T00:00:00","guid":{"rendered":"https:\/\/www.deberes.net\/tesis\/sin-categoria\/el-analisis-documental-de-la-fotografia-de-prensa-en-entornos-automatizados\/"},"modified":"2000-10-03T00:00:00","modified_gmt":"2000-10-03T00:00:00","slug":"el-analisis-documental-de-la-fotografia-de-prensa-en-entornos-automatizados","status":"publish","type":"post","link":"https:\/\/www.deberes.net\/tesis\/linguistica\/el-analisis-documental-de-la-fotografia-de-prensa-en-entornos-automatizados\/","title":{"rendered":"El analisis documental de la fotografia de prensa en entornos automatizados"},"content":{"rendered":"<h2>Tesis doctoral de <strong> Jes\u00fas Robledano Arillo <\/strong><\/h2>\n<p>Se investiga el proceso de analisis documental de las fotografias almacenadas en los fondos documentales de aquellas instituciones de car\u00e1cter periodistico que usan im\u00e1genes fotograficas para la elaboraci\u00f3n de sus productos de informaci\u00f3n. Se analiza la sistematizaci\u00f3n de los procesos documentales con objeto de posibilitar la recuperaci\u00f3n eficiente y eficaz de las im\u00e1genes que demandan los profesionales.  se inicia el trabajo con una introducci\u00f3n teorica. Se indaga, a continuaci\u00f3n, acerca de la naturaleza fisica e informativa del documento, se define entorno funcional, legal, institucional y etico del archivo fotogr\u00e1fico de prensa. se abordan las tecnicas de recuperaci\u00f3n sobre herramientas inform\u00e1ticas aplicables a la imagen fotogr\u00e1fica. Finalmente, se propone un modelo teorico de analisis y recuperaci\u00f3n ic\u00f3nico basado en un sistema de representaci\u00f3n formatizado de contenido inspirado en tecnicas de representaci\u00f3n del conocimiento empleadas en el campo de la inteligencia artificial.<\/p>\n<p>&nbsp;<\/p>\n<h3>Datos acad\u00e9micos de la tesis doctoral \u00ab<strong>El analisis documental de la fotografia de prensa en entornos automatizados<\/strong>\u00ab<\/h3>\n<ul>\n<li><strong>T\u00edtulo de la tesis:<\/strong>\u00a0 El analisis documental de la fotografia de prensa en entornos automatizados <\/li>\n<li><strong>Autor:<\/strong>\u00a0 Jes\u00fas Robledano Arillo <\/li>\n<li><strong>Universidad:<\/strong>\u00a0 Carlos III de Madrid<\/li>\n<li><strong>Fecha de lectura de la tesis:<\/strong>\u00a0 10\/03\/2000<\/li>\n<\/ul>\n<p>&nbsp;<\/p>\n<h3>Direcci\u00f3n y tribunal<\/h3>\n<ul>\n<li><strong>Director de la tesis<\/strong>\n<ul>\n<li>Antonio Hernandez Perez<\/li>\n<\/ul>\n<\/li>\n<li><strong>Tribunal<\/strong>\n<ul>\n<li>Presidente del tribunal: mercedes Caridad sebastian <\/li>\n<li>f\u00e9lix Del valle gastaminza (vocal)<\/li>\n<li>eulalia Fuentes pujol (vocal)<\/li>\n<li> Sanchez vigil Juan  m. (vocal)<\/li>\n<\/ul>\n<\/li>\n<\/ul>\n<p>&nbsp;<\/p>\n","protected":false},"excerpt":{"rendered":"<p>Tesis doctoral de Jes\u00fas Robledano Arillo Se investiga el proceso de analisis documental de las fotografias almacenadas en los fondos [&hellip;]<\/p>\n","protected":false},"author":1,"featured_media":0,"comment_status":"open","ping_status":"open","sticky":false,"template":"","format":"standard","meta":{"site-sidebar-layout":"default","site-content-layout":"","ast-site-content-layout":"","site-content-style":"default","site-sidebar-style":"default","ast-global-header-display":"","ast-banner-title-visibility":"","ast-main-header-display":"","ast-hfb-above-header-display":"","ast-hfb-below-header-display":"","ast-hfb-mobile-header-display":"","site-post-title":"","ast-breadcrumbs-content":"","ast-featured-img":"","footer-sml-layout":"","theme-transparent-header-meta":"","adv-header-id-meta":"","stick-header-meta":"","header-above-stick-meta":"","header-main-stick-meta":"","header-below-stick-meta":"","astra-migrate-meta-layouts":"default","ast-page-background-enabled":"default","ast-page-background-meta":{"desktop":{"background-color":"var(--ast-global-color-4)","background-image":"","background-repeat":"repeat","background-position":"center center","background-size":"auto","background-attachment":"scroll","background-type":"","background-media":"","overlay-type":"","overlay-color":"","overlay-gradient":""},"tablet":{"background-color":"","background-image":"","background-repeat":"repeat","background-position":"center center","background-size":"auto","background-attachment":"scroll","background-type":"","background-media":"","overlay-type":"","overlay-color":"","overlay-gradient":""},"mobile":{"background-color":"","background-image":"","background-repeat":"repeat","background-position":"center center","background-size":"auto","background-attachment":"scroll","background-type":"","background-media":"","overlay-type":"","overlay-color":"","overlay-gradient":""}},"ast-content-background-meta":{"desktop":{"background-color":"var(--ast-global-color-5)","background-image":"","background-repeat":"repeat","background-position":"center center","background-size":"auto","background-attachment":"scroll","background-type":"","background-media":"","overlay-type":"","overlay-color":"","overlay-gradient":""},"tablet":{"background-color":"var(--ast-global-color-5)","background-image":"","background-repeat":"repeat","background-position":"center center","background-size":"auto","background-attachment":"scroll","background-type":"","background-media":"","overlay-type":"","overlay-color":"","overlay-gradient":""},"mobile":{"background-color":"var(--ast-global-color-5)","background-image":"","background-repeat":"repeat","background-position":"center center","background-size":"auto","background-attachment":"scroll","background-type":"","background-media":"","overlay-type":"","overlay-color":"","overlay-gradient":""}},"footnotes":""},"categories":[18550,147,952,5270,328,59,60,1111],"tags":[5356,7186,43948,177297,6939,177298],"class_list":["post-83735","post","type-post","status-publish","format-standard","hentry","category-carlos-iii-de-madrid","category-ciencias-de-las-artes-y-las-letras","category-documentacion-automatizada","category-fotografia","category-lenguajes-documentales","category-linguistica","category-linguistica-aplicada","category-teoria-analisis-y-critica-de-las-bellas-artes","tag-antonio-hernandez-perez","tag-eulalia-fuentes-pujol","tag-felix-del-valle-gastaminza","tag-jesus-robledano-arillo","tag-mercedes-caridad-sebastian","tag-sanchez-vigil-juan-m"],"_links":{"self":[{"href":"https:\/\/www.deberes.net\/tesis\/wp-json\/wp\/v2\/posts\/83735","targetHints":{"allow":["GET"]}}],"collection":[{"href":"https:\/\/www.deberes.net\/tesis\/wp-json\/wp\/v2\/posts"}],"about":[{"href":"https:\/\/www.deberes.net\/tesis\/wp-json\/wp\/v2\/types\/post"}],"author":[{"embeddable":true,"href":"https:\/\/www.deberes.net\/tesis\/wp-json\/wp\/v2\/users\/1"}],"replies":[{"embeddable":true,"href":"https:\/\/www.deberes.net\/tesis\/wp-json\/wp\/v2\/comments?post=83735"}],"version-history":[{"count":0,"href":"https:\/\/www.deberes.net\/tesis\/wp-json\/wp\/v2\/posts\/83735\/revisions"}],"wp:attachment":[{"href":"https:\/\/www.deberes.net\/tesis\/wp-json\/wp\/v2\/media?parent=83735"}],"wp:term":[{"taxonomy":"category","embeddable":true,"href":"https:\/\/www.deberes.net\/tesis\/wp-json\/wp\/v2\/categories?post=83735"},{"taxonomy":"post_tag","embeddable":true,"href":"https:\/\/www.deberes.net\/tesis\/wp-json\/wp\/v2\/tags?post=83735"}],"curies":[{"name":"wp","href":"https:\/\/api.w.org\/{rel}","templated":true}]}}