{"id":83753,"date":"2018-03-10T00:07:55","date_gmt":"2018-03-10T00:07:55","guid":{"rendered":"https:\/\/www.deberes.net\/tesis\/sin-categoria\/el-espacio-social-de-la-exclusion-el-caso-de-navarra\/"},"modified":"2018-03-10T00:07:55","modified_gmt":"2018-03-10T00:07:55","slug":"el-espacio-social-de-la-exclusion-el-caso-de-navarra","status":"publish","type":"post","link":"https:\/\/www.deberes.net\/tesis\/sociologia\/el-espacio-social-de-la-exclusion-el-caso-de-navarra\/","title":{"rendered":"El espacio social de la exclusion. el caso de navarra"},"content":{"rendered":"<h2>Tesis doctoral de <strong> Miguel Laparra Navarro <\/strong><\/h2>\n<p>La tesis parte de un desarrollo te\u00f3rico de exclusi\u00f3n social, geografica e historicamente delimitado a las sociedades industriales avanzadas, como producto de la articulaci\u00f3n entre la l\u00f3gica del capitalismo que introduce la mercantilizaci\u00f3n del trabajo humano y la l\u00f3gica de la democracia que va desarrollando el concepto de ciudadan\u00eda. Identifica los procesos de exclusi\u00f3n en sus aspectos politicos, economicos y sociales.  presenta una metodolog\u00eda innovadora que utiliza como fuente la informaci\u00f3n generada en los dispositivos asistenciales, integr\u00e1ndola y desarrollando un m\u00e9todo (por encuesta) de analisis y delimitaci\u00f3n del espacio social de la exclusi\u00f3n y de los procesos que lo configuran, e incorporando novedosos instrumentos de medida sitematica (sistema de indicadores e indices).  en el contexto del modelo espa\u00f1ol de alta pecariedad integrada y de baja exclusi\u00f3n social, en el que los procesos de integraci\u00f3n tienen unas bases preferentemente societarias (m\u00e1s que politicas o economicas), fruto de un peculiar estado de bienestar tard\u00edo e incompleto, y donde la exclusi\u00f3n social se presenta con rasgos marcadamente prefordistas, se demuestra, a partir del analisis del caso de navarra(caracterizado con un potencial integrador relativamente alto en el contexto estatal), la configuraci\u00f3n de un espacio social de la exclusi\u00f3n con un nivel de fractura intenso respecto del resto de la sociedad(incluidos tambien los sectores afectados por procesos de precariedad laboral y social, m\u00e1s cercanos a los grupos plenamente integrados), un espacio que aporta su actividad y una funcionalidad positiva al conjunto de la sociedad, en el que los procesos de dependencia y cronificaci\u00f3n institucional son limitados, con un escaso potencial conflictivo, inocuo socialmente y parcialmente auto-destructivo, con una tendencia al estancamiento y a la concentraci\u00f3n espacial.  precisamente por este escaso coste que supone la exclusi\u00f3n social para e<\/p>\n<p>&nbsp;<\/p>\n<h3>Datos acad\u00e9micos de la tesis doctoral \u00ab<strong>El espacio social de la exclusion. el caso de navarra<\/strong>\u00ab<\/h3>\n<ul>\n<li><strong>T\u00edtulo de la tesis:<\/strong>\u00a0 El espacio social de la exclusion. el caso de navarra <\/li>\n<li><strong>Autor:<\/strong>\u00a0 Miguel Laparra Navarro <\/li>\n<li><strong>Universidad:<\/strong>\u00a0 Nacional de educaci\u00f3n a distancia<\/li>\n<li><strong>Fecha de lectura de la tesis:<\/strong>\u00a0 13\/03\/2000<\/li>\n<\/ul>\n<p>&nbsp;<\/p>\n<h3>Direcci\u00f3n y tribunal<\/h3>\n<ul>\n<li><strong>Director de la tesis<\/strong>\n<ul>\n<li>Gregorio Rodriguez Cabrero<\/li>\n<\/ul>\n<\/li>\n<li><strong>Tribunal<\/strong>\n<ul>\n<li>Presidente del tribunal: Jos\u00e9 f\u00e9lix Tezanos tortajada <\/li>\n<li>Manuel Perez yruela (vocal)<\/li>\n<li>julio Caraba\u00f1a morales (vocal)<\/li>\n<li>Antonio Garcia lizana (vocal)<\/li>\n<\/ul>\n<\/li>\n<\/ul>\n<p>&nbsp;<\/p>\n","protected":false},"excerpt":{"rendered":"<p>Tesis doctoral de Miguel Laparra Navarro La tesis parte de un desarrollo te\u00f3rico de exclusi\u00f3n social, geografica e historicamente delimitado [&hellip;]<\/p>\n","protected":false},"author":1,"featured_media":0,"comment_status":"open","ping_status":"open","sticky":false,"template":"","format":"standard","meta":{"site-sidebar-layout":"default","site-content-layout":"","ast-site-content-layout":"","site-content-style":"default","site-sidebar-style":"default","ast-global-header-display":"","ast-banner-title-visibility":"","ast-main-header-display":"","ast-hfb-above-header-display":"","ast-hfb-below-header-display":"","ast-hfb-mobile-header-display":"","site-post-title":"","ast-breadcrumbs-content":"","ast-featured-img":"","footer-sml-layout":"","theme-transparent-header-meta":"","adv-header-id-meta":"","stick-header-meta":"","header-above-stick-meta":"","header-main-stick-meta":"","header-below-stick-meta":"","astra-migrate-meta-layouts":"default","ast-page-background-enabled":"default","ast-page-background-meta":{"desktop":{"background-color":"var(--ast-global-color-4)","background-image":"","background-repeat":"repeat","background-position":"center center","background-size":"auto","background-attachment":"scroll","background-type":"","background-media":"","overlay-type":"","overlay-color":"","overlay-gradient":""},"tablet":{"background-color":"","background-image":"","background-repeat":"repeat","background-position":"center center","background-size":"auto","background-attachment":"scroll","background-type":"","background-media":"","overlay-type":"","overlay-color":"","overlay-gradient":""},"mobile":{"background-color":"","background-image":"","background-repeat":"repeat","background-position":"center center","background-size":"auto","background-attachment":"scroll","background-type":"","background-media":"","overlay-type":"","overlay-color":"","overlay-gradient":""}},"ast-content-background-meta":{"desktop":{"background-color":"var(--ast-global-color-5)","background-image":"","background-repeat":"repeat","background-position":"center center","background-size":"auto","background-attachment":"scroll","background-type":"","background-media":"","overlay-type":"","overlay-color":"","overlay-gradient":""},"tablet":{"background-color":"var(--ast-global-color-5)","background-image":"","background-repeat":"repeat","background-position":"center center","background-size":"auto","background-attachment":"scroll","background-type":"","background-media":"","overlay-type":"","overlay-color":"","overlay-gradient":""},"mobile":{"background-color":"var(--ast-global-color-5)","background-image":"","background-repeat":"repeat","background-position":"center center","background-size":"auto","background-attachment":"scroll","background-type":"","background-media":"","overlay-type":"","overlay-color":"","overlay-gradient":""}},"footnotes":""},"categories":[6217,14186,6713,291,17070,23714,269],"tags":[24760,23004,5255,7691,7693,46149],"class_list":["post-83753","post","type-post","status-publish","format-standard","hentry","category-cambio-y-desarrollo-social","category-clases-sociales","category-desarrollo-socioeconomico","category-grupos-sociales","category-nacional-de-educacion-a-distancia","category-servicios-sociales","category-sociologia","tag-antonio-garcia-lizana","tag-gregorio-rodriguez-cabrero","tag-jose-felix-tezanos-tortajada","tag-julio-carabana-morales","tag-manuel-perez-yruela","tag-miguel-laparra-navarro"],"_links":{"self":[{"href":"https:\/\/www.deberes.net\/tesis\/wp-json\/wp\/v2\/posts\/83753","targetHints":{"allow":["GET"]}}],"collection":[{"href":"https:\/\/www.deberes.net\/tesis\/wp-json\/wp\/v2\/posts"}],"about":[{"href":"https:\/\/www.deberes.net\/tesis\/wp-json\/wp\/v2\/types\/post"}],"author":[{"embeddable":true,"href":"https:\/\/www.deberes.net\/tesis\/wp-json\/wp\/v2\/users\/1"}],"replies":[{"embeddable":true,"href":"https:\/\/www.deberes.net\/tesis\/wp-json\/wp\/v2\/comments?post=83753"}],"version-history":[{"count":0,"href":"https:\/\/www.deberes.net\/tesis\/wp-json\/wp\/v2\/posts\/83753\/revisions"}],"wp:attachment":[{"href":"https:\/\/www.deberes.net\/tesis\/wp-json\/wp\/v2\/media?parent=83753"}],"wp:term":[{"taxonomy":"category","embeddable":true,"href":"https:\/\/www.deberes.net\/tesis\/wp-json\/wp\/v2\/categories?post=83753"},{"taxonomy":"post_tag","embeddable":true,"href":"https:\/\/www.deberes.net\/tesis\/wp-json\/wp\/v2\/tags?post=83753"}],"curies":[{"name":"wp","href":"https:\/\/api.w.org\/{rel}","templated":true}]}}