{"id":83763,"date":"2018-03-10T00:07:55","date_gmt":"2018-03-10T00:07:55","guid":{"rendered":"https:\/\/www.deberes.net\/tesis\/sin-categoria\/evaluacion-de-un-programa-de-intervencion-basado-en-la-musica-movimiento-como-optimizador-del-aprendizaje-en-la-educacion-primaria\/"},"modified":"2018-03-10T00:07:55","modified_gmt":"2018-03-10T00:07:55","slug":"evaluacion-de-un-programa-de-intervencion-basado-en-la-musica-movimiento-como-optimizador-del-aprendizaje-en-la-educacion-primaria","status":"publish","type":"post","link":"https:\/\/www.deberes.net\/tesis\/ciencias-de-las-artes-y-las-letras\/evaluacion-de-un-programa-de-intervencion-basado-en-la-musica-movimiento-como-optimizador-del-aprendizaje-en-la-educacion-primaria\/","title":{"rendered":"\u00abevaluaci\u00f3n de un programa de intervenci\u00f3n basado en la musica-movimiento como optimizador del aprendizaje en la educacion primaria\u00bb"},"content":{"rendered":"<h2>Tesis doctoral de <strong> Mar\u00eda  Angeles Beremell Corral <\/strong><\/h2>\n<p>La aplicaci\u00f3n de la musica\/movimiento es una de las nuevas ciencias que ha alcanzado un desarrollo teorico-pr\u00e1ctico en el campo de la psicolog\u00eda educativa, medicina, neuropsicolog\u00eda y terapias. Nuestro trabajo se centra en la psicolog\u00eda educativa por que analiza y efectua la conexi\u00f3n entre el profesor y el alumno, la investigacion y acci\u00f3n en el aula, siendo su estudio y desarrollo nuestro objetivo y que pretendemos justificar con:  1\u00c2\u00ba la necesidad de dar a conocer el aprendizaje de la musica y movimiento por medio de sus did\u00e1cticas, evaluando en la pr\u00e1ctica las propuestas a conseguir.  2\u00c2\u00ba que el profesor pueda desarrollar modelos institucionales eficientes en las aulas con la musica\/movimiento, definiendo su campo de validez y los limites de aplicaci\u00f3n (capitulo i-ii).  3\u00c2\u00ba indagar cientificamente las teorias sobre el aprendizaje y contrastarlo con el aprendizaje de la musica-movimiento(cap iii-iv) debido a que la delimitaci\u00f3n de variables intitucionales tienen mayor aplicabilidad y repercusi\u00f3n en la comprensi\u00f3n, motivaci\u00f3n y recuerdo.  partimos de la psicolog\u00eda instruccional, que intenta,notificar el desarrollo de los procesos cognitivos y las estructuras que caracterizan al estudiante en dominios especificos y estrategias activas, desarrollan un programa de intervencion para el profesorado de primaria y otro, para el alumnado. dicho programa pimm atiende la ejecuci\u00f3n de procedimiento cognitivos y conductuales, afectando una progresion optimizada de tareas conductuales, es decir, tareas sensoriales, de forma que su ejecucion ha incrementado significativamente la atenci\u00f3n y la autoestima.<\/p>\n<p>&nbsp;<\/p>\n<h3>Datos acad\u00e9micos de la tesis doctoral \u00ab<strong>\u00abevaluaci\u00f3n de un programa de intervenci\u00f3n basado en la musica-movimiento como optimizador del aprendizaje en la educacion primaria\u00bb<\/strong>\u00ab<\/h3>\n<ul>\n<li><strong>T\u00edtulo de la tesis:<\/strong>\u00a0 \u00abevaluaci\u00f3n de un programa de intervenci\u00f3n basado en la musica-movimiento como optimizador del aprendizaje en la educacion primaria\u00bb <\/li>\n<li><strong>Autor:<\/strong>\u00a0 Mar\u00eda  Angeles Beremell Corral <\/li>\n<li><strong>Universidad:<\/strong>\u00a0 Universitat de val\u00e9ncia (estudi general)<\/li>\n<li><strong>Fecha de lectura de la tesis:<\/strong>\u00a0 14\/03\/2000<\/li>\n<\/ul>\n<p>&nbsp;<\/p>\n<h3>Direcci\u00f3n y tribunal<\/h3>\n<ul>\n<li><strong>Director de la tesis<\/strong>\n<ul>\n<li>Angel Latorre Latorre<\/li>\n<\/ul>\n<\/li>\n<li><strong>Tribunal<\/strong>\n<ul>\n<li>Presidente del tribunal: emilia Serra desfilis <\/li>\n<li>armando Vega fuente (vocal)<\/li>\n<li>ignacio Javier Alfaro rocher (vocal)<\/li>\n<li>florentino Bl\u00e1zquez entonado (vocal)<\/li>\n<\/ul>\n<\/li>\n<\/ul>\n<p>&nbsp;<\/p>\n","protected":false},"excerpt":{"rendered":"<p>Tesis doctoral de Mar\u00eda Angeles Beremell Corral La aplicaci\u00f3n de la musica\/movimiento es una de las nuevas ciencias que ha [&hellip;]<\/p>\n","protected":false},"author":1,"featured_media":0,"comment_status":"open","ping_status":"open","sticky":false,"template":"","format":"standard","meta":{"site-sidebar-layout":"default","site-content-layout":"","ast-site-content-layout":"","site-content-style":"default","site-sidebar-style":"default","ast-global-header-display":"","ast-banner-title-visibility":"","ast-main-header-display":"","ast-hfb-above-header-display":"","ast-hfb-below-header-display":"","ast-hfb-mobile-header-display":"","site-post-title":"","ast-breadcrumbs-content":"","ast-featured-img":"","footer-sml-layout":"","theme-transparent-header-meta":"","adv-header-id-meta":"","stick-header-meta":"","header-above-stick-meta":"","header-main-stick-meta":"","header-below-stick-meta":"","astra-migrate-meta-layouts":"default","ast-page-background-enabled":"default","ast-page-background-meta":{"desktop":{"background-color":"var(--ast-global-color-4)","background-image":"","background-repeat":"repeat","background-position":"center center","background-size":"auto","background-attachment":"scroll","background-type":"","background-media":"","overlay-type":"","overlay-color":"","overlay-gradient":""},"tablet":{"background-color":"","background-image":"","background-repeat":"repeat","background-position":"center center","background-size":"auto","background-attachment":"scroll","background-type":"","background-media":"","overlay-type":"","overlay-color":"","overlay-gradient":""},"mobile":{"background-color":"","background-image":"","background-repeat":"repeat","background-position":"center center","background-size":"auto","background-attachment":"scroll","background-type":"","background-media":"","overlay-type":"","overlay-color":"","overlay-gradient":""}},"ast-content-background-meta":{"desktop":{"background-color":"var(--ast-global-color-5)","background-image":"","background-repeat":"repeat","background-position":"center center","background-size":"auto","background-attachment":"scroll","background-type":"","background-media":"","overlay-type":"","overlay-color":"","overlay-gradient":""},"tablet":{"background-color":"var(--ast-global-color-5)","background-image":"","background-repeat":"repeat","background-position":"center center","background-size":"auto","background-attachment":"scroll","background-type":"","background-media":"","overlay-type":"","overlay-color":"","overlay-gradient":""},"mobile":{"background-color":"var(--ast-global-color-5)","background-image":"","background-repeat":"repeat","background-position":"center center","background-size":"auto","background-attachment":"scroll","background-type":"","background-media":"","overlay-type":"","overlay-color":"","overlay-gradient":""}},"footnotes":""},"categories":[147,9132,324,970,2758,1111],"tags":[27288,164981,12196,33402,11435,177346],"class_list":["post-83763","post","type-post","status-publish","format-standard","hentry","category-ciencias-de-las-artes-y-las-letras","category-musica-y-musicologia","category-psicologia","category-psicologia-del-nino-y-del-adolescente","category-psicologia-evolutiva","category-teoria-analisis-y-critica-de-las-bellas-artes","tag-angel-latorre-latorre","tag-armando-vega-fuente","tag-emilia-serra-desfilis","tag-florentino-blazquez-entonado","tag-ignacio-javier-alfaro-rocher","tag-maria-angeles-beremell-corral"],"_links":{"self":[{"href":"https:\/\/www.deberes.net\/tesis\/wp-json\/wp\/v2\/posts\/83763","targetHints":{"allow":["GET"]}}],"collection":[{"href":"https:\/\/www.deberes.net\/tesis\/wp-json\/wp\/v2\/posts"}],"about":[{"href":"https:\/\/www.deberes.net\/tesis\/wp-json\/wp\/v2\/types\/post"}],"author":[{"embeddable":true,"href":"https:\/\/www.deberes.net\/tesis\/wp-json\/wp\/v2\/users\/1"}],"replies":[{"embeddable":true,"href":"https:\/\/www.deberes.net\/tesis\/wp-json\/wp\/v2\/comments?post=83763"}],"version-history":[{"count":0,"href":"https:\/\/www.deberes.net\/tesis\/wp-json\/wp\/v2\/posts\/83763\/revisions"}],"wp:attachment":[{"href":"https:\/\/www.deberes.net\/tesis\/wp-json\/wp\/v2\/media?parent=83763"}],"wp:term":[{"taxonomy":"category","embeddable":true,"href":"https:\/\/www.deberes.net\/tesis\/wp-json\/wp\/v2\/categories?post=83763"},{"taxonomy":"post_tag","embeddable":true,"href":"https:\/\/www.deberes.net\/tesis\/wp-json\/wp\/v2\/tags?post=83763"}],"curies":[{"name":"wp","href":"https:\/\/api.w.org\/{rel}","templated":true}]}}